{"id":13250,"date":"2025-12-07T14:11:21","date_gmt":"2025-12-07T11:11:21","guid":{"rendered":"https:\/\/pierrecardinyatak.com.tr\/?p=13250"},"modified":"2026-02-12T11:18:49","modified_gmt":"2026-02-12T08:18:49","slug":"uyku-bilimini-yeniden-yazan-yatak-odasi-deneyimi","status":"publish","type":"post","link":"https:\/\/pierrecardinyatak.com.tr\/uk\/uyku-bilimini-yeniden-yazan-yatak-odasi-deneyimi\/","title":{"rendered":"Uyku Bilimini Yeniden Yazan Yatak Odas\u0131 Deneyimi"},"content":{"rendered":"<p>Her g\u00fcne g\u00fczel bir ba\u015flang\u0131\u00e7 yapmak, kaliteli bir uykuyla m\u00fcmk\u00fcn. Bu nedenle, yatak se\u00e7imi sadece bir al\u0131\u015fveri\u015f de\u011fil, ayn\u0131 zamanda ya\u015fam kalitesine yap\u0131lan bir yat\u0131r\u0131m. \u0130\u015fte bu noktada, Pierre Cardin yataklar\u0131, ileri teknolojisi ve zamans\u0131z tasar\u0131m\u0131yla devreye giriyor ve hem sa\u011fl\u0131kl\u0131 hem de l\u00fcks bir uyku deneyimi sunuyor.<\/p>\n<p>Koleksiyonun merkezinde yer alan ortopedik modeller, omurgay\u0131 do\u011fru bir \u015fekilde destekleyen \u00f6zel katmanlar\u0131 sayesinde uyurken bile v\u00fccut a\u011f\u0131rl\u0131\u011f\u0131n\u0131 dengeliyor. \u00d6zellikle ortopedik yataklar, uzun saatler masa ba\u015f\u0131nda \u00e7al\u0131\u015fan ya da s\u0131rt a\u011fr\u0131s\u0131 \u00e7ekenler i\u00e7in s\u0131k\u00e7a tercih ediliyor. Daha yumu\u015fak bir y\u00fczey arayanlar, memory foam yataklarla visco-bas\u0131n\u00e7 dengeleyici teknolojiden faydalan\u0131rken, do\u011fal malzemeler isteyenler i\u00e7in lateks yatak se\u00e7enekleri mevcut. Yorumlarda dikkat \u00e7eken bir di\u011fer model grubu ise hem yay hem de visco destekli hibrid yataklar.<\/p>\n<p>Yatakla birlikte odan\u0131n genel atmosferini tamamlayan par\u00e7alar da olduk\u00e7a \u00f6nemli. Pierre Cardin baza se\u00e7enekleri, geni\u015f i\u00e7 hacimleri ve sa\u011flam mekanizmalar\u0131yla ev d\u00fczenine katk\u0131da bulunurken, tasar\u0131m b\u00fct\u00fcnl\u00fc\u011f\u00fcn\u00fc sa\u011flayan Pierre Cardin ba\u015fl\u0131k modelleri yatak odas\u0131na zarif bir dokunu\u015f kat\u0131yor. \u00dc\u00e7l\u00fc kombin isteyenler i\u00e7in haz\u0131rlanan yatak baza ba\u015fl\u0131k seti, hem uyumlu g\u00f6r\u00fcn\u00fcm\u00fc hem de ekonomik avantajlar\u0131yla s\u0131k\u00e7a tercih ediliyor.<\/p>\n<p>Yatak odas\u0131 dekorasyonunda \u00f6nemli bir rol oynayan tamamlay\u0131c\u0131 mobilyalardan biri de bazal\u0131 modellerdir. Depolama alan\u0131 ihtiyac\u0131n\u0131 kar\u015f\u0131lamas\u0131yla dikkat \u00e7eken bazal\u0131 karyola modelleri, minimal ya\u015fam tarz\u0131n\u0131 benimseyenler i\u00e7in m\u00fckemmel bir se\u00e7enek. Sade ve modern \u00e7izgileri tercih edenler, minimalist bir yatak odas\u0131 konsepti olu\u015fturmay\u0131 hedefliyor. K\u00fc\u00e7\u00fck alanlarda ya\u015fayanlar i\u00e7in ise ak\u0131ll\u0131 depolama sistemleri ve fonksiyonel mobilyalarla sunulan k\u00fc\u00e7\u00fck yatak odas\u0131 \u00e7\u00f6z\u00fcmleri b\u00fcy\u00fck bir fark yarat\u0131yor.<\/p>\n<p>Pierre Cardin, geni\u015f bir \u00fcr\u00fcn yelpazesi sunarak sadece yeti\u015fkinler i\u00e7in de\u011fil, \u00e7ocuklar i\u00e7in de \u00f6zel \u00e7\u00f6z\u00fcmler sa\u011fl\u0131yor. Tek ki\u015filik bebek yataklar\u0131 ve ergonomik bebek yataklar\u0131, nefes alabilen malzemeleri ve g\u00fcvenli yap\u0131lar\u0131yla ebeveynlerin g\u00f6zdesi haline geliyor.<\/p>\n<p>Yatak se\u00e7erken fiyat-performans dengesine \u00f6nem verenler i\u00e7in \u00e7ift ki\u015filik yatak fiyatlar\u0131 \u00f6nemli bir kriter haline gelirken, odas\u0131n\u0131 yenilemek isteyenler yatak odas\u0131 tak\u0131m\u0131 fiyatlar\u0131 ve trendlerini de s\u0131k\u00e7a ara\u015ft\u0131r\u0131yor. Modern \u00e7izgileri sevenler i\u00e7in modern yatak odas\u0131 modelleri, do\u011fal malzemeleri tercih edenler i\u00e7in ise ah\u015fap yatak ba\u015fl\u0131\u011f\u0131 se\u00e7enekleri \u00f6ne \u00e7\u0131k\u0131yor. \u015e\u0131kl\u0131\u011f\u0131n detaylarda gizli oldu\u011funa inananlar ise baza ba\u015fl\u0131k seti gibi b\u00fct\u00fcnsel tasar\u0131mlara g\u00f6z atmay\u0131 ihmal etmiyor.<\/p>","protected":false},"excerpt":{"rendered":"<p>Her g\u00fcne g\u00fczel bir ba\u015flang\u0131\u00e7 yapmak, kaliteli bir uykuyla m\u00fcmk\u00fcn. Bu nedenle, yatak se\u00e7imi sadece bir al\u0131\u015fveri\u015f de\u011fil, ayn\u0131 zamanda<\/p>","protected":false},"author":1,"featured_media":12506,"comment_status":"closed","ping_status":"closed","sticky":false,"template":"","format":"standard","meta":{"footnotes":""},"categories":[369],"tags":[],"class_list":["post-13250","post","type-post","status-publish","format-standard","has-post-thumbnail","hentry","category-blog"],"yoast_head":"<!-- This site is optimized with the Yoast SEO plugin v27.4 - https:\/\/yoast.com\/product\/yoast-seo-wordpress\/ -->\n<title>Uyku Bilimini Yeniden Yazan Yatak Odas\u0131 Deneyimi - Pierre Cardin Yatak<\/title>\n<meta name=\"robots\" content=\"index, follow, max-snippet:-1, max-image-preview:large, max-video-preview:-1\" \/>\n<link rel=\"canonical\" href=\"https:\/\/pierrecardinyatak.com.tr\/uk\/uyku-bilimini-yeniden-yazan-yatak-odasi-deneyimi\/\" \/>\n<meta property=\"og:locale\" content=\"uk_UA\" \/>\n<meta property=\"og:type\" content=\"article\" \/>\n<meta property=\"og:title\" content=\"Uyku Bilimini Yeniden Yazan Yatak Odas\u0131 Deneyimi - Pierre Cardin Yatak\" \/>\n<meta property=\"og:description\" content=\"Her g\u00fcne g\u00fczel bir ba\u015flang\u0131\u00e7 yapmak, kaliteli bir uykuyla m\u00fcmk\u00fcn. Bu nedenle, yatak se\u00e7imi sadece bir al\u0131\u015fveri\u015f de\u011fil, ayn\u0131 zamanda\" \/>\n<meta property=\"og:url\" content=\"https:\/\/pierrecardinyatak.com.tr\/uk\/uyku-bilimini-yeniden-yazan-yatak-odasi-deneyimi\/\" \/>\n<meta property=\"og:site_name\" content=\"Pierre Cardin Yatak\" \/>\n<meta property=\"article:publisher\" content=\"https:\/\/www.facebook.com\/pierrecardinyatak\" \/>\n<meta property=\"article:published_time\" content=\"2025-12-07T11:11:21+00:00\" \/>\n<meta property=\"article:modified_time\" content=\"2026-02-12T08:18:49+00:00\" \/>\n<meta property=\"og:image\" content=\"https:\/\/pierrecardinyatak.com.tr\/wp-content\/uploads\/2025\/10\/visco-spa1.jpg\" \/>\n\t<meta property=\"og:image:width\" content=\"2239\" \/>\n\t<meta property=\"og:image:height\" content=\"1810\" \/>\n\t<meta property=\"og:image:type\" content=\"image\/jpeg\" \/>\n<meta name=\"author\" content=\"admin\" \/>\n<meta name=\"twitter:card\" content=\"summary_large_image\" \/>\n<meta name=\"twitter:creator\" content=\"@pcardinbedding\" \/>\n<meta name=\"twitter:site\" content=\"@pcardinbedding\" \/>\n<meta name=\"twitter:label1\" content=\"\u041d\u0430\u043f\u0438\u0441\u0430\u043d\u043e\" \/>\n\t<meta name=\"twitter:data1\" content=\"admin\" \/>\n\t<meta name=\"twitter:label2\" content=\"\u041f\u0440\u0438\u0431\u043b. \u0447\u0430\u0441 \u0447\u0438\u0442\u0430\u043d\u043d\u044f\" \/>\n\t<meta name=\"twitter:data2\" content=\"3 \u0445\u0432\u0438\u043b\u0438\u043d\u0438\" \/>\n<script type=\"application\/ld+json\" class=\"yoast-schema-graph\">{\"@context\":\"https:\\\/\\\/schema.org\",\"@graph\":[{\"@type\":\"Article\",\"@id\":\"https:\\\/\\\/pierrecardinyatak.com.tr\\\/uyku-bilimini-yeniden-yazan-yatak-odasi-deneyimi\\\/#article\",\"isPartOf\":{\"@id\":\"https:\\\/\\\/pierrecardinyatak.com.tr\\\/uyku-bilimini-yeniden-yazan-yatak-odasi-deneyimi\\\/\"},\"author\":{\"name\":\"admin\",\"@id\":\"https:\\\/\\\/pierrecardinyatak.com.tr\\\/#\\\/schema\\\/person\\\/1c182155c79ef557a479bd374b58f902\"},\"headline\":\"Uyku Bilimini Yeniden Yazan Yatak Odas\u0131 Deneyimi\",\"datePublished\":\"2025-12-07T11:11:21+00:00\",\"dateModified\":\"2026-02-12T08:18:49+00:00\",\"mainEntityOfPage\":{\"@id\":\"https:\\\/\\\/pierrecardinyatak.com.tr\\\/uyku-bilimini-yeniden-yazan-yatak-odasi-deneyimi\\\/\"},\"wordCount\":467,\"image\":{\"@id\":\"https:\\\/\\\/pierrecardinyatak.com.tr\\\/uyku-bilimini-yeniden-yazan-yatak-odasi-deneyimi\\\/#primaryimage\"},\"thumbnailUrl\":\"https:\\\/\\\/pierrecardinyatak.com.tr\\\/wp-content\\\/uploads\\\/2025\\\/10\\\/visco-spa1.jpg\",\"articleSection\":[\"Blog\"],\"inLanguage\":\"uk\"},{\"@type\":\"WebPage\",\"@id\":\"https:\\\/\\\/pierrecardinyatak.com.tr\\\/uyku-bilimini-yeniden-yazan-yatak-odasi-deneyimi\\\/\",\"url\":\"https:\\\/\\\/pierrecardinyatak.com.tr\\\/uyku-bilimini-yeniden-yazan-yatak-odasi-deneyimi\\\/\",\"name\":\"Uyku Bilimini Yeniden Yazan Yatak Odas\u0131 Deneyimi - Pierre Cardin Yatak\",\"isPartOf\":{\"@id\":\"https:\\\/\\\/pierrecardinyatak.com.tr\\\/#website\"},\"primaryImageOfPage\":{\"@id\":\"https:\\\/\\\/pierrecardinyatak.com.tr\\\/uyku-bilimini-yeniden-yazan-yatak-odasi-deneyimi\\\/#primaryimage\"},\"image\":{\"@id\":\"https:\\\/\\\/pierrecardinyatak.com.tr\\\/uyku-bilimini-yeniden-yazan-yatak-odasi-deneyimi\\\/#primaryimage\"},\"thumbnailUrl\":\"https:\\\/\\\/pierrecardinyatak.com.tr\\\/wp-content\\\/uploads\\\/2025\\\/10\\\/visco-spa1.jpg\",\"datePublished\":\"2025-12-07T11:11:21+00:00\",\"dateModified\":\"2026-02-12T08:18:49+00:00\",\"author\":{\"@id\":\"https:\\\/\\\/pierrecardinyatak.com.tr\\\/#\\\/schema\\\/person\\\/1c182155c79ef557a479bd374b58f902\"},\"breadcrumb\":{\"@id\":\"https:\\\/\\\/pierrecardinyatak.com.tr\\\/uyku-bilimini-yeniden-yazan-yatak-odasi-deneyimi\\\/#breadcrumb\"},\"inLanguage\":\"uk\",\"potentialAction\":[{\"@type\":\"ReadAction\",\"target\":[\"https:\\\/\\\/pierrecardinyatak.com.tr\\\/uyku-bilimini-yeniden-yazan-yatak-odasi-deneyimi\\\/\"]}]},{\"@type\":\"ImageObject\",\"inLanguage\":\"uk\",\"@id\":\"https:\\\/\\\/pierrecardinyatak.com.tr\\\/uyku-bilimini-yeniden-yazan-yatak-odasi-deneyimi\\\/#primaryimage\",\"url\":\"https:\\\/\\\/pierrecardinyatak.com.tr\\\/wp-content\\\/uploads\\\/2025\\\/10\\\/visco-spa1.jpg\",\"contentUrl\":\"https:\\\/\\\/pierrecardinyatak.com.tr\\\/wp-content\\\/uploads\\\/2025\\\/10\\\/visco-spa1.jpg\",\"width\":2239,\"height\":1810},{\"@type\":\"BreadcrumbList\",\"@id\":\"https:\\\/\\\/pierrecardinyatak.com.tr\\\/uyku-bilimini-yeniden-yazan-yatak-odasi-deneyimi\\\/#breadcrumb\",\"itemListElement\":[{\"@type\":\"ListItem\",\"position\":1,\"name\":\"Anasayfa\",\"item\":\"https:\\\/\\\/pierrecardinyatak.com.tr\\\/\"},{\"@type\":\"ListItem\",\"position\":2,\"name\":\"Uyku Bilimini Yeniden Yazan Yatak Odas\u0131 Deneyimi\"}]},{\"@type\":\"WebSite\",\"@id\":\"https:\\\/\\\/pierrecardinyatak.com.tr\\\/#website\",\"url\":\"https:\\\/\\\/pierrecardinyatak.com.tr\\\/\",\"name\":\"Pierre Cardin Yatak\",\"description\":\"-\",\"potentialAction\":[{\"@type\":\"SearchAction\",\"target\":{\"@type\":\"EntryPoint\",\"urlTemplate\":\"https:\\\/\\\/pierrecardinyatak.com.tr\\\/?s={search_term_string}\"},\"query-input\":{\"@type\":\"PropertyValueSpecification\",\"valueRequired\":true,\"valueName\":\"search_term_string\"}}],\"inLanguage\":\"uk\"},{\"@type\":\"Person\",\"@id\":\"https:\\\/\\\/pierrecardinyatak.com.tr\\\/#\\\/schema\\\/person\\\/1c182155c79ef557a479bd374b58f902\",\"name\":\"admin\",\"image\":{\"@type\":\"ImageObject\",\"inLanguage\":\"uk\",\"@id\":\"https:\\\/\\\/secure.gravatar.com\\\/avatar\\\/3a0c75d6a4a7b2213bf32cead72e590c8f6aa56e5c7c70ea801e74aa7a9372bc?s=96&d=mm&r=g\",\"url\":\"https:\\\/\\\/secure.gravatar.com\\\/avatar\\\/3a0c75d6a4a7b2213bf32cead72e590c8f6aa56e5c7c70ea801e74aa7a9372bc?s=96&d=mm&r=g\",\"contentUrl\":\"https:\\\/\\\/secure.gravatar.com\\\/avatar\\\/3a0c75d6a4a7b2213bf32cead72e590c8f6aa56e5c7c70ea801e74aa7a9372bc?s=96&d=mm&r=g\",\"caption\":\"admin\"},\"sameAs\":[\"https:\\\/\\\/pierrecardinbedding.com.tr\"],\"url\":\"https:\\\/\\\/pierrecardinyatak.com.tr\\\/uk\\\/author\\\/admin\\\/\"}]}<\/script>\n<!-- \/ Yoast SEO plugin. -->","yoast_head_json":{"title":"Uyku Bilimini Yeniden Yazan Yatak Odas\u0131 Deneyimi - Pierre Cardin Yatak","robots":{"index":"index","follow":"follow","max-snippet":"max-snippet:-1","max-image-preview":"max-image-preview:large","max-video-preview":"max-video-preview:-1"},"canonical":"https:\/\/pierrecardinyatak.com.tr\/uk\/uyku-bilimini-yeniden-yazan-yatak-odasi-deneyimi\/","og_locale":"uk_UA","og_type":"article","og_title":"Uyku Bilimini Yeniden Yazan Yatak Odas\u0131 Deneyimi - Pierre Cardin Yatak","og_description":"Her g\u00fcne g\u00fczel bir ba\u015flang\u0131\u00e7 yapmak, kaliteli bir uykuyla m\u00fcmk\u00fcn. Bu nedenle, yatak se\u00e7imi sadece bir al\u0131\u015fveri\u015f de\u011fil, ayn\u0131 zamanda","og_url":"https:\/\/pierrecardinyatak.com.tr\/uk\/uyku-bilimini-yeniden-yazan-yatak-odasi-deneyimi\/","og_site_name":"Pierre Cardin Yatak","article_publisher":"https:\/\/www.facebook.com\/pierrecardinyatak","article_published_time":"2025-12-07T11:11:21+00:00","article_modified_time":"2026-02-12T08:18:49+00:00","og_image":[{"width":2239,"height":1810,"url":"https:\/\/pierrecardinyatak.com.tr\/wp-content\/uploads\/2025\/10\/visco-spa1.jpg","type":"image\/jpeg"}],"author":"admin","twitter_card":"summary_large_image","twitter_creator":"@pcardinbedding","twitter_site":"@pcardinbedding","twitter_misc":{"\u041d\u0430\u043f\u0438\u0441\u0430\u043d\u043e":"admin","\u041f\u0440\u0438\u0431\u043b. \u0447\u0430\u0441 \u0447\u0438\u0442\u0430\u043d\u043d\u044f":"3 \u0445\u0432\u0438\u043b\u0438\u043d\u0438"},"schema":{"@context":"https:\/\/schema.org","@graph":[{"@type":"Article","@id":"https:\/\/pierrecardinyatak.com.tr\/uyku-bilimini-yeniden-yazan-yatak-odasi-deneyimi\/#article","isPartOf":{"@id":"https:\/\/pierrecardinyatak.com.tr\/uyku-bilimini-yeniden-yazan-yatak-odasi-deneyimi\/"},"author":{"name":"admin","@id":"https:\/\/pierrecardinyatak.com.tr\/#\/schema\/person\/1c182155c79ef557a479bd374b58f902"},"headline":"Uyku Bilimini Yeniden Yazan Yatak Odas\u0131 Deneyimi","datePublished":"2025-12-07T11:11:21+00:00","dateModified":"2026-02-12T08:18:49+00:00","mainEntityOfPage":{"@id":"https:\/\/pierrecardinyatak.com.tr\/uyku-bilimini-yeniden-yazan-yatak-odasi-deneyimi\/"},"wordCount":467,"image":{"@id":"https:\/\/pierrecardinyatak.com.tr\/uyku-bilimini-yeniden-yazan-yatak-odasi-deneyimi\/#primaryimage"},"thumbnailUrl":"https:\/\/pierrecardinyatak.com.tr\/wp-content\/uploads\/2025\/10\/visco-spa1.jpg","articleSection":["Blog"],"inLanguage":"uk"},{"@type":"WebPage","@id":"https:\/\/pierrecardinyatak.com.tr\/uyku-bilimini-yeniden-yazan-yatak-odasi-deneyimi\/","url":"https:\/\/pierrecardinyatak.com.tr\/uyku-bilimini-yeniden-yazan-yatak-odasi-deneyimi\/","name":"Uyku Bilimini Yeniden Yazan Yatak Odas\u0131 Deneyimi - Pierre Cardin Yatak","isPartOf":{"@id":"https:\/\/pierrecardinyatak.com.tr\/#website"},"primaryImageOfPage":{"@id":"https:\/\/pierrecardinyatak.com.tr\/uyku-bilimini-yeniden-yazan-yatak-odasi-deneyimi\/#primaryimage"},"image":{"@id":"https:\/\/pierrecardinyatak.com.tr\/uyku-bilimini-yeniden-yazan-yatak-odasi-deneyimi\/#primaryimage"},"thumbnailUrl":"https:\/\/pierrecardinyatak.com.tr\/wp-content\/uploads\/2025\/10\/visco-spa1.jpg","datePublished":"2025-12-07T11:11:21+00:00","dateModified":"2026-02-12T08:18:49+00:00","author":{"@id":"https:\/\/pierrecardinyatak.com.tr\/#\/schema\/person\/1c182155c79ef557a479bd374b58f902"},"breadcrumb":{"@id":"https:\/\/pierrecardinyatak.com.tr\/uyku-bilimini-yeniden-yazan-yatak-odasi-deneyimi\/#breadcrumb"},"inLanguage":"uk","potentialAction":[{"@type":"ReadAction","target":["https:\/\/pierrecardinyatak.com.tr\/uyku-bilimini-yeniden-yazan-yatak-odasi-deneyimi\/"]}]},{"@type":"ImageObject","inLanguage":"uk","@id":"https:\/\/pierrecardinyatak.com.tr\/uyku-bilimini-yeniden-yazan-yatak-odasi-deneyimi\/#primaryimage","url":"https:\/\/pierrecardinyatak.com.tr\/wp-content\/uploads\/2025\/10\/visco-spa1.jpg","contentUrl":"https:\/\/pierrecardinyatak.com.tr\/wp-content\/uploads\/2025\/10\/visco-spa1.jpg","width":2239,"height":1810},{"@type":"BreadcrumbList","@id":"https:\/\/pierrecardinyatak.com.tr\/uyku-bilimini-yeniden-yazan-yatak-odasi-deneyimi\/#breadcrumb","itemListElement":[{"@type":"ListItem","position":1,"name":"Anasayfa","item":"https:\/\/pierrecardinyatak.com.tr\/"},{"@type":"ListItem","position":2,"name":"Uyku Bilimini Yeniden Yazan Yatak Odas\u0131 Deneyimi"}]},{"@type":"WebSite","@id":"https:\/\/pierrecardinyatak.com.tr\/#website","url":"https:\/\/pierrecardinyatak.com.tr\/","name":"\u041b\u0456\u0436\u043a\u043e \u041f'\u0454\u0440\u0430 \u041a\u0430\u0440\u0434\u0435\u043d\u0430","description":"-","potentialAction":[{"@type":"SearchAction","target":{"@type":"EntryPoint","urlTemplate":"https:\/\/pierrecardinyatak.com.tr\/?s={search_term_string}"},"query-input":{"@type":"PropertyValueSpecification","valueRequired":true,"valueName":"search_term_string"}}],"inLanguage":"uk"},{"@type":"Person","@id":"https:\/\/pierrecardinyatak.com.tr\/#\/schema\/person\/1c182155c79ef557a479bd374b58f902","name":"\u0430\u0434\u043c\u0456\u043d\u0456\u0441\u0442\u0440\u0430\u0442\u043e\u0440","image":{"@type":"ImageObject","inLanguage":"uk","@id":"https:\/\/secure.gravatar.com\/avatar\/3a0c75d6a4a7b2213bf32cead72e590c8f6aa56e5c7c70ea801e74aa7a9372bc?s=96&d=mm&r=g","url":"https:\/\/secure.gravatar.com\/avatar\/3a0c75d6a4a7b2213bf32cead72e590c8f6aa56e5c7c70ea801e74aa7a9372bc?s=96&d=mm&r=g","contentUrl":"https:\/\/secure.gravatar.com\/avatar\/3a0c75d6a4a7b2213bf32cead72e590c8f6aa56e5c7c70ea801e74aa7a9372bc?s=96&d=mm&r=g","caption":"admin"},"sameAs":["https:\/\/pierrecardinbedding.com.tr"],"url":"https:\/\/pierrecardinyatak.com.tr\/uk\/author\/admin\/"}]}},"_links":{"self":[{"href":"https:\/\/pierrecardinyatak.com.tr\/uk\/wp-json\/wp\/v2\/posts\/13250","targetHints":{"allow":["GET"]}}],"collection":[{"href":"https:\/\/pierrecardinyatak.com.tr\/uk\/wp-json\/wp\/v2\/posts"}],"about":[{"href":"https:\/\/pierrecardinyatak.com.tr\/uk\/wp-json\/wp\/v2\/types\/post"}],"author":[{"embeddable":true,"href":"https:\/\/pierrecardinyatak.com.tr\/uk\/wp-json\/wp\/v2\/users\/1"}],"replies":[{"embeddable":true,"href":"https:\/\/pierrecardinyatak.com.tr\/uk\/wp-json\/wp\/v2\/comments?post=13250"}],"version-history":[{"count":0,"href":"https:\/\/pierrecardinyatak.com.tr\/uk\/wp-json\/wp\/v2\/posts\/13250\/revisions"}],"wp:featuredmedia":[{"embeddable":true,"href":"https:\/\/pierrecardinyatak.com.tr\/uk\/wp-json\/wp\/v2\/media\/12506"}],"wp:attachment":[{"href":"https:\/\/pierrecardinyatak.com.tr\/uk\/wp-json\/wp\/v2\/media?parent=13250"}],"wp:term":[{"taxonomy":"category","embeddable":true,"href":"https:\/\/pierrecardinyatak.com.tr\/uk\/wp-json\/wp\/v2\/categories?post=13250"},{"taxonomy":"post_tag","embeddable":true,"href":"https:\/\/pierrecardinyatak.com.tr\/uk\/wp-json\/wp\/v2\/tags?post=13250"}],"curies":[{"name":"wp","href":"https:\/\/api.w.org\/{rel}","templated":true}]}}