{"id":11403,"date":"2025-07-21T16:44:11","date_gmt":"2025-07-21T13:44:11","guid":{"rendered":"https:\/\/pierrecardinyatak.com.tr\/?p=11403"},"modified":"2025-08-23T21:06:18","modified_gmt":"2025-08-23T18:06:18","slug":"gelismis-yatak-ozellikleriyle-uykunu-yeniden-tanimla","status":"publish","type":"post","link":"https:\/\/pierrecardinyatak.com.tr\/uk\/gelismis-yatak-ozellikleriyle-uykunu-yeniden-tanimla\/","title":{"rendered":"Geli\u015fmi\u015f Yatak \u00d6zellikleriyle Uykunu Yeniden Tan\u0131mla"},"content":{"rendered":"<p>Uykunun kalitesi, ya\u015fam kalitemizi do\u011frudan etkiliyor. Bu nedenle, s\u0131radan yataklar yerini daha teknolojik, sa\u011fl\u0131kl\u0131 ve uzun \u00f6m\u00fcrl\u00fc yataklara b\u0131rak\u0131yor. \u00d6zellikle ortopedik visco yatak \u00e7e\u015fitleri, v\u00fccudun do\u011fal k\u0131vr\u0131mlar\u0131na uyum sa\u011flayarak omurga deste\u011fini art\u0131r\u0131yor. Haf\u0131za k\u00f6p\u00fc\u011f\u00fc yataklar ise v\u00fccut \u015feklini \u201chat\u0131rlayan\u201d yap\u0131s\u0131yla, ki\u015fiye \u00f6zel bir uyku deneyimi sunuyor.<\/p>\n<p>Uyku konforunu art\u0131ran yatak katmanlar\u0131 sayesinde, gece boyunca minimum hareketle maksimum rahatl\u0131k sa\u011flan\u0131yor. Y\u00fcksek destekli yatak se\u00e7enekleri ise bel ve s\u0131rt b\u00f6lgesini yo\u011fun bir \u015fekilde destekliyor. Mevsimlik yatak kuma\u015f\u0131 ile tasarlanm\u0131\u015f modeller, yaz\u0131n serin, k\u0131\u015f\u0131n ise s\u0131cak kalman\u0131z\u0131 sa\u011flayarak y\u0131l boyunca ideal bir kullan\u0131m sunuyor.<\/p>\n<p>Alerji hassasiyeti olanlar i\u00e7in hypoallergenic yatak \u00e7e\u015fitleri b\u00fcy\u00fck bir avantaj sa\u011flarken, hijyen beklentisi y\u00fcksek olan kullan\u0131c\u0131lar i\u00e7in nano teknoloji ile \u00fcretilmi\u015f yatak y\u00fczeyleri bakteri ve koku olu\u015fumunu engelliyor. Ayr\u0131ca, ak\u0131ll\u0131 \u0131s\u0131 kontrol\u00fc teknolojisi sayesinde v\u00fccut s\u0131cakl\u0131\u011f\u0131 dengede tutuluyor ve gece boyunca terleme riski azalt\u0131l\u0131yor.<\/p>\n<p>Antibakteriyel y\u00fczeyli yataklar, \u00f6zellikle \u00e7ocuklu aileler veya hassas cilt yap\u0131s\u0131na sahip ki\u015filer i\u00e7in g\u00fcvenle tercih ediliyor. Bas\u0131n\u00e7 noktas\u0131 azalt\u0131c\u0131 yatak modelleri, omuz, kal\u00e7a ve diz gibi kritik b\u00f6lgelerdeki bask\u0131y\u0131 hafifletirken, hava kanall\u0131 yatak yap\u0131lar\u0131 i\u00e7erideki hava dola\u015f\u0131m\u0131n\u0131 art\u0131rarak gece serinli\u011fini koruyor.<\/p>\n<p>\u00c7ift y\u00fczeyli kullan\u0131labilir yatak modelleri, yaz ve k\u0131\u015f y\u00fczeyleriyle hem ekonomik hem de pratik bir \u00e7\u00f6z\u00fcm sunuyor. \u00c7ocuk geli\u015fim yataklar\u0131, miniklerin geli\u015fimini destekleyecek \u015fekilde tasarlanm\u0131\u015f ve omurga sa\u011fl\u0131\u011f\u0131n\u0131 korumaya yard\u0131mc\u0131 oluyor. Ergonomik tasar\u0131ml\u0131 yataklar ise v\u00fccudun her b\u00f6lgesine uyum sa\u011flayarak tam destek sunuyor.<\/p>\n<p>Kompakt misafir yataklar\u0131, dar alanlar i\u00e7in harika bir se\u00e7enek. Ayr\u0131ca, konfor katman\u0131 fazla olan yatak se\u00e7enekleri, ekstra rahatl\u0131k arayanlar i\u00e7in \u00f6zel olarak geli\u015ftirilmi\u015f. Do\u011fal lifli yatak modelleri, bambu ve pamuk gibi do\u011fal malzemelerle \u00fcretilerek hem \u00e7evre dostu hem de cilde nazik bir yap\u0131 sunuyor.<\/p>\n<p>Sessiz yay sistemine sahip yatak \u00e7e\u015fitleri, uyku s\u0131ras\u0131nda olu\u015fan sesleri en aza indirerek huzurlu bir uyku ortam\u0131 yarat\u0131yor. Y\u00fcksek yo\u011funluklu s\u00fcnger yatak se\u00e7enekleri, zamanla formunu kaybetmeyen dayan\u0131kl\u0131 yap\u0131s\u0131yla uzun s\u00fcreli kullan\u0131m imk\u00e2n\u0131 sa\u011fl\u0131yor. T\u00fcm bu geli\u015fmi\u015f \u00f6zellikleri bir arada sunan modeller, uzun \u00f6m\u00fcrl\u00fc yatak \u00e7\u00f6z\u00fcmleri arayanlar i\u00e7in en iyi tercih oluyor.<\/p>","protected":false},"excerpt":{"rendered":"<p>Uykunun kalitesi, ya\u015fam kalitemizi do\u011frudan etkiliyor. Bu nedenle, s\u0131radan yataklar yerini daha teknolojik, sa\u011fl\u0131kl\u0131 ve uzun \u00f6m\u00fcrl\u00fc yataklara b\u0131rak\u0131yor. \u00d6zellikle<\/p>","protected":false},"author":1,"featured_media":8460,"comment_status":"closed","ping_status":"closed","sticky":false,"template":"","format":"standard","meta":{"footnotes":""},"categories":[369],"tags":[],"class_list":["post-11403","post","type-post","status-publish","format-standard","has-post-thumbnail","hentry","category-blog"],"yoast_head":"<!-- This site is optimized with the Yoast SEO plugin v27.4 - https:\/\/yoast.com\/product\/yoast-seo-wordpress\/ -->\n<title>Geli\u015fmi\u015f Yatak \u00d6zellikleriyle Uykunu Yeniden Tan\u0131mla - Pierre Cardin Yatak<\/title>\n<meta name=\"robots\" content=\"index, follow, max-snippet:-1, max-image-preview:large, max-video-preview:-1\" \/>\n<link rel=\"canonical\" href=\"https:\/\/pierrecardinyatak.com.tr\/uk\/gelismis-yatak-ozellikleriyle-uykunu-yeniden-tanimla\/\" \/>\n<meta property=\"og:locale\" content=\"uk_UA\" \/>\n<meta property=\"og:type\" content=\"article\" \/>\n<meta property=\"og:title\" content=\"Geli\u015fmi\u015f Yatak \u00d6zellikleriyle Uykunu Yeniden Tan\u0131mla - Pierre Cardin Yatak\" \/>\n<meta property=\"og:description\" content=\"Uykunun kalitesi, ya\u015fam kalitemizi do\u011frudan etkiliyor. Bu nedenle, s\u0131radan yataklar yerini daha teknolojik, sa\u011fl\u0131kl\u0131 ve uzun \u00f6m\u00fcrl\u00fc yataklara b\u0131rak\u0131yor. \u00d6zellikle\" \/>\n<meta property=\"og:url\" content=\"https:\/\/pierrecardinyatak.com.tr\/uk\/gelismis-yatak-ozellikleriyle-uykunu-yeniden-tanimla\/\" \/>\n<meta property=\"og:site_name\" content=\"Pierre Cardin Yatak\" \/>\n<meta property=\"article:publisher\" content=\"https:\/\/www.facebook.com\/pierrecardinyatak\" \/>\n<meta property=\"article:published_time\" content=\"2025-07-21T13:44:11+00:00\" \/>\n<meta property=\"article:modified_time\" content=\"2025-08-23T18:06:18+00:00\" \/>\n<meta property=\"og:image\" content=\"https:\/\/pierrecardinyatak.com.tr\/wp-content\/uploads\/2022\/11\/pierre-cardin-yatak-mion-yatak-10.jpg\" \/>\n\t<meta property=\"og:image:width\" content=\"1455\" \/>\n\t<meta property=\"og:image:height\" content=\"1090\" \/>\n\t<meta property=\"og:image:type\" content=\"image\/jpeg\" \/>\n<meta name=\"author\" content=\"admin\" \/>\n<meta name=\"twitter:card\" content=\"summary_large_image\" \/>\n<meta name=\"twitter:creator\" content=\"@pcardinbedding\" \/>\n<meta name=\"twitter:site\" content=\"@pcardinbedding\" \/>\n<meta name=\"twitter:label1\" content=\"\u041d\u0430\u043f\u0438\u0441\u0430\u043d\u043e\" \/>\n\t<meta name=\"twitter:data1\" content=\"admin\" \/>\n\t<meta name=\"twitter:label2\" content=\"\u041f\u0440\u0438\u0431\u043b. \u0447\u0430\u0441 \u0447\u0438\u0442\u0430\u043d\u043d\u044f\" \/>\n\t<meta name=\"twitter:data2\" content=\"3 \u0445\u0432\u0438\u043b\u0438\u043d\u0438\" \/>\n<script type=\"application\/ld+json\" class=\"yoast-schema-graph\">{\"@context\":\"https:\\\/\\\/schema.org\",\"@graph\":[{\"@type\":\"Article\",\"@id\":\"https:\\\/\\\/pierrecardinyatak.com.tr\\\/gelismis-yatak-ozellikleriyle-uykunu-yeniden-tanimla\\\/#article\",\"isPartOf\":{\"@id\":\"https:\\\/\\\/pierrecardinyatak.com.tr\\\/gelismis-yatak-ozellikleriyle-uykunu-yeniden-tanimla\\\/\"},\"author\":{\"name\":\"admin\",\"@id\":\"https:\\\/\\\/pierrecardinyatak.com.tr\\\/#\\\/schema\\\/person\\\/1c182155c79ef557a479bd374b58f902\"},\"headline\":\"Geli\u015fmi\u015f Yatak \u00d6zellikleriyle Uykunu Yeniden Tan\u0131mla\",\"datePublished\":\"2025-07-21T13:44:11+00:00\",\"dateModified\":\"2025-08-23T18:06:18+00:00\",\"mainEntityOfPage\":{\"@id\":\"https:\\\/\\\/pierrecardinyatak.com.tr\\\/gelismis-yatak-ozellikleriyle-uykunu-yeniden-tanimla\\\/\"},\"wordCount\":441,\"image\":{\"@id\":\"https:\\\/\\\/pierrecardinyatak.com.tr\\\/gelismis-yatak-ozellikleriyle-uykunu-yeniden-tanimla\\\/#primaryimage\"},\"thumbnailUrl\":\"https:\\\/\\\/pierrecardinyatak.com.tr\\\/wp-content\\\/uploads\\\/2022\\\/11\\\/pierre-cardin-yatak-mion-yatak-10.jpg\",\"articleSection\":[\"Blog\"],\"inLanguage\":\"uk\"},{\"@type\":\"WebPage\",\"@id\":\"https:\\\/\\\/pierrecardinyatak.com.tr\\\/gelismis-yatak-ozellikleriyle-uykunu-yeniden-tanimla\\\/\",\"url\":\"https:\\\/\\\/pierrecardinyatak.com.tr\\\/gelismis-yatak-ozellikleriyle-uykunu-yeniden-tanimla\\\/\",\"name\":\"Geli\u015fmi\u015f Yatak \u00d6zellikleriyle Uykunu Yeniden Tan\u0131mla - Pierre Cardin Yatak\",\"isPartOf\":{\"@id\":\"https:\\\/\\\/pierrecardinyatak.com.tr\\\/#website\"},\"primaryImageOfPage\":{\"@id\":\"https:\\\/\\\/pierrecardinyatak.com.tr\\\/gelismis-yatak-ozellikleriyle-uykunu-yeniden-tanimla\\\/#primaryimage\"},\"image\":{\"@id\":\"https:\\\/\\\/pierrecardinyatak.com.tr\\\/gelismis-yatak-ozellikleriyle-uykunu-yeniden-tanimla\\\/#primaryimage\"},\"thumbnailUrl\":\"https:\\\/\\\/pierrecardinyatak.com.tr\\\/wp-content\\\/uploads\\\/2022\\\/11\\\/pierre-cardin-yatak-mion-yatak-10.jpg\",\"datePublished\":\"2025-07-21T13:44:11+00:00\",\"dateModified\":\"2025-08-23T18:06:18+00:00\",\"author\":{\"@id\":\"https:\\\/\\\/pierrecardinyatak.com.tr\\\/#\\\/schema\\\/person\\\/1c182155c79ef557a479bd374b58f902\"},\"breadcrumb\":{\"@id\":\"https:\\\/\\\/pierrecardinyatak.com.tr\\\/gelismis-yatak-ozellikleriyle-uykunu-yeniden-tanimla\\\/#breadcrumb\"},\"inLanguage\":\"uk\",\"potentialAction\":[{\"@type\":\"ReadAction\",\"target\":[\"https:\\\/\\\/pierrecardinyatak.com.tr\\\/gelismis-yatak-ozellikleriyle-uykunu-yeniden-tanimla\\\/\"]}]},{\"@type\":\"ImageObject\",\"inLanguage\":\"uk\",\"@id\":\"https:\\\/\\\/pierrecardinyatak.com.tr\\\/gelismis-yatak-ozellikleriyle-uykunu-yeniden-tanimla\\\/#primaryimage\",\"url\":\"https:\\\/\\\/pierrecardinyatak.com.tr\\\/wp-content\\\/uploads\\\/2022\\\/11\\\/pierre-cardin-yatak-mion-yatak-10.jpg\",\"contentUrl\":\"https:\\\/\\\/pierrecardinyatak.com.tr\\\/wp-content\\\/uploads\\\/2022\\\/11\\\/pierre-cardin-yatak-mion-yatak-10.jpg\",\"width\":1455,\"height\":1090},{\"@type\":\"BreadcrumbList\",\"@id\":\"https:\\\/\\\/pierrecardinyatak.com.tr\\\/gelismis-yatak-ozellikleriyle-uykunu-yeniden-tanimla\\\/#breadcrumb\",\"itemListElement\":[{\"@type\":\"ListItem\",\"position\":1,\"name\":\"Anasayfa\",\"item\":\"https:\\\/\\\/pierrecardinyatak.com.tr\\\/\"},{\"@type\":\"ListItem\",\"position\":2,\"name\":\"Geli\u015fmi\u015f Yatak \u00d6zellikleriyle Uykunu Yeniden Tan\u0131mla\"}]},{\"@type\":\"WebSite\",\"@id\":\"https:\\\/\\\/pierrecardinyatak.com.tr\\\/#website\",\"url\":\"https:\\\/\\\/pierrecardinyatak.com.tr\\\/\",\"name\":\"Pierre Cardin Yatak\",\"description\":\"-\",\"potentialAction\":[{\"@type\":\"SearchAction\",\"target\":{\"@type\":\"EntryPoint\",\"urlTemplate\":\"https:\\\/\\\/pierrecardinyatak.com.tr\\\/?s={search_term_string}\"},\"query-input\":{\"@type\":\"PropertyValueSpecification\",\"valueRequired\":true,\"valueName\":\"search_term_string\"}}],\"inLanguage\":\"uk\"},{\"@type\":\"Person\",\"@id\":\"https:\\\/\\\/pierrecardinyatak.com.tr\\\/#\\\/schema\\\/person\\\/1c182155c79ef557a479bd374b58f902\",\"name\":\"admin\",\"image\":{\"@type\":\"ImageObject\",\"inLanguage\":\"uk\",\"@id\":\"https:\\\/\\\/secure.gravatar.com\\\/avatar\\\/3a0c75d6a4a7b2213bf32cead72e590c8f6aa56e5c7c70ea801e74aa7a9372bc?s=96&d=mm&r=g\",\"url\":\"https:\\\/\\\/secure.gravatar.com\\\/avatar\\\/3a0c75d6a4a7b2213bf32cead72e590c8f6aa56e5c7c70ea801e74aa7a9372bc?s=96&d=mm&r=g\",\"contentUrl\":\"https:\\\/\\\/secure.gravatar.com\\\/avatar\\\/3a0c75d6a4a7b2213bf32cead72e590c8f6aa56e5c7c70ea801e74aa7a9372bc?s=96&d=mm&r=g\",\"caption\":\"admin\"},\"sameAs\":[\"https:\\\/\\\/pierrecardinbedding.com.tr\"],\"url\":\"https:\\\/\\\/pierrecardinyatak.com.tr\\\/uk\\\/author\\\/admin\\\/\"}]}<\/script>\n<!-- \/ Yoast SEO plugin. -->","yoast_head_json":{"title":"Geli\u015fmi\u015f Yatak \u00d6zellikleriyle Uykunu Yeniden Tan\u0131mla - Pierre Cardin Yatak","robots":{"index":"index","follow":"follow","max-snippet":"max-snippet:-1","max-image-preview":"max-image-preview:large","max-video-preview":"max-video-preview:-1"},"canonical":"https:\/\/pierrecardinyatak.com.tr\/uk\/gelismis-yatak-ozellikleriyle-uykunu-yeniden-tanimla\/","og_locale":"uk_UA","og_type":"article","og_title":"Geli\u015fmi\u015f Yatak \u00d6zellikleriyle Uykunu Yeniden Tan\u0131mla - Pierre Cardin Yatak","og_description":"Uykunun kalitesi, ya\u015fam kalitemizi do\u011frudan etkiliyor. Bu nedenle, s\u0131radan yataklar yerini daha teknolojik, sa\u011fl\u0131kl\u0131 ve uzun \u00f6m\u00fcrl\u00fc yataklara b\u0131rak\u0131yor. \u00d6zellikle","og_url":"https:\/\/pierrecardinyatak.com.tr\/uk\/gelismis-yatak-ozellikleriyle-uykunu-yeniden-tanimla\/","og_site_name":"Pierre Cardin Yatak","article_publisher":"https:\/\/www.facebook.com\/pierrecardinyatak","article_published_time":"2025-07-21T13:44:11+00:00","article_modified_time":"2025-08-23T18:06:18+00:00","og_image":[{"width":1455,"height":1090,"url":"https:\/\/pierrecardinyatak.com.tr\/wp-content\/uploads\/2022\/11\/pierre-cardin-yatak-mion-yatak-10.jpg","type":"image\/jpeg"}],"author":"admin","twitter_card":"summary_large_image","twitter_creator":"@pcardinbedding","twitter_site":"@pcardinbedding","twitter_misc":{"\u041d\u0430\u043f\u0438\u0441\u0430\u043d\u043e":"admin","\u041f\u0440\u0438\u0431\u043b. \u0447\u0430\u0441 \u0447\u0438\u0442\u0430\u043d\u043d\u044f":"3 \u0445\u0432\u0438\u043b\u0438\u043d\u0438"},"schema":{"@context":"https:\/\/schema.org","@graph":[{"@type":"Article","@id":"https:\/\/pierrecardinyatak.com.tr\/gelismis-yatak-ozellikleriyle-uykunu-yeniden-tanimla\/#article","isPartOf":{"@id":"https:\/\/pierrecardinyatak.com.tr\/gelismis-yatak-ozellikleriyle-uykunu-yeniden-tanimla\/"},"author":{"name":"admin","@id":"https:\/\/pierrecardinyatak.com.tr\/#\/schema\/person\/1c182155c79ef557a479bd374b58f902"},"headline":"Geli\u015fmi\u015f Yatak \u00d6zellikleriyle Uykunu Yeniden Tan\u0131mla","datePublished":"2025-07-21T13:44:11+00:00","dateModified":"2025-08-23T18:06:18+00:00","mainEntityOfPage":{"@id":"https:\/\/pierrecardinyatak.com.tr\/gelismis-yatak-ozellikleriyle-uykunu-yeniden-tanimla\/"},"wordCount":441,"image":{"@id":"https:\/\/pierrecardinyatak.com.tr\/gelismis-yatak-ozellikleriyle-uykunu-yeniden-tanimla\/#primaryimage"},"thumbnailUrl":"https:\/\/pierrecardinyatak.com.tr\/wp-content\/uploads\/2022\/11\/pierre-cardin-yatak-mion-yatak-10.jpg","articleSection":["Blog"],"inLanguage":"uk"},{"@type":"WebPage","@id":"https:\/\/pierrecardinyatak.com.tr\/gelismis-yatak-ozellikleriyle-uykunu-yeniden-tanimla\/","url":"https:\/\/pierrecardinyatak.com.tr\/gelismis-yatak-ozellikleriyle-uykunu-yeniden-tanimla\/","name":"Geli\u015fmi\u015f Yatak \u00d6zellikleriyle Uykunu Yeniden Tan\u0131mla - Pierre Cardin Yatak","isPartOf":{"@id":"https:\/\/pierrecardinyatak.com.tr\/#website"},"primaryImageOfPage":{"@id":"https:\/\/pierrecardinyatak.com.tr\/gelismis-yatak-ozellikleriyle-uykunu-yeniden-tanimla\/#primaryimage"},"image":{"@id":"https:\/\/pierrecardinyatak.com.tr\/gelismis-yatak-ozellikleriyle-uykunu-yeniden-tanimla\/#primaryimage"},"thumbnailUrl":"https:\/\/pierrecardinyatak.com.tr\/wp-content\/uploads\/2022\/11\/pierre-cardin-yatak-mion-yatak-10.jpg","datePublished":"2025-07-21T13:44:11+00:00","dateModified":"2025-08-23T18:06:18+00:00","author":{"@id":"https:\/\/pierrecardinyatak.com.tr\/#\/schema\/person\/1c182155c79ef557a479bd374b58f902"},"breadcrumb":{"@id":"https:\/\/pierrecardinyatak.com.tr\/gelismis-yatak-ozellikleriyle-uykunu-yeniden-tanimla\/#breadcrumb"},"inLanguage":"uk","potentialAction":[{"@type":"ReadAction","target":["https:\/\/pierrecardinyatak.com.tr\/gelismis-yatak-ozellikleriyle-uykunu-yeniden-tanimla\/"]}]},{"@type":"ImageObject","inLanguage":"uk","@id":"https:\/\/pierrecardinyatak.com.tr\/gelismis-yatak-ozellikleriyle-uykunu-yeniden-tanimla\/#primaryimage","url":"https:\/\/pierrecardinyatak.com.tr\/wp-content\/uploads\/2022\/11\/pierre-cardin-yatak-mion-yatak-10.jpg","contentUrl":"https:\/\/pierrecardinyatak.com.tr\/wp-content\/uploads\/2022\/11\/pierre-cardin-yatak-mion-yatak-10.jpg","width":1455,"height":1090},{"@type":"BreadcrumbList","@id":"https:\/\/pierrecardinyatak.com.tr\/gelismis-yatak-ozellikleriyle-uykunu-yeniden-tanimla\/#breadcrumb","itemListElement":[{"@type":"ListItem","position":1,"name":"Anasayfa","item":"https:\/\/pierrecardinyatak.com.tr\/"},{"@type":"ListItem","position":2,"name":"Geli\u015fmi\u015f Yatak \u00d6zellikleriyle Uykunu Yeniden Tan\u0131mla"}]},{"@type":"WebSite","@id":"https:\/\/pierrecardinyatak.com.tr\/#website","url":"https:\/\/pierrecardinyatak.com.tr\/","name":"\u041b\u0456\u0436\u043a\u043e \u041f'\u0454\u0440\u0430 \u041a\u0430\u0440\u0434\u0435\u043d\u0430","description":"-","potentialAction":[{"@type":"SearchAction","target":{"@type":"EntryPoint","urlTemplate":"https:\/\/pierrecardinyatak.com.tr\/?s={search_term_string}"},"query-input":{"@type":"PropertyValueSpecification","valueRequired":true,"valueName":"search_term_string"}}],"inLanguage":"uk"},{"@type":"Person","@id":"https:\/\/pierrecardinyatak.com.tr\/#\/schema\/person\/1c182155c79ef557a479bd374b58f902","name":"\u0430\u0434\u043c\u0456\u043d\u0456\u0441\u0442\u0440\u0430\u0442\u043e\u0440","image":{"@type":"ImageObject","inLanguage":"uk","@id":"https:\/\/secure.gravatar.com\/avatar\/3a0c75d6a4a7b2213bf32cead72e590c8f6aa56e5c7c70ea801e74aa7a9372bc?s=96&d=mm&r=g","url":"https:\/\/secure.gravatar.com\/avatar\/3a0c75d6a4a7b2213bf32cead72e590c8f6aa56e5c7c70ea801e74aa7a9372bc?s=96&d=mm&r=g","contentUrl":"https:\/\/secure.gravatar.com\/avatar\/3a0c75d6a4a7b2213bf32cead72e590c8f6aa56e5c7c70ea801e74aa7a9372bc?s=96&d=mm&r=g","caption":"admin"},"sameAs":["https:\/\/pierrecardinbedding.com.tr"],"url":"https:\/\/pierrecardinyatak.com.tr\/uk\/author\/admin\/"}]}},"_links":{"self":[{"href":"https:\/\/pierrecardinyatak.com.tr\/uk\/wp-json\/wp\/v2\/posts\/11403","targetHints":{"allow":["GET"]}}],"collection":[{"href":"https:\/\/pierrecardinyatak.com.tr\/uk\/wp-json\/wp\/v2\/posts"}],"about":[{"href":"https:\/\/pierrecardinyatak.com.tr\/uk\/wp-json\/wp\/v2\/types\/post"}],"author":[{"embeddable":true,"href":"https:\/\/pierrecardinyatak.com.tr\/uk\/wp-json\/wp\/v2\/users\/1"}],"replies":[{"embeddable":true,"href":"https:\/\/pierrecardinyatak.com.tr\/uk\/wp-json\/wp\/v2\/comments?post=11403"}],"version-history":[{"count":0,"href":"https:\/\/pierrecardinyatak.com.tr\/uk\/wp-json\/wp\/v2\/posts\/11403\/revisions"}],"wp:featuredmedia":[{"embeddable":true,"href":"https:\/\/pierrecardinyatak.com.tr\/uk\/wp-json\/wp\/v2\/media\/8460"}],"wp:attachment":[{"href":"https:\/\/pierrecardinyatak.com.tr\/uk\/wp-json\/wp\/v2\/media?parent=11403"}],"wp:term":[{"taxonomy":"category","embeddable":true,"href":"https:\/\/pierrecardinyatak.com.tr\/uk\/wp-json\/wp\/v2\/categories?post=11403"},{"taxonomy":"post_tag","embeddable":true,"href":"https:\/\/pierrecardinyatak.com.tr\/uk\/wp-json\/wp\/v2\/tags?post=11403"}],"curies":[{"name":"wp","href":"https:\/\/api.w.org\/{rel}","templated":true}]}}