{"id":13260,"date":"2025-12-07T14:29:44","date_gmt":"2025-12-07T11:29:44","guid":{"rendered":"https:\/\/pierrecardinyatak.com.tr\/?p=13260"},"modified":"2026-02-12T11:18:47","modified_gmt":"2026-02-12T08:18:47","slug":"akilli-depolama-konforlu-uyku-ve-sik-tasarimin-birlestigi-yeni-nesil-yatak-odasi","status":"publish","type":"post","link":"https:\/\/pierrecardinyatak.com.tr\/kk\/akilli-depolama-konforlu-uyku-ve-sik-tasarimin-birlestigi-yeni-nesil-yatak-odasi\/","title":{"rendered":"Ak\u0131ll\u0131 Depolama, Konforlu Uyku ve \u015e\u0131k Tasar\u0131m\u0131n Birle\u015fti\u011fi Yeni Nesil Yatak Odas\u0131"},"content":{"rendered":"<p>Yatak odas\u0131, g\u00fcn\u00fcn karma\u015fas\u0131ndan uzakla\u015f\u0131p dinlenmek i\u00e7in en \u00f6zel alanlardan biri. Bu y\u00fczden, hem d\u00fczenli hem de konforlu olmas\u0131 ger\u00e7ekten \u00e7ok \u00f6nemli. Pierre Cardin\u2019in sundu\u011fu modern \u00e7\u00f6z\u00fcmler, i\u015flevselli\u011fi ve esteti\u011fi bir araya getiriyor. Dar alanlarda ferahl\u0131k yaratmak isteyenler i\u00e7in tasarlanan s\u00fcrg\u00fcl\u00fc gard\u0131rop \u00f6nerileri, geni\u015f i\u00e7 b\u00f6lmeleri ve sessiz ray sistemleriyle pratik bir kullan\u0131m sunuyor. Farkl\u0131 \u00f6l\u00e7\u00fc ve renk se\u00e7enekleriyle sunulan yatak odas\u0131 dolaplar\u0131, odan\u0131n genel tarz\u0131n\u0131 belirleyen en etkili mobilyalardan biri haline geliyor.<\/p>\n<p>Depolama ihtiyac\u0131 artt\u0131k\u00e7a, sand\u0131kl\u0131 baza modelleri de pop\u00fclerlik kazan\u0131yor; i\u015flevsel yap\u0131lar\u0131yla ya\u015fam alanlar\u0131na b\u00fcy\u00fck kolayl\u0131k sa\u011fl\u0131yor. Y\u00fcksek e\u015fya saklama kapasitesine sahip bu tasar\u0131mlar, hem \u00e7ift ki\u015filik hem de tek ki\u015filik odalar i\u00e7in m\u00fckemmel bir se\u00e7enek. Odan\u0131n \u00f6l\u00e7\u00fclerine g\u00f6re en \u00e7ok tercih edilen baza boyutlar\u0131 140&#215;200 ve 160&#215;200, geni\u015flik ve kullan\u0131m avantaj\u0131 sunuyor. Baza se\u00e7imini tamamlayan ba\u015fl\u0131k modelleri, odan\u0131n tarz\u0131na g\u00f6re sade, kapitone, chester veya modern \u00e7izgilerle ki\u015fiselle\u015ftirilebiliyor.<\/p>\n<p>Tarz\u0131n\u0131 bir b\u00fct\u00fcn olarak olu\u015fturmak isteyenler i\u00e7in tasarlanan yatak baza uyumlu ba\u015fl\u0131k kombinasyonlar\u0131, hem renk hem de doku uyumunu en \u015f\u0131k \u015fekilde sa\u011fl\u0131yor. Avantajl\u0131 al\u0131\u015fveri\u015f arayanlar i\u00e7in sunulan yatak odas\u0131 seti kampanya se\u00e7enekleri, komple bir oda kurulumunu ekonomik hale getiriyor.<\/p>\n<p>Pierre Cardin\u2019in online yatak sat\u0131\u015f sitesi T\u00fcrkiye hizmeti, kullan\u0131c\u0131lar\u0131n yatak, baza ve ba\u015fl\u0131k gibi t\u00fcm ihtiya\u00e7lar\u0131n\u0131 g\u00fcvenilir bir altyap\u0131 ile tek noktadan kar\u015f\u0131lamas\u0131na olanak tan\u0131yor. Geni\u015f \u00fcr\u00fcn yelpazesi, farkl\u0131 sertlik seviyeleri ve teknolojik yatak i\u00e7erikleriyle her uyku stiline uygun se\u00e7enekler sunuyor.<\/p>\n<p>Ev tekstiline \u00f6nem verenler i\u00e7in tasarlanm\u0131\u015f ev tekstili ve yatak aksesuarlar\u0131 kategorisi, uyku konforunu art\u0131ran pek \u00e7ok \u00fcr\u00fcn\u00fc bir araya getiriyor. Yumu\u015fak dokulu yorgan nevresim seti, yata\u011f\u0131n\u0131zla m\u00fckemmel bir uyum sa\u011flarken, hassas b\u00fcnyeler i\u00e7in \u00f6zel olarak \u00fcretilen antialerjik yatak se\u00e7enekleri sa\u011fl\u0131kl\u0131 bir uyku ortam\u0131 sunuyor. Yatak y\u00fczeyini uzun y\u0131llar boyunca temiz ve hijyenik tutan yatak koruyucu alez, evlerin vazge\u00e7ilmez \u00fcr\u00fcnlerinden biri olarak \u00f6ne \u00e7\u0131k\u0131yor.<\/p>\n<p>Uyku deneyimini tamamlayan unsurlardan biri de do\u011fru yast\u0131k se\u00e7imi. Pierre Cardin\u2019in sundu\u011fu yast\u0131k \u00e7e\u015fitleri, omuz ve boyun b\u00f6lgesini destekleyen yap\u0131s\u0131yla gece boyunca do\u011fal bir pozisyon sa\u011fl\u0131yor. Kalite arayan kullan\u0131c\u0131lar i\u00e7in haz\u0131rlanan otel \u00fcr\u00fcnleri yatak ve havlu seti, l\u00fcks otel konforunu ev ortam\u0131nda hissettiriyor.<\/p>\n<p>Aileler i\u00e7in geli\u015ftirilen \u00fcr\u00fcnlerde g\u00fcvenlik ve sa\u011fl\u0131k \u00f6n planda tutuluyor. Yumu\u015fak malzemelerden \u00fcretilen bebek nevresim tak\u0131m\u0131, \u00e7ocuk cildine uygun yap\u0131s\u0131yla ebeveynlerin g\u00fcvenle tercih etti\u011fi \u00fcr\u00fcnler aras\u0131nda yer al\u0131yor. Daha kapsaml\u0131 \u00e7\u00f6z\u00fcmler arayan evlerde \u00e7ocuk odas\u0131 yatak setleri, uyumlu tasar\u0131m\u0131 ve dayan\u0131kl\u0131 yap\u0131s\u0131yla uzun y\u0131llar kullan\u0131labiliyor. \u00c7ok ama\u00e7l\u0131 kullan\u0131m sunan ranza, baza ve ba\u015fl\u0131k seti, hem karde\u015fli odalar hem de dar alanlar i\u00e7in m\u00fckemmel bir \u00e7\u00f6z\u00fcm sunuyor.<\/p>","protected":false},"excerpt":{"rendered":"<p>Yatak odas\u0131, g\u00fcn\u00fcn karma\u015fas\u0131ndan uzakla\u015f\u0131p dinlenmek i\u00e7in en \u00f6zel alanlardan biri. Bu y\u00fczden, hem d\u00fczenli hem de konforlu olmas\u0131 ger\u00e7ekten<\/p>","protected":false},"author":1,"featured_media":9757,"comment_status":"closed","ping_status":"closed","sticky":false,"template":"","format":"standard","meta":{"footnotes":""},"categories":[369],"tags":[],"class_list":["post-13260","post","type-post","status-publish","format-standard","has-post-thumbnail","hentry","category-blog"],"yoast_head":"<!-- This site is optimized with the Yoast SEO plugin v27.4 - https:\/\/yoast.com\/product\/yoast-seo-wordpress\/ -->\n<title>Ak\u0131ll\u0131 Depolama, Konforlu Uyku ve \u015e\u0131k Tasar\u0131m\u0131n Birle\u015fti\u011fi Yeni Nesil Yatak Odas\u0131 - Pierre Cardin Yatak<\/title>\n<meta name=\"robots\" content=\"index, follow, max-snippet:-1, max-image-preview:large, max-video-preview:-1\" \/>\n<link rel=\"canonical\" href=\"https:\/\/pierrecardinyatak.com.tr\/kk\/akilli-depolama-konforlu-uyku-ve-sik-tasarimin-birlestigi-yeni-nesil-yatak-odasi\/\" \/>\n<meta property=\"og:locale\" content=\"en_US\" \/>\n<meta property=\"og:type\" content=\"article\" \/>\n<meta property=\"og:title\" content=\"Ak\u0131ll\u0131 Depolama, Konforlu Uyku ve \u015e\u0131k Tasar\u0131m\u0131n Birle\u015fti\u011fi Yeni Nesil Yatak Odas\u0131 - Pierre Cardin Yatak\" \/>\n<meta property=\"og:description\" content=\"Yatak odas\u0131, g\u00fcn\u00fcn karma\u015fas\u0131ndan uzakla\u015f\u0131p dinlenmek i\u00e7in en \u00f6zel alanlardan biri. Bu y\u00fczden, hem d\u00fczenli hem de konforlu olmas\u0131 ger\u00e7ekten\" \/>\n<meta property=\"og:url\" content=\"https:\/\/pierrecardinyatak.com.tr\/kk\/akilli-depolama-konforlu-uyku-ve-sik-tasarimin-birlestigi-yeni-nesil-yatak-odasi\/\" \/>\n<meta property=\"og:site_name\" content=\"Pierre Cardin Yatak\" \/>\n<meta property=\"article:publisher\" content=\"https:\/\/www.facebook.com\/pierrecardinyatak\" \/>\n<meta property=\"article:published_time\" content=\"2025-12-07T11:29:44+00:00\" \/>\n<meta property=\"article:modified_time\" content=\"2026-02-12T08:18:47+00:00\" \/>\n<meta property=\"og:image\" content=\"https:\/\/pierrecardinyatak.com.tr\/wp-content\/uploads\/2025\/05\/urun-malibu6.jpg\" \/>\n\t<meta property=\"og:image:width\" content=\"1744\" \/>\n\t<meta property=\"og:image:height\" content=\"981\" \/>\n\t<meta property=\"og:image:type\" content=\"image\/jpeg\" \/>\n<meta name=\"author\" content=\"admin\" \/>\n<meta name=\"twitter:card\" content=\"summary_large_image\" \/>\n<meta name=\"twitter:creator\" content=\"@pcardinbedding\" \/>\n<meta name=\"twitter:site\" content=\"@pcardinbedding\" \/>\n<meta name=\"twitter:label1\" content=\"Written by\" \/>\n\t<meta name=\"twitter:data1\" content=\"admin\" \/>\n\t<meta name=\"twitter:label2\" content=\"Est. reading time\" \/>\n\t<meta name=\"twitter:data2\" content=\"3 \u043c\u0438\u043d\u0443\u0442\u044b\" \/>\n<script type=\"application\/ld+json\" class=\"yoast-schema-graph\">{\"@context\":\"https:\\\/\\\/schema.org\",\"@graph\":[{\"@type\":\"Article\",\"@id\":\"https:\\\/\\\/pierrecardinyatak.com.tr\\\/akilli-depolama-konforlu-uyku-ve-sik-tasarimin-birlestigi-yeni-nesil-yatak-odasi\\\/#article\",\"isPartOf\":{\"@id\":\"https:\\\/\\\/pierrecardinyatak.com.tr\\\/akilli-depolama-konforlu-uyku-ve-sik-tasarimin-birlestigi-yeni-nesil-yatak-odasi\\\/\"},\"author\":{\"name\":\"admin\",\"@id\":\"https:\\\/\\\/pierrecardinyatak.com.tr\\\/#\\\/schema\\\/person\\\/1c182155c79ef557a479bd374b58f902\"},\"headline\":\"Ak\u0131ll\u0131 Depolama, Konforlu Uyku ve \u015e\u0131k Tasar\u0131m\u0131n Birle\u015fti\u011fi Yeni Nesil Yatak Odas\u0131\",\"datePublished\":\"2025-12-07T11:29:44+00:00\",\"dateModified\":\"2026-02-12T08:18:47+00:00\",\"mainEntityOfPage\":{\"@id\":\"https:\\\/\\\/pierrecardinyatak.com.tr\\\/akilli-depolama-konforlu-uyku-ve-sik-tasarimin-birlestigi-yeni-nesil-yatak-odasi\\\/\"},\"wordCount\":569,\"image\":{\"@id\":\"https:\\\/\\\/pierrecardinyatak.com.tr\\\/akilli-depolama-konforlu-uyku-ve-sik-tasarimin-birlestigi-yeni-nesil-yatak-odasi\\\/#primaryimage\"},\"thumbnailUrl\":\"https:\\\/\\\/pierrecardinyatak.com.tr\\\/wp-content\\\/uploads\\\/2025\\\/05\\\/urun-malibu6.jpg\",\"articleSection\":[\"Blog\"],\"inLanguage\":\"ru-RU\"},{\"@type\":\"WebPage\",\"@id\":\"https:\\\/\\\/pierrecardinyatak.com.tr\\\/akilli-depolama-konforlu-uyku-ve-sik-tasarimin-birlestigi-yeni-nesil-yatak-odasi\\\/\",\"url\":\"https:\\\/\\\/pierrecardinyatak.com.tr\\\/akilli-depolama-konforlu-uyku-ve-sik-tasarimin-birlestigi-yeni-nesil-yatak-odasi\\\/\",\"name\":\"Ak\u0131ll\u0131 Depolama, Konforlu Uyku ve \u015e\u0131k Tasar\u0131m\u0131n Birle\u015fti\u011fi Yeni Nesil Yatak Odas\u0131 - Pierre Cardin Yatak\",\"isPartOf\":{\"@id\":\"https:\\\/\\\/pierrecardinyatak.com.tr\\\/#website\"},\"primaryImageOfPage\":{\"@id\":\"https:\\\/\\\/pierrecardinyatak.com.tr\\\/akilli-depolama-konforlu-uyku-ve-sik-tasarimin-birlestigi-yeni-nesil-yatak-odasi\\\/#primaryimage\"},\"image\":{\"@id\":\"https:\\\/\\\/pierrecardinyatak.com.tr\\\/akilli-depolama-konforlu-uyku-ve-sik-tasarimin-birlestigi-yeni-nesil-yatak-odasi\\\/#primaryimage\"},\"thumbnailUrl\":\"https:\\\/\\\/pierrecardinyatak.com.tr\\\/wp-content\\\/uploads\\\/2025\\\/05\\\/urun-malibu6.jpg\",\"datePublished\":\"2025-12-07T11:29:44+00:00\",\"dateModified\":\"2026-02-12T08:18:47+00:00\",\"author\":{\"@id\":\"https:\\\/\\\/pierrecardinyatak.com.tr\\\/#\\\/schema\\\/person\\\/1c182155c79ef557a479bd374b58f902\"},\"breadcrumb\":{\"@id\":\"https:\\\/\\\/pierrecardinyatak.com.tr\\\/akilli-depolama-konforlu-uyku-ve-sik-tasarimin-birlestigi-yeni-nesil-yatak-odasi\\\/#breadcrumb\"},\"inLanguage\":\"ru-RU\",\"potentialAction\":[{\"@type\":\"ReadAction\",\"target\":[\"https:\\\/\\\/pierrecardinyatak.com.tr\\\/akilli-depolama-konforlu-uyku-ve-sik-tasarimin-birlestigi-yeni-nesil-yatak-odasi\\\/\"]}]},{\"@type\":\"ImageObject\",\"inLanguage\":\"ru-RU\",\"@id\":\"https:\\\/\\\/pierrecardinyatak.com.tr\\\/akilli-depolama-konforlu-uyku-ve-sik-tasarimin-birlestigi-yeni-nesil-yatak-odasi\\\/#primaryimage\",\"url\":\"https:\\\/\\\/pierrecardinyatak.com.tr\\\/wp-content\\\/uploads\\\/2025\\\/05\\\/urun-malibu6.jpg\",\"contentUrl\":\"https:\\\/\\\/pierrecardinyatak.com.tr\\\/wp-content\\\/uploads\\\/2025\\\/05\\\/urun-malibu6.jpg\",\"width\":1744,\"height\":981},{\"@type\":\"BreadcrumbList\",\"@id\":\"https:\\\/\\\/pierrecardinyatak.com.tr\\\/akilli-depolama-konforlu-uyku-ve-sik-tasarimin-birlestigi-yeni-nesil-yatak-odasi\\\/#breadcrumb\",\"itemListElement\":[{\"@type\":\"ListItem\",\"position\":1,\"name\":\"Anasayfa\",\"item\":\"https:\\\/\\\/pierrecardinyatak.com.tr\\\/\"},{\"@type\":\"ListItem\",\"position\":2,\"name\":\"Ak\u0131ll\u0131 Depolama, Konforlu Uyku ve \u015e\u0131k Tasar\u0131m\u0131n Birle\u015fti\u011fi Yeni Nesil Yatak Odas\u0131\"}]},{\"@type\":\"WebSite\",\"@id\":\"https:\\\/\\\/pierrecardinyatak.com.tr\\\/#website\",\"url\":\"https:\\\/\\\/pierrecardinyatak.com.tr\\\/\",\"name\":\"Pierre Cardin Yatak\",\"description\":\"-\",\"potentialAction\":[{\"@type\":\"SearchAction\",\"target\":{\"@type\":\"EntryPoint\",\"urlTemplate\":\"https:\\\/\\\/pierrecardinyatak.com.tr\\\/?s={search_term_string}\"},\"query-input\":{\"@type\":\"PropertyValueSpecification\",\"valueRequired\":true,\"valueName\":\"search_term_string\"}}],\"inLanguage\":\"ru-RU\"},{\"@type\":\"Person\",\"@id\":\"https:\\\/\\\/pierrecardinyatak.com.tr\\\/#\\\/schema\\\/person\\\/1c182155c79ef557a479bd374b58f902\",\"name\":\"admin\",\"image\":{\"@type\":\"ImageObject\",\"inLanguage\":\"ru-RU\",\"@id\":\"https:\\\/\\\/secure.gravatar.com\\\/avatar\\\/3a0c75d6a4a7b2213bf32cead72e590c8f6aa56e5c7c70ea801e74aa7a9372bc?s=96&d=mm&r=g\",\"url\":\"https:\\\/\\\/secure.gravatar.com\\\/avatar\\\/3a0c75d6a4a7b2213bf32cead72e590c8f6aa56e5c7c70ea801e74aa7a9372bc?s=96&d=mm&r=g\",\"contentUrl\":\"https:\\\/\\\/secure.gravatar.com\\\/avatar\\\/3a0c75d6a4a7b2213bf32cead72e590c8f6aa56e5c7c70ea801e74aa7a9372bc?s=96&d=mm&r=g\",\"caption\":\"admin\"},\"sameAs\":[\"https:\\\/\\\/pierrecardinbedding.com.tr\"],\"url\":\"https:\\\/\\\/pierrecardinyatak.com.tr\\\/kk\\\/author\\\/admin\\\/\"}]}<\/script>\n<!-- \/ Yoast SEO plugin. -->","yoast_head_json":{"title":"Ak\u0131ll\u0131 Depolama, Konforlu Uyku ve \u015e\u0131k Tasar\u0131m\u0131n Birle\u015fti\u011fi Yeni Nesil Yatak Odas\u0131 - Pierre Cardin Yatak","robots":{"index":"index","follow":"follow","max-snippet":"max-snippet:-1","max-image-preview":"max-image-preview:large","max-video-preview":"max-video-preview:-1"},"canonical":"https:\/\/pierrecardinyatak.com.tr\/kk\/akilli-depolama-konforlu-uyku-ve-sik-tasarimin-birlestigi-yeni-nesil-yatak-odasi\/","og_locale":"en_US","og_type":"article","og_title":"Ak\u0131ll\u0131 Depolama, Konforlu Uyku ve \u015e\u0131k Tasar\u0131m\u0131n Birle\u015fti\u011fi Yeni Nesil Yatak Odas\u0131 - Pierre Cardin Yatak","og_description":"Yatak odas\u0131, g\u00fcn\u00fcn karma\u015fas\u0131ndan uzakla\u015f\u0131p dinlenmek i\u00e7in en \u00f6zel alanlardan biri. Bu y\u00fczden, hem d\u00fczenli hem de konforlu olmas\u0131 ger\u00e7ekten","og_url":"https:\/\/pierrecardinyatak.com.tr\/kk\/akilli-depolama-konforlu-uyku-ve-sik-tasarimin-birlestigi-yeni-nesil-yatak-odasi\/","og_site_name":"Pierre Cardin Yatak","article_publisher":"https:\/\/www.facebook.com\/pierrecardinyatak","article_published_time":"2025-12-07T11:29:44+00:00","article_modified_time":"2026-02-12T08:18:47+00:00","og_image":[{"width":1744,"height":981,"url":"https:\/\/pierrecardinyatak.com.tr\/wp-content\/uploads\/2025\/05\/urun-malibu6.jpg","type":"image\/jpeg"}],"author":"admin","twitter_card":"summary_large_image","twitter_creator":"@pcardinbedding","twitter_site":"@pcardinbedding","twitter_misc":{"Written by":"admin","Est. reading time":"3 \u043c\u0438\u043d\u0443\u0442\u044b"},"schema":{"@context":"https:\/\/schema.org","@graph":[{"@type":"Article","@id":"https:\/\/pierrecardinyatak.com.tr\/akilli-depolama-konforlu-uyku-ve-sik-tasarimin-birlestigi-yeni-nesil-yatak-odasi\/#article","isPartOf":{"@id":"https:\/\/pierrecardinyatak.com.tr\/akilli-depolama-konforlu-uyku-ve-sik-tasarimin-birlestigi-yeni-nesil-yatak-odasi\/"},"author":{"name":"admin","@id":"https:\/\/pierrecardinyatak.com.tr\/#\/schema\/person\/1c182155c79ef557a479bd374b58f902"},"headline":"Ak\u0131ll\u0131 Depolama, Konforlu Uyku ve \u015e\u0131k Tasar\u0131m\u0131n Birle\u015fti\u011fi Yeni Nesil Yatak Odas\u0131","datePublished":"2025-12-07T11:29:44+00:00","dateModified":"2026-02-12T08:18:47+00:00","mainEntityOfPage":{"@id":"https:\/\/pierrecardinyatak.com.tr\/akilli-depolama-konforlu-uyku-ve-sik-tasarimin-birlestigi-yeni-nesil-yatak-odasi\/"},"wordCount":569,"image":{"@id":"https:\/\/pierrecardinyatak.com.tr\/akilli-depolama-konforlu-uyku-ve-sik-tasarimin-birlestigi-yeni-nesil-yatak-odasi\/#primaryimage"},"thumbnailUrl":"https:\/\/pierrecardinyatak.com.tr\/wp-content\/uploads\/2025\/05\/urun-malibu6.jpg","articleSection":["Blog"],"inLanguage":"ru-RU"},{"@type":"WebPage","@id":"https:\/\/pierrecardinyatak.com.tr\/akilli-depolama-konforlu-uyku-ve-sik-tasarimin-birlestigi-yeni-nesil-yatak-odasi\/","url":"https:\/\/pierrecardinyatak.com.tr\/akilli-depolama-konforlu-uyku-ve-sik-tasarimin-birlestigi-yeni-nesil-yatak-odasi\/","name":"Ak\u0131ll\u0131 Depolama, Konforlu Uyku ve \u015e\u0131k Tasar\u0131m\u0131n Birle\u015fti\u011fi Yeni Nesil Yatak Odas\u0131 - Pierre Cardin Yatak","isPartOf":{"@id":"https:\/\/pierrecardinyatak.com.tr\/#website"},"primaryImageOfPage":{"@id":"https:\/\/pierrecardinyatak.com.tr\/akilli-depolama-konforlu-uyku-ve-sik-tasarimin-birlestigi-yeni-nesil-yatak-odasi\/#primaryimage"},"image":{"@id":"https:\/\/pierrecardinyatak.com.tr\/akilli-depolama-konforlu-uyku-ve-sik-tasarimin-birlestigi-yeni-nesil-yatak-odasi\/#primaryimage"},"thumbnailUrl":"https:\/\/pierrecardinyatak.com.tr\/wp-content\/uploads\/2025\/05\/urun-malibu6.jpg","datePublished":"2025-12-07T11:29:44+00:00","dateModified":"2026-02-12T08:18:47+00:00","author":{"@id":"https:\/\/pierrecardinyatak.com.tr\/#\/schema\/person\/1c182155c79ef557a479bd374b58f902"},"breadcrumb":{"@id":"https:\/\/pierrecardinyatak.com.tr\/akilli-depolama-konforlu-uyku-ve-sik-tasarimin-birlestigi-yeni-nesil-yatak-odasi\/#breadcrumb"},"inLanguage":"ru-RU","potentialAction":[{"@type":"ReadAction","target":["https:\/\/pierrecardinyatak.com.tr\/akilli-depolama-konforlu-uyku-ve-sik-tasarimin-birlestigi-yeni-nesil-yatak-odasi\/"]}]},{"@type":"ImageObject","inLanguage":"ru-RU","@id":"https:\/\/pierrecardinyatak.com.tr\/akilli-depolama-konforlu-uyku-ve-sik-tasarimin-birlestigi-yeni-nesil-yatak-odasi\/#primaryimage","url":"https:\/\/pierrecardinyatak.com.tr\/wp-content\/uploads\/2025\/05\/urun-malibu6.jpg","contentUrl":"https:\/\/pierrecardinyatak.com.tr\/wp-content\/uploads\/2025\/05\/urun-malibu6.jpg","width":1744,"height":981},{"@type":"BreadcrumbList","@id":"https:\/\/pierrecardinyatak.com.tr\/akilli-depolama-konforlu-uyku-ve-sik-tasarimin-birlestigi-yeni-nesil-yatak-odasi\/#breadcrumb","itemListElement":[{"@type":"ListItem","position":1,"name":"Anasayfa","item":"https:\/\/pierrecardinyatak.com.tr\/"},{"@type":"ListItem","position":2,"name":"Ak\u0131ll\u0131 Depolama, Konforlu Uyku ve \u015e\u0131k Tasar\u0131m\u0131n Birle\u015fti\u011fi Yeni Nesil Yatak Odas\u0131"}]},{"@type":"WebSite","@id":"https:\/\/pierrecardinyatak.com.tr\/#website","url":"https:\/\/pierrecardinyatak.com.tr\/","name":"Pierre Cardin Yatak","description":"-","potentialAction":[{"@type":"SearchAction","target":{"@type":"EntryPoint","urlTemplate":"https:\/\/pierrecardinyatak.com.tr\/?s={search_term_string}"},"query-input":{"@type":"PropertyValueSpecification","valueRequired":true,"valueName":"search_term_string"}}],"inLanguage":"ru-RU"},{"@type":"Person","@id":"https:\/\/pierrecardinyatak.com.tr\/#\/schema\/person\/1c182155c79ef557a479bd374b58f902","name":"admin","image":{"@type":"ImageObject","inLanguage":"ru-RU","@id":"https:\/\/secure.gravatar.com\/avatar\/3a0c75d6a4a7b2213bf32cead72e590c8f6aa56e5c7c70ea801e74aa7a9372bc?s=96&d=mm&r=g","url":"https:\/\/secure.gravatar.com\/avatar\/3a0c75d6a4a7b2213bf32cead72e590c8f6aa56e5c7c70ea801e74aa7a9372bc?s=96&d=mm&r=g","contentUrl":"https:\/\/secure.gravatar.com\/avatar\/3a0c75d6a4a7b2213bf32cead72e590c8f6aa56e5c7c70ea801e74aa7a9372bc?s=96&d=mm&r=g","caption":"admin"},"sameAs":["https:\/\/pierrecardinbedding.com.tr"],"url":"https:\/\/pierrecardinyatak.com.tr\/kk\/author\/admin\/"}]}},"_links":{"self":[{"href":"https:\/\/pierrecardinyatak.com.tr\/kk\/wp-json\/wp\/v2\/posts\/13260","targetHints":{"allow":["GET"]}}],"collection":[{"href":"https:\/\/pierrecardinyatak.com.tr\/kk\/wp-json\/wp\/v2\/posts"}],"about":[{"href":"https:\/\/pierrecardinyatak.com.tr\/kk\/wp-json\/wp\/v2\/types\/post"}],"author":[{"embeddable":true,"href":"https:\/\/pierrecardinyatak.com.tr\/kk\/wp-json\/wp\/v2\/users\/1"}],"replies":[{"embeddable":true,"href":"https:\/\/pierrecardinyatak.com.tr\/kk\/wp-json\/wp\/v2\/comments?post=13260"}],"version-history":[{"count":0,"href":"https:\/\/pierrecardinyatak.com.tr\/kk\/wp-json\/wp\/v2\/posts\/13260\/revisions"}],"wp:featuredmedia":[{"embeddable":true,"href":"https:\/\/pierrecardinyatak.com.tr\/kk\/wp-json\/wp\/v2\/media\/9757"}],"wp:attachment":[{"href":"https:\/\/pierrecardinyatak.com.tr\/kk\/wp-json\/wp\/v2\/media?parent=13260"}],"wp:term":[{"taxonomy":"category","embeddable":true,"href":"https:\/\/pierrecardinyatak.com.tr\/kk\/wp-json\/wp\/v2\/categories?post=13260"},{"taxonomy":"post_tag","embeddable":true,"href":"https:\/\/pierrecardinyatak.com.tr\/kk\/wp-json\/wp\/v2\/tags?post=13260"}],"curies":[{"name":"wp","href":"https:\/\/api.w.org\/{rel}","templated":true}]}}