{"id":11708,"date":"2025-08-21T15:07:59","date_gmt":"2025-08-21T12:07:59","guid":{"rendered":"https:\/\/pierrecardinyatak.com.tr\/?p=11708"},"modified":"2025-08-23T21:06:18","modified_gmt":"2025-08-23T18:06:18","slug":"yatak-secimi-hayati-nasil-degistirir","status":"publish","type":"post","link":"https:\/\/pierrecardinyatak.com.tr\/kk\/yatak-secimi-hayati-nasil-degistirir\/","title":{"rendered":"Yatak Se\u00e7imi Hayat\u0131 Nas\u0131l De\u011fi\u015ftirir?"},"content":{"rendered":"<p>Yatak, evin en sessiz ama en \u00e7ok kullan\u0131lan e\u015fyas\u0131d\u0131r. G\u00fcn\u00fcn yorgunlu\u011funu atmak, sabah\u0131 din\u00e7 kar\u015f\u0131lamak ve bazen ruh halimizi d\u00fczeltmek i\u00e7in en temel ihtiya\u00e7lardan biridir. Do\u011fru yatak se\u00e7imi, asl\u0131nda sadece bir mobilya tercihi de\u011fil, sa\u011fl\u0131\u011f\u0131m\u0131z\u0131 do\u011frudan etkileyen \u00f6nemli bir karard\u0131r.<\/p>\n<p>Bug\u00fcn piyasada say\u0131s\u0131z yatak modeli mevcut ve her biri farkl\u0131 ihtiya\u00e7lara hitap ediyor. Klasik yataklardan yana olanlar i\u00e7in yayl\u0131 yatak h\u00e2l\u00e2 g\u00fc\u00e7l\u00fc bir se\u00e7enek. Daha modern ve konforlu bir uyku arayanlar i\u00e7in visco veya memory foam yataklar \u00f6ne \u00e7\u0131k\u0131yor. Bu modeller, v\u00fccudu sararak bas\u0131nc\u0131 dengeliyor ve gece boyunca d\u00f6n\u00fcp durmay\u0131 azalt\u0131yor. Do\u011fall\u0131ktan vazge\u00e7meyenler i\u00e7in lateks yatak, nefes alabilen yap\u0131s\u0131yla \u00f6zellikle terleme sorunu ya\u015fayanlara ferahl\u0131k sunuyor. T\u00fcm bu teknolojilerin birle\u015fti\u011fi hybrid yatak ise yayl\u0131 sistemin dayan\u0131kl\u0131l\u0131\u011f\u0131 ile visco veya lateksin konforunu bir araya getiriyor.<\/p>\n<p>Fiyat konusu elbette herkesin akl\u0131n\u0131 kurcal\u0131yor. Yatak fiyatlar\u0131, \u00f6l\u00e7\u00fclere, malzeme kalitesine ve kullan\u0131lan teknolojiye g\u00f6re de\u011fi\u015fiklik g\u00f6steriyor. Uygun fiyatl\u0131 \u00e7\u00f6z\u00fcmler genellikle standart yayl\u0131 modellerde bulunurken, \u00fcst segmentteki do\u011fal yataklar, hybrid yataklar veya lateks yataklar daha y\u00fcksek fiyatl\u0131 olsa da uzun \u00f6m\u00fcrl\u00fc kullan\u0131m avantaj\u0131yla dikkat \u00e7ekiyor. Bazen pahal\u0131 gibi g\u00f6r\u00fcnen bir yatak, y\u0131llar boyunca sa\u011flam kald\u0131\u011f\u0131nda asl\u0131nda daha ekonomik hale geliyor.<\/p>\n<p>Hayat\u0131n farkl\u0131 d\u00f6nemlerinde ihtiya\u00e7lar\u0131m\u0131z da de\u011fi\u015fiyor. Yeni do\u011fan bir bebek i\u00e7in en \u00f6nemli \u015fey hijyen ve g\u00fcvenlik; bu nedenle bebek yata\u011f\u0131n\u0131n mutlaka antialerjik ve antibakteriyel \u00f6zelliklere sahip olmas\u0131 gerekiyor. B\u00fcy\u00fcyen \u00e7ocuklar i\u00e7in ise hareketli ve dayan\u0131kl\u0131 bir \u00e7ocuk yata\u011f\u0131 \u015fart. Ergenlik d\u00f6neminde omurga sa\u011fl\u0131\u011f\u0131 \u00f6n planda oldu\u011fu i\u00e7in, do\u011fru destek sa\u011flayan gen\u00e7 yata\u011f\u0131 olduk\u00e7a \u00f6nemli hale geliyor.<\/p>\n<p>Yeti\u015fkinler i\u00e7inse se\u00e7im genellikle oda b\u00fcy\u00fckl\u00fc\u011f\u00fcne ve ya\u015fam tarz\u0131na ba\u011fl\u0131. K\u00fc\u00e7\u00fck bir odada tek ki\u015filik yatak en uygun se\u00e7enekken, geni\u015f yatak odalar\u0131nda ya da \u00e7iftler i\u00e7in \u00e7ift ki\u015filik yataklar en \u00e7ok tercih edilen modeller aras\u0131nda yer al\u0131yor. Evinde otel konforunu ya\u015famak isteyenler i\u00e7in kal\u0131n yap\u0131s\u0131yla dayan\u0131kl\u0131l\u0131k sunan otel tipi yataklar dikkat \u00e7ekiyor. Daha pratik bir kullan\u0131m arayanlar i\u00e7inse roll pack yatak, kutudan \u00e7\u0131k\u0131p an\u0131nda yata\u011fa d\u00f6n\u00fc\u015ferek, kolay ta\u015f\u0131nabilirli\u011fiyle \u00f6zellikle \u015fehir ya\u015fam\u0131nda b\u00fcy\u00fck bir avantaj sa\u011fl\u0131yor.<\/p>\n<p>Baz\u0131 kullan\u0131c\u0131lar sert yataklar\u0131 tercih ederken, bu t\u00fcr yataklar bel ve s\u0131rt deste\u011fi arayanlar i\u00e7in ideal. Di\u011ferleri ise yumu\u015fak bir yatakta uyumadan rahat edemez; onlar i\u00e7in yumu\u015fak yatak daha konforlu bir se\u00e7enek. Sa\u011fl\u0131\u011fa ekstra dikkat edenler i\u00e7inse anti alerjik ve antibakteriyel yatak modelleri, temiz ve g\u00fcvenli bir uyku ortam\u0131 sunuyor.<\/p>\n<p>T\u00fcm bu se\u00e7enekler aras\u0131nda karar vermek zor g\u00f6r\u00fcnebilir. Ancak do\u011fru yata\u011f\u0131 bulman\u0131n yolu, kendini tan\u0131maktan ge\u00e7iyor. Ne kadar sertlik istedi\u011finizi, gece boyunca nas\u0131l uyudu\u011funuzu, terleme ya da alerji gibi sorunlar\u0131n\u0131z\u0131n olup olmad\u0131\u011f\u0131n\u0131 bilmek, karar vermeyi kolayla\u015ft\u0131r\u0131r. Fiyat, model ya da teknoloji bir yana, \u00f6nemli olan sabah kalkt\u0131\u011f\u0131n\u0131zda dinlenmi\u015f hissetmektir.<\/p>\n<p>Bir yatak sadece uyumak i\u00e7in de\u011fil; g\u00fcn\u00fcn nas\u0131l ba\u015flayaca\u011f\u0131n\u0131 belirleyen gizli bir unsurdur. Yanl\u0131\u015f bir se\u00e7im, sabah\u0131 yorgun, moralsiz ve isteksiz ge\u00e7irmenize neden olabilir. Do\u011fru se\u00e7im ise sadece uykunuzu de\u011fil, t\u00fcm ya\u015fam\u0131n\u0131z\u0131 g\u00fczelle\u015ftirir.<\/p>","protected":false},"excerpt":{"rendered":"<p>Yatak, evin en sessiz ama en \u00e7ok kullan\u0131lan e\u015fyas\u0131d\u0131r. G\u00fcn\u00fcn yorgunlu\u011funu atmak, sabah\u0131 din\u00e7 kar\u015f\u0131lamak ve bazen ruh halimizi d\u00fczeltmek<\/p>","protected":false},"author":1,"featured_media":9790,"comment_status":"closed","ping_status":"closed","sticky":false,"template":"","format":"standard","meta":{"footnotes":""},"categories":[369],"tags":[],"class_list":["post-11708","post","type-post","status-publish","format-standard","has-post-thumbnail","hentry","category-blog"],"yoast_head":"<!-- This site is optimized with the Yoast SEO plugin v27.4 - https:\/\/yoast.com\/product\/yoast-seo-wordpress\/ -->\n<title>Yatak Se\u00e7imi Hayat\u0131 Nas\u0131l De\u011fi\u015ftirir? - Pierre Cardin Yatak<\/title>\n<meta name=\"robots\" content=\"index, follow, max-snippet:-1, max-image-preview:large, max-video-preview:-1\" \/>\n<link rel=\"canonical\" href=\"https:\/\/pierrecardinyatak.com.tr\/kk\/yatak-secimi-hayati-nasil-degistirir\/\" \/>\n<meta property=\"og:locale\" content=\"en_US\" \/>\n<meta property=\"og:type\" content=\"article\" \/>\n<meta property=\"og:title\" content=\"Yatak Se\u00e7imi Hayat\u0131 Nas\u0131l De\u011fi\u015ftirir? - Pierre Cardin Yatak\" \/>\n<meta property=\"og:description\" content=\"Yatak, evin en sessiz ama en \u00e7ok kullan\u0131lan e\u015fyas\u0131d\u0131r. G\u00fcn\u00fcn yorgunlu\u011funu atmak, sabah\u0131 din\u00e7 kar\u015f\u0131lamak ve bazen ruh halimizi d\u00fczeltmek\" \/>\n<meta property=\"og:url\" content=\"https:\/\/pierrecardinyatak.com.tr\/kk\/yatak-secimi-hayati-nasil-degistirir\/\" \/>\n<meta property=\"og:site_name\" content=\"Pierre Cardin Yatak\" \/>\n<meta property=\"article:publisher\" content=\"https:\/\/www.facebook.com\/pierrecardinyatak\" \/>\n<meta property=\"article:published_time\" content=\"2025-08-21T12:07:59+00:00\" \/>\n<meta property=\"article:modified_time\" content=\"2025-08-23T18:06:18+00:00\" \/>\n<meta property=\"og:image\" content=\"https:\/\/pierrecardinyatak.com.tr\/wp-content\/uploads\/2025\/05\/urun-lorganica3.jpg\" \/>\n\t<meta property=\"og:image:width\" content=\"1387\" \/>\n\t<meta property=\"og:image:height\" content=\"1302\" \/>\n\t<meta property=\"og:image:type\" content=\"image\/jpeg\" \/>\n<meta name=\"author\" content=\"admin\" \/>\n<meta name=\"twitter:card\" content=\"summary_large_image\" \/>\n<meta name=\"twitter:creator\" content=\"@pcardinbedding\" \/>\n<meta name=\"twitter:site\" content=\"@pcardinbedding\" \/>\n<meta name=\"twitter:label1\" content=\"Written by\" \/>\n\t<meta name=\"twitter:data1\" content=\"admin\" \/>\n\t<meta name=\"twitter:label2\" content=\"Est. reading time\" \/>\n\t<meta name=\"twitter:data2\" content=\"3 \u043c\u0438\u043d\u0443\u0442\u044b\" \/>\n<script type=\"application\/ld+json\" class=\"yoast-schema-graph\">{\"@context\":\"https:\\\/\\\/schema.org\",\"@graph\":[{\"@type\":\"Article\",\"@id\":\"https:\\\/\\\/pierrecardinyatak.com.tr\\\/yatak-secimi-hayati-nasil-degistirir\\\/#article\",\"isPartOf\":{\"@id\":\"https:\\\/\\\/pierrecardinyatak.com.tr\\\/yatak-secimi-hayati-nasil-degistirir\\\/\"},\"author\":{\"name\":\"admin\",\"@id\":\"https:\\\/\\\/pierrecardinyatak.com.tr\\\/#\\\/schema\\\/person\\\/1c182155c79ef557a479bd374b58f902\"},\"headline\":\"Yatak Se\u00e7imi Hayat\u0131 Nas\u0131l De\u011fi\u015ftirir?\",\"datePublished\":\"2025-08-21T12:07:59+00:00\",\"dateModified\":\"2025-08-23T18:06:18+00:00\",\"mainEntityOfPage\":{\"@id\":\"https:\\\/\\\/pierrecardinyatak.com.tr\\\/yatak-secimi-hayati-nasil-degistirir\\\/\"},\"wordCount\":641,\"image\":{\"@id\":\"https:\\\/\\\/pierrecardinyatak.com.tr\\\/yatak-secimi-hayati-nasil-degistirir\\\/#primaryimage\"},\"thumbnailUrl\":\"https:\\\/\\\/pierrecardinyatak.com.tr\\\/wp-content\\\/uploads\\\/2025\\\/05\\\/urun-lorganica3.jpg\",\"articleSection\":[\"Blog\"],\"inLanguage\":\"ru-RU\"},{\"@type\":\"WebPage\",\"@id\":\"https:\\\/\\\/pierrecardinyatak.com.tr\\\/yatak-secimi-hayati-nasil-degistirir\\\/\",\"url\":\"https:\\\/\\\/pierrecardinyatak.com.tr\\\/yatak-secimi-hayati-nasil-degistirir\\\/\",\"name\":\"Yatak Se\u00e7imi Hayat\u0131 Nas\u0131l De\u011fi\u015ftirir? - Pierre Cardin Yatak\",\"isPartOf\":{\"@id\":\"https:\\\/\\\/pierrecardinyatak.com.tr\\\/#website\"},\"primaryImageOfPage\":{\"@id\":\"https:\\\/\\\/pierrecardinyatak.com.tr\\\/yatak-secimi-hayati-nasil-degistirir\\\/#primaryimage\"},\"image\":{\"@id\":\"https:\\\/\\\/pierrecardinyatak.com.tr\\\/yatak-secimi-hayati-nasil-degistirir\\\/#primaryimage\"},\"thumbnailUrl\":\"https:\\\/\\\/pierrecardinyatak.com.tr\\\/wp-content\\\/uploads\\\/2025\\\/05\\\/urun-lorganica3.jpg\",\"datePublished\":\"2025-08-21T12:07:59+00:00\",\"dateModified\":\"2025-08-23T18:06:18+00:00\",\"author\":{\"@id\":\"https:\\\/\\\/pierrecardinyatak.com.tr\\\/#\\\/schema\\\/person\\\/1c182155c79ef557a479bd374b58f902\"},\"breadcrumb\":{\"@id\":\"https:\\\/\\\/pierrecardinyatak.com.tr\\\/yatak-secimi-hayati-nasil-degistirir\\\/#breadcrumb\"},\"inLanguage\":\"ru-RU\",\"potentialAction\":[{\"@type\":\"ReadAction\",\"target\":[\"https:\\\/\\\/pierrecardinyatak.com.tr\\\/yatak-secimi-hayati-nasil-degistirir\\\/\"]}]},{\"@type\":\"ImageObject\",\"inLanguage\":\"ru-RU\",\"@id\":\"https:\\\/\\\/pierrecardinyatak.com.tr\\\/yatak-secimi-hayati-nasil-degistirir\\\/#primaryimage\",\"url\":\"https:\\\/\\\/pierrecardinyatak.com.tr\\\/wp-content\\\/uploads\\\/2025\\\/05\\\/urun-lorganica3.jpg\",\"contentUrl\":\"https:\\\/\\\/pierrecardinyatak.com.tr\\\/wp-content\\\/uploads\\\/2025\\\/05\\\/urun-lorganica3.jpg\",\"width\":1387,\"height\":1302},{\"@type\":\"BreadcrumbList\",\"@id\":\"https:\\\/\\\/pierrecardinyatak.com.tr\\\/yatak-secimi-hayati-nasil-degistirir\\\/#breadcrumb\",\"itemListElement\":[{\"@type\":\"ListItem\",\"position\":1,\"name\":\"Anasayfa\",\"item\":\"https:\\\/\\\/pierrecardinyatak.com.tr\\\/\"},{\"@type\":\"ListItem\",\"position\":2,\"name\":\"Yatak Se\u00e7imi Hayat\u0131 Nas\u0131l De\u011fi\u015ftirir?\"}]},{\"@type\":\"WebSite\",\"@id\":\"https:\\\/\\\/pierrecardinyatak.com.tr\\\/#website\",\"url\":\"https:\\\/\\\/pierrecardinyatak.com.tr\\\/\",\"name\":\"Pierre Cardin Yatak\",\"description\":\"-\",\"potentialAction\":[{\"@type\":\"SearchAction\",\"target\":{\"@type\":\"EntryPoint\",\"urlTemplate\":\"https:\\\/\\\/pierrecardinyatak.com.tr\\\/?s={search_term_string}\"},\"query-input\":{\"@type\":\"PropertyValueSpecification\",\"valueRequired\":true,\"valueName\":\"search_term_string\"}}],\"inLanguage\":\"ru-RU\"},{\"@type\":\"Person\",\"@id\":\"https:\\\/\\\/pierrecardinyatak.com.tr\\\/#\\\/schema\\\/person\\\/1c182155c79ef557a479bd374b58f902\",\"name\":\"admin\",\"image\":{\"@type\":\"ImageObject\",\"inLanguage\":\"ru-RU\",\"@id\":\"https:\\\/\\\/secure.gravatar.com\\\/avatar\\\/3a0c75d6a4a7b2213bf32cead72e590c8f6aa56e5c7c70ea801e74aa7a9372bc?s=96&d=mm&r=g\",\"url\":\"https:\\\/\\\/secure.gravatar.com\\\/avatar\\\/3a0c75d6a4a7b2213bf32cead72e590c8f6aa56e5c7c70ea801e74aa7a9372bc?s=96&d=mm&r=g\",\"contentUrl\":\"https:\\\/\\\/secure.gravatar.com\\\/avatar\\\/3a0c75d6a4a7b2213bf32cead72e590c8f6aa56e5c7c70ea801e74aa7a9372bc?s=96&d=mm&r=g\",\"caption\":\"admin\"},\"sameAs\":[\"https:\\\/\\\/pierrecardinbedding.com.tr\"],\"url\":\"https:\\\/\\\/pierrecardinyatak.com.tr\\\/kk\\\/author\\\/admin\\\/\"}]}<\/script>\n<!-- \/ Yoast SEO plugin. -->","yoast_head_json":{"title":"Yatak Se\u00e7imi Hayat\u0131 Nas\u0131l De\u011fi\u015ftirir? - Pierre Cardin Yatak","robots":{"index":"index","follow":"follow","max-snippet":"max-snippet:-1","max-image-preview":"max-image-preview:large","max-video-preview":"max-video-preview:-1"},"canonical":"https:\/\/pierrecardinyatak.com.tr\/kk\/yatak-secimi-hayati-nasil-degistirir\/","og_locale":"en_US","og_type":"article","og_title":"Yatak Se\u00e7imi Hayat\u0131 Nas\u0131l De\u011fi\u015ftirir? - Pierre Cardin Yatak","og_description":"Yatak, evin en sessiz ama en \u00e7ok kullan\u0131lan e\u015fyas\u0131d\u0131r. G\u00fcn\u00fcn yorgunlu\u011funu atmak, sabah\u0131 din\u00e7 kar\u015f\u0131lamak ve bazen ruh halimizi d\u00fczeltmek","og_url":"https:\/\/pierrecardinyatak.com.tr\/kk\/yatak-secimi-hayati-nasil-degistirir\/","og_site_name":"Pierre Cardin Yatak","article_publisher":"https:\/\/www.facebook.com\/pierrecardinyatak","article_published_time":"2025-08-21T12:07:59+00:00","article_modified_time":"2025-08-23T18:06:18+00:00","og_image":[{"width":1387,"height":1302,"url":"https:\/\/pierrecardinyatak.com.tr\/wp-content\/uploads\/2025\/05\/urun-lorganica3.jpg","type":"image\/jpeg"}],"author":"admin","twitter_card":"summary_large_image","twitter_creator":"@pcardinbedding","twitter_site":"@pcardinbedding","twitter_misc":{"Written by":"admin","Est. reading time":"3 \u043c\u0438\u043d\u0443\u0442\u044b"},"schema":{"@context":"https:\/\/schema.org","@graph":[{"@type":"Article","@id":"https:\/\/pierrecardinyatak.com.tr\/yatak-secimi-hayati-nasil-degistirir\/#article","isPartOf":{"@id":"https:\/\/pierrecardinyatak.com.tr\/yatak-secimi-hayati-nasil-degistirir\/"},"author":{"name":"admin","@id":"https:\/\/pierrecardinyatak.com.tr\/#\/schema\/person\/1c182155c79ef557a479bd374b58f902"},"headline":"Yatak Se\u00e7imi Hayat\u0131 Nas\u0131l De\u011fi\u015ftirir?","datePublished":"2025-08-21T12:07:59+00:00","dateModified":"2025-08-23T18:06:18+00:00","mainEntityOfPage":{"@id":"https:\/\/pierrecardinyatak.com.tr\/yatak-secimi-hayati-nasil-degistirir\/"},"wordCount":641,"image":{"@id":"https:\/\/pierrecardinyatak.com.tr\/yatak-secimi-hayati-nasil-degistirir\/#primaryimage"},"thumbnailUrl":"https:\/\/pierrecardinyatak.com.tr\/wp-content\/uploads\/2025\/05\/urun-lorganica3.jpg","articleSection":["Blog"],"inLanguage":"ru-RU"},{"@type":"WebPage","@id":"https:\/\/pierrecardinyatak.com.tr\/yatak-secimi-hayati-nasil-degistirir\/","url":"https:\/\/pierrecardinyatak.com.tr\/yatak-secimi-hayati-nasil-degistirir\/","name":"Yatak Se\u00e7imi Hayat\u0131 Nas\u0131l De\u011fi\u015ftirir? - Pierre Cardin Yatak","isPartOf":{"@id":"https:\/\/pierrecardinyatak.com.tr\/#website"},"primaryImageOfPage":{"@id":"https:\/\/pierrecardinyatak.com.tr\/yatak-secimi-hayati-nasil-degistirir\/#primaryimage"},"image":{"@id":"https:\/\/pierrecardinyatak.com.tr\/yatak-secimi-hayati-nasil-degistirir\/#primaryimage"},"thumbnailUrl":"https:\/\/pierrecardinyatak.com.tr\/wp-content\/uploads\/2025\/05\/urun-lorganica3.jpg","datePublished":"2025-08-21T12:07:59+00:00","dateModified":"2025-08-23T18:06:18+00:00","author":{"@id":"https:\/\/pierrecardinyatak.com.tr\/#\/schema\/person\/1c182155c79ef557a479bd374b58f902"},"breadcrumb":{"@id":"https:\/\/pierrecardinyatak.com.tr\/yatak-secimi-hayati-nasil-degistirir\/#breadcrumb"},"inLanguage":"ru-RU","potentialAction":[{"@type":"ReadAction","target":["https:\/\/pierrecardinyatak.com.tr\/yatak-secimi-hayati-nasil-degistirir\/"]}]},{"@type":"ImageObject","inLanguage":"ru-RU","@id":"https:\/\/pierrecardinyatak.com.tr\/yatak-secimi-hayati-nasil-degistirir\/#primaryimage","url":"https:\/\/pierrecardinyatak.com.tr\/wp-content\/uploads\/2025\/05\/urun-lorganica3.jpg","contentUrl":"https:\/\/pierrecardinyatak.com.tr\/wp-content\/uploads\/2025\/05\/urun-lorganica3.jpg","width":1387,"height":1302},{"@type":"BreadcrumbList","@id":"https:\/\/pierrecardinyatak.com.tr\/yatak-secimi-hayati-nasil-degistirir\/#breadcrumb","itemListElement":[{"@type":"ListItem","position":1,"name":"Anasayfa","item":"https:\/\/pierrecardinyatak.com.tr\/"},{"@type":"ListItem","position":2,"name":"Yatak Se\u00e7imi Hayat\u0131 Nas\u0131l De\u011fi\u015ftirir?"}]},{"@type":"WebSite","@id":"https:\/\/pierrecardinyatak.com.tr\/#website","url":"https:\/\/pierrecardinyatak.com.tr\/","name":"Pierre Cardin Yatak","description":"-","potentialAction":[{"@type":"SearchAction","target":{"@type":"EntryPoint","urlTemplate":"https:\/\/pierrecardinyatak.com.tr\/?s={search_term_string}"},"query-input":{"@type":"PropertyValueSpecification","valueRequired":true,"valueName":"search_term_string"}}],"inLanguage":"ru-RU"},{"@type":"Person","@id":"https:\/\/pierrecardinyatak.com.tr\/#\/schema\/person\/1c182155c79ef557a479bd374b58f902","name":"admin","image":{"@type":"ImageObject","inLanguage":"ru-RU","@id":"https:\/\/secure.gravatar.com\/avatar\/3a0c75d6a4a7b2213bf32cead72e590c8f6aa56e5c7c70ea801e74aa7a9372bc?s=96&d=mm&r=g","url":"https:\/\/secure.gravatar.com\/avatar\/3a0c75d6a4a7b2213bf32cead72e590c8f6aa56e5c7c70ea801e74aa7a9372bc?s=96&d=mm&r=g","contentUrl":"https:\/\/secure.gravatar.com\/avatar\/3a0c75d6a4a7b2213bf32cead72e590c8f6aa56e5c7c70ea801e74aa7a9372bc?s=96&d=mm&r=g","caption":"admin"},"sameAs":["https:\/\/pierrecardinbedding.com.tr"],"url":"https:\/\/pierrecardinyatak.com.tr\/kk\/author\/admin\/"}]}},"_links":{"self":[{"href":"https:\/\/pierrecardinyatak.com.tr\/kk\/wp-json\/wp\/v2\/posts\/11708","targetHints":{"allow":["GET"]}}],"collection":[{"href":"https:\/\/pierrecardinyatak.com.tr\/kk\/wp-json\/wp\/v2\/posts"}],"about":[{"href":"https:\/\/pierrecardinyatak.com.tr\/kk\/wp-json\/wp\/v2\/types\/post"}],"author":[{"embeddable":true,"href":"https:\/\/pierrecardinyatak.com.tr\/kk\/wp-json\/wp\/v2\/users\/1"}],"replies":[{"embeddable":true,"href":"https:\/\/pierrecardinyatak.com.tr\/kk\/wp-json\/wp\/v2\/comments?post=11708"}],"version-history":[{"count":0,"href":"https:\/\/pierrecardinyatak.com.tr\/kk\/wp-json\/wp\/v2\/posts\/11708\/revisions"}],"wp:featuredmedia":[{"embeddable":true,"href":"https:\/\/pierrecardinyatak.com.tr\/kk\/wp-json\/wp\/v2\/media\/9790"}],"wp:attachment":[{"href":"https:\/\/pierrecardinyatak.com.tr\/kk\/wp-json\/wp\/v2\/media?parent=11708"}],"wp:term":[{"taxonomy":"category","embeddable":true,"href":"https:\/\/pierrecardinyatak.com.tr\/kk\/wp-json\/wp\/v2\/categories?post=11708"},{"taxonomy":"post_tag","embeddable":true,"href":"https:\/\/pierrecardinyatak.com.tr\/kk\/wp-json\/wp\/v2\/tags?post=11708"}],"curies":[{"name":"wp","href":"https:\/\/api.w.org\/{rel}","templated":true}]}}