{"id":9213,"date":"2025-05-07T21:34:30","date_gmt":"2025-05-07T18:34:30","guid":{"rendered":"https:\/\/pierrecardinyatak.com.tr\/?p=9213"},"modified":"2025-06-03T20:59:26","modified_gmt":"2025-06-03T17:59:26","slug":"mukemmel-yatak-secimi-icin-bilmeniz-gereken-5-kritik-ipucu","status":"publish","type":"post","link":"https:\/\/pierrecardinyatak.com.tr\/hy\/mukemmel-yatak-secimi-icin-bilmeniz-gereken-5-kritik-ipucu\/","title":{"rendered":"M\u00fckemmel Yatak Se\u00e7imi \u0130\u00e7in Bilmeniz Gereken 5 Kritik \u0130pucu"},"content":{"rendered":"<p>\u0130yi bir uyku, sa\u011fl\u0131kl\u0131 bir ya\u015fam\u0131n temel ta\u015flar\u0131ndan biridir. Ancak, rahat ve dinlendirici bir uykunun ilk ad\u0131m\u0131, do\u011fru yata\u011f\u0131 se\u00e7mekten ge\u00e7er. Do\u011fru yatak se\u00e7imi, sadece uyku kalitenizi de\u011fil, genel sa\u011fl\u0131\u011f\u0131n\u0131z\u0131 da etkileyebilir.<\/p>\n<h2>Yatak Se\u00e7iminde Konforu ve Sa\u011fl\u0131\u011f\u0131 Bir Araya Getirin<\/h2>\n<p>M\u00fckemmel yatak se\u00e7imi i\u00e7in bilmeniz gerekenler aras\u0131nda, konfor ve sa\u011fl\u0131\u011f\u0131n \u00f6nemini vurgulamak son derece \u00f6nemlidir. Yataklar, uyku kalitemizi do\u011frudan etkileyen, v\u00fccudumuzun dinlenmesini sa\u011flayan unsurlard\u0131r. Bu nedenle, konforlu bir yatak se\u00e7erken, ayn\u0131 zamanda bedensel destek sa\u011flayan bir yast\u0131k uyumunu da g\u00f6z \u00f6n\u00fcnde bulundurmal\u0131s\u0131n\u0131z.<\/p>\n<p>Yatak se\u00e7iminde, v\u00fccudunuzun do\u011fal e\u011frilerini destekleyen bir yap\u0131 aramak faydal\u0131 olacakt\u0131r. \u00d6rne\u011fin; haf\u0131zal\u0131 s\u00fcnger veya lateks gibi malzemeler, bedensel bask\u0131lar\u0131 azaltarak daha rahat bir uyku deneyimi sa\u011flar. B\u00f6ylece, gece boyunca d\u00f6ng\u00fcsel uyanma s\u0131kl\u0131\u011f\u0131n\u0131 azaltarak uyku kalitesini art\u0131rabilirsiniz.<\/p>\n<h2>Uyku Al\u0131\u015fkanl\u0131klar\u0131n\u0131za En Uygun Yata\u011f\u0131 Bulun<\/h2>\n<p>Uyku al\u0131\u015fkanl\u0131klar\u0131n\u0131z, uyku kalitenizi do\u011frudan etkileyen \u00f6nemli bir fakt\u00f6rd\u00fcr. Bu nedenle, m\u00fckemmel yatak se\u00e7imi i\u00e7in bilmeniz gerekenler aras\u0131nda, uyku al\u0131\u015fkanl\u0131klar\u0131n\u0131za en uygun yata\u011f\u0131 bulmak da yer almaktad\u0131r. Her bireyin uyku y\u00f6nelimleri, v\u00fccut dili, pozisyonlar\u0131 ve tercihleri farkl\u0131l\u0131k g\u00f6sterdi\u011fi i\u00e7in, yatak se\u00e7imi konusunda dikkatli olmal\u0131s\u0131n\u0131z. Uyku s\u0131ras\u0131nda en \u00e7ok tercih etti\u011finiz pozisyona g\u00f6re yatak tipinizi belirlemek \u00f6nemlidir.<\/p>\n<ul>\n<li>S\u0131rt\u00fcst\u00fc yatanlar i\u00e7in sertlikte bir yatak \u00f6nerilir, bu sayede omurgan\u0131z\u0131n do\u011fal duru\u015fu desteklenir.<\/li>\n<li>Y\u00fcz\u00fcst\u00fc yatanlar i\u00e7in daha yumu\u015fak bir yatak, v\u00fccudunuzun \u00f6nerilen pozisyonda kalmas\u0131na yard\u0131mc\u0131 olabilir.<\/li>\n<li>Yan yatanlar i\u00e7in y\u00fcksek destek sa\u011flayan, elastik bir yatak al\u0131nmas\u0131, omuz ve kal\u00e7a b\u00f6lgelerinin rahat etmesini sa\u011flar.<\/li>\n<\/ul>\n<h2>Rahatl\u0131k ve Destek Dengesini Kurman\u0131n P\u00fcf Noktalar\u0131<\/h2>\n<p>Yatak se\u00e7imi hem konfor hem de destek a\u00e7\u0131s\u0131ndan dikkatlice d\u00fc\u015f\u00fcn\u00fclmelidir. Bu dengeyi sa\u011flamak, gece boyunca iyi bir uyku deneyimi elde etmenin anahtar\u0131d\u0131r. Rahat bir yatak, gev\u015femenize ve uykuya dalman\u0131za yard\u0131mc\u0131 olurken, yeterli destek sa\u011flamak da omurga sa\u011fl\u0131\u011f\u0131n\u0131z\u0131 korur. \u0130\u015fte bu dengeyi kurmak i\u00e7in baz\u0131 p\u00fcf noktalar\u0131 \u015fu \u015fekilde s\u0131ralanabilir;<\/p>\n<ul>\n<li><a href=\"https:\/\/pierrecardinyatak.com.tr\/hy\/yataklar-ana-kategori\/\">Yatak<\/a> tipini se\u00e7in<\/li>\n<li>Yoga veya esneme uygulamalar\u0131 yap\u0131n<\/li>\n<li>Materyallerin kalitesini g\u00f6z \u00f6n\u00fcnde bulundurun<\/li>\n<\/ul>\n<h2>V\u00fccut Tipinize Uygun Bir Yatak Se\u00e7in<\/h2>\n<p>Yatak se\u00e7erken v\u00fccut tipinizin \u00f6zelliklerini dikkate almak, m\u00fckemmel yatak se\u00e7imi i\u00e7in b\u00fcy\u00fck \u00f6neme sahiptir. Her bireyin v\u00fccut yap\u0131s\u0131, uyku pozisyonlar\u0131 ve uyku al\u0131\u015fkanl\u0131klar\u0131 farkl\u0131l\u0131k g\u00f6sterir. Bu sebeple, do\u011fru yatak se\u00e7imi hem konfor hem de sa\u011fl\u0131k a\u00e7\u0131s\u0131ndan \u00f6nem ta\u015f\u0131r. V\u00fccut tipinize uygun bir yatak se\u00e7erken, dikkat etmeniz gerekenler \u015fu \u015fekilde s\u0131ralanabilir;<\/p>\n<ul>\n<li>\u0130nce v\u00fccut tipine sahip ki\u015filer, genellikle daha yumu\u015fak ve ortopedik yataklar\u0131 tercih etmelidir. Bu t\u00fcr yataklar, v\u00fccudun do\u011fal k\u0131vr\u0131mlar\u0131n\u0131 destekleyerek rahat bir uyku sa\u011flar.<\/li>\n<li>A\u015f\u0131r\u0131 kilolu bireyler i\u00e7in daha sert ve destekleyici yataklar \u00f6nerilmektedir. <a href=\"https:\/\/pierrecardinyatak.com.tr\/hy\/sert\/\">Sert yataklar<\/a>, v\u00fccudu daha iyi destekleyerek, omurga sa\u011fl\u0131\u011f\u0131n\u0131 korumaya yard\u0131mc\u0131 olur.<\/li>\n<li>Orta v\u00fccut tipi olan ki\u015filer hem yumu\u015fak hem de sert yataklar\u0131n kombinasyonunu tercih edebilir. Bu konfor ile destek aras\u0131nda bir denge sa\u011flamalar\u0131na yard\u0131mc\u0131 olur.<\/li>\n<\/ul>","protected":false},"excerpt":{"rendered":"<p>\u0130yi bir uyku, sa\u011fl\u0131kl\u0131 bir ya\u015fam\u0131n temel ta\u015flar\u0131ndan biridir. Ancak, rahat ve dinlendirici bir uykunun ilk ad\u0131m\u0131, do\u011fru yata\u011f\u0131 se\u00e7mekten<\/p>","protected":false},"author":1,"featured_media":7757,"comment_status":"closed","ping_status":"closed","sticky":false,"template":"","format":"standard","meta":{"footnotes":""},"categories":[369],"tags":[],"class_list":["post-9213","post","type-post","status-publish","format-standard","has-post-thumbnail","hentry","category-blog"],"yoast_head":"<!-- This site is optimized with the Yoast SEO plugin v27.4 - https:\/\/yoast.com\/product\/yoast-seo-wordpress\/ -->\n<title>M\u00fckemmel Yatak Se\u00e7imi \u0130\u00e7in Bilmeniz Gereken 5 Kritik \u0130pucu - Pierre Cardin Yatak<\/title>\n<meta name=\"robots\" content=\"index, follow, max-snippet:-1, max-image-preview:large, max-video-preview:-1\" \/>\n<link rel=\"canonical\" href=\"https:\/\/pierrecardinyatak.com.tr\/hy\/mukemmel-yatak-secimi-icin-bilmeniz-gereken-5-kritik-ipucu\/\" \/>\n<meta property=\"og:locale\" content=\"en_US\" \/>\n<meta property=\"og:type\" content=\"article\" \/>\n<meta property=\"og:title\" content=\"M\u00fckemmel Yatak Se\u00e7imi \u0130\u00e7in Bilmeniz Gereken 5 Kritik \u0130pucu - Pierre Cardin Yatak\" \/>\n<meta property=\"og:description\" content=\"\u0130yi bir uyku, sa\u011fl\u0131kl\u0131 bir ya\u015fam\u0131n temel ta\u015flar\u0131ndan biridir. Ancak, rahat ve dinlendirici bir uykunun ilk ad\u0131m\u0131, do\u011fru yata\u011f\u0131 se\u00e7mekten\" \/>\n<meta property=\"og:url\" content=\"https:\/\/pierrecardinyatak.com.tr\/hy\/mukemmel-yatak-secimi-icin-bilmeniz-gereken-5-kritik-ipucu\/\" \/>\n<meta property=\"og:site_name\" content=\"Pierre Cardin Yatak\" \/>\n<meta property=\"article:publisher\" content=\"https:\/\/www.facebook.com\/pierrecardinyatak\" \/>\n<meta property=\"article:published_time\" content=\"2025-05-07T18:34:30+00:00\" \/>\n<meta property=\"article:modified_time\" content=\"2025-06-03T17:59:26+00:00\" \/>\n<meta property=\"og:image\" content=\"https:\/\/pierrecardinyatak.com.tr\/wp-content\/uploads\/2024\/01\/bleu-marine-pierre-cardin-yatak-1.jpg\" \/>\n\t<meta property=\"og:image:width\" content=\"1455\" \/>\n\t<meta property=\"og:image:height\" content=\"1090\" \/>\n\t<meta property=\"og:image:type\" content=\"image\/jpeg\" \/>\n<meta name=\"author\" content=\"admin\" \/>\n<meta name=\"twitter:card\" content=\"summary_large_image\" \/>\n<meta name=\"twitter:creator\" content=\"@pcardinbedding\" \/>\n<meta name=\"twitter:site\" content=\"@pcardinbedding\" \/>\n<meta name=\"twitter:label1\" content=\"Written by\" \/>\n\t<meta name=\"twitter:data1\" content=\"admin\" \/>\n\t<meta name=\"twitter:label2\" content=\"Est. reading time\" \/>\n\t<meta name=\"twitter:data2\" content=\"3 minutes\" \/>\n<script type=\"application\/ld+json\" class=\"yoast-schema-graph\">{\"@context\":\"https:\\\/\\\/schema.org\",\"@graph\":[{\"@type\":\"Article\",\"@id\":\"https:\\\/\\\/pierrecardinyatak.com.tr\\\/mukemmel-yatak-secimi-icin-bilmeniz-gereken-5-kritik-ipucu\\\/#article\",\"isPartOf\":{\"@id\":\"https:\\\/\\\/pierrecardinyatak.com.tr\\\/mukemmel-yatak-secimi-icin-bilmeniz-gereken-5-kritik-ipucu\\\/\"},\"author\":{\"name\":\"admin\",\"@id\":\"https:\\\/\\\/pierrecardinyatak.com.tr\\\/#\\\/schema\\\/person\\\/1c182155c79ef557a479bd374b58f902\"},\"headline\":\"M\u00fckemmel Yatak Se\u00e7imi \u0130\u00e7in Bilmeniz Gereken 5 Kritik \u0130pucu\",\"datePublished\":\"2025-05-07T18:34:30+00:00\",\"dateModified\":\"2025-06-03T17:59:26+00:00\",\"mainEntityOfPage\":{\"@id\":\"https:\\\/\\\/pierrecardinyatak.com.tr\\\/mukemmel-yatak-secimi-icin-bilmeniz-gereken-5-kritik-ipucu\\\/\"},\"wordCount\":611,\"image\":{\"@id\":\"https:\\\/\\\/pierrecardinyatak.com.tr\\\/mukemmel-yatak-secimi-icin-bilmeniz-gereken-5-kritik-ipucu\\\/#primaryimage\"},\"thumbnailUrl\":\"https:\\\/\\\/pierrecardinyatak.com.tr\\\/wp-content\\\/uploads\\\/2024\\\/01\\\/bleu-marine-pierre-cardin-yatak-1.jpg\",\"articleSection\":[\"Blog\"],\"inLanguage\":\"hy-AM\"},{\"@type\":\"WebPage\",\"@id\":\"https:\\\/\\\/pierrecardinyatak.com.tr\\\/mukemmel-yatak-secimi-icin-bilmeniz-gereken-5-kritik-ipucu\\\/\",\"url\":\"https:\\\/\\\/pierrecardinyatak.com.tr\\\/mukemmel-yatak-secimi-icin-bilmeniz-gereken-5-kritik-ipucu\\\/\",\"name\":\"M\u00fckemmel Yatak Se\u00e7imi \u0130\u00e7in Bilmeniz Gereken 5 Kritik \u0130pucu - Pierre Cardin Yatak\",\"isPartOf\":{\"@id\":\"https:\\\/\\\/pierrecardinyatak.com.tr\\\/#website\"},\"primaryImageOfPage\":{\"@id\":\"https:\\\/\\\/pierrecardinyatak.com.tr\\\/mukemmel-yatak-secimi-icin-bilmeniz-gereken-5-kritik-ipucu\\\/#primaryimage\"},\"image\":{\"@id\":\"https:\\\/\\\/pierrecardinyatak.com.tr\\\/mukemmel-yatak-secimi-icin-bilmeniz-gereken-5-kritik-ipucu\\\/#primaryimage\"},\"thumbnailUrl\":\"https:\\\/\\\/pierrecardinyatak.com.tr\\\/wp-content\\\/uploads\\\/2024\\\/01\\\/bleu-marine-pierre-cardin-yatak-1.jpg\",\"datePublished\":\"2025-05-07T18:34:30+00:00\",\"dateModified\":\"2025-06-03T17:59:26+00:00\",\"author\":{\"@id\":\"https:\\\/\\\/pierrecardinyatak.com.tr\\\/#\\\/schema\\\/person\\\/1c182155c79ef557a479bd374b58f902\"},\"breadcrumb\":{\"@id\":\"https:\\\/\\\/pierrecardinyatak.com.tr\\\/mukemmel-yatak-secimi-icin-bilmeniz-gereken-5-kritik-ipucu\\\/#breadcrumb\"},\"inLanguage\":\"hy-AM\",\"potentialAction\":[{\"@type\":\"ReadAction\",\"target\":[\"https:\\\/\\\/pierrecardinyatak.com.tr\\\/mukemmel-yatak-secimi-icin-bilmeniz-gereken-5-kritik-ipucu\\\/\"]}]},{\"@type\":\"ImageObject\",\"inLanguage\":\"hy-AM\",\"@id\":\"https:\\\/\\\/pierrecardinyatak.com.tr\\\/mukemmel-yatak-secimi-icin-bilmeniz-gereken-5-kritik-ipucu\\\/#primaryimage\",\"url\":\"https:\\\/\\\/pierrecardinyatak.com.tr\\\/wp-content\\\/uploads\\\/2024\\\/01\\\/bleu-marine-pierre-cardin-yatak-1.jpg\",\"contentUrl\":\"https:\\\/\\\/pierrecardinyatak.com.tr\\\/wp-content\\\/uploads\\\/2024\\\/01\\\/bleu-marine-pierre-cardin-yatak-1.jpg\",\"width\":1455,\"height\":1090,\"caption\":\"Pierre Cardin Bleu Marine Yatak Baza Ba\u015fl\u0131k Komodin ve Bench\"},{\"@type\":\"BreadcrumbList\",\"@id\":\"https:\\\/\\\/pierrecardinyatak.com.tr\\\/mukemmel-yatak-secimi-icin-bilmeniz-gereken-5-kritik-ipucu\\\/#breadcrumb\",\"itemListElement\":[{\"@type\":\"ListItem\",\"position\":1,\"name\":\"Anasayfa\",\"item\":\"https:\\\/\\\/pierrecardinyatak.com.tr\\\/\"},{\"@type\":\"ListItem\",\"position\":2,\"name\":\"M\u00fckemmel Yatak Se\u00e7imi \u0130\u00e7in Bilmeniz Gereken 5 Kritik \u0130pucu\"}]},{\"@type\":\"WebSite\",\"@id\":\"https:\\\/\\\/pierrecardinyatak.com.tr\\\/#website\",\"url\":\"https:\\\/\\\/pierrecardinyatak.com.tr\\\/\",\"name\":\"Pierre Cardin Yatak\",\"description\":\"-\",\"potentialAction\":[{\"@type\":\"SearchAction\",\"target\":{\"@type\":\"EntryPoint\",\"urlTemplate\":\"https:\\\/\\\/pierrecardinyatak.com.tr\\\/?s={search_term_string}\"},\"query-input\":{\"@type\":\"PropertyValueSpecification\",\"valueRequired\":true,\"valueName\":\"search_term_string\"}}],\"inLanguage\":\"hy-AM\"},{\"@type\":\"Person\",\"@id\":\"https:\\\/\\\/pierrecardinyatak.com.tr\\\/#\\\/schema\\\/person\\\/1c182155c79ef557a479bd374b58f902\",\"name\":\"admin\",\"image\":{\"@type\":\"ImageObject\",\"inLanguage\":\"hy-AM\",\"@id\":\"https:\\\/\\\/secure.gravatar.com\\\/avatar\\\/3a0c75d6a4a7b2213bf32cead72e590c8f6aa56e5c7c70ea801e74aa7a9372bc?s=96&d=mm&r=g\",\"url\":\"https:\\\/\\\/secure.gravatar.com\\\/avatar\\\/3a0c75d6a4a7b2213bf32cead72e590c8f6aa56e5c7c70ea801e74aa7a9372bc?s=96&d=mm&r=g\",\"contentUrl\":\"https:\\\/\\\/secure.gravatar.com\\\/avatar\\\/3a0c75d6a4a7b2213bf32cead72e590c8f6aa56e5c7c70ea801e74aa7a9372bc?s=96&d=mm&r=g\",\"caption\":\"admin\"},\"sameAs\":[\"https:\\\/\\\/pierrecardinbedding.com.tr\"],\"url\":\"https:\\\/\\\/pierrecardinyatak.com.tr\\\/hy\\\/author\\\/admin\\\/\"}]}<\/script>\n<!-- \/ Yoast SEO plugin. -->","yoast_head_json":{"title":"M\u00fckemmel Yatak Se\u00e7imi \u0130\u00e7in Bilmeniz Gereken 5 Kritik \u0130pucu - Pierre Cardin Yatak","robots":{"index":"index","follow":"follow","max-snippet":"max-snippet:-1","max-image-preview":"max-image-preview:large","max-video-preview":"max-video-preview:-1"},"canonical":"https:\/\/pierrecardinyatak.com.tr\/hy\/mukemmel-yatak-secimi-icin-bilmeniz-gereken-5-kritik-ipucu\/","og_locale":"en_US","og_type":"article","og_title":"M\u00fckemmel Yatak Se\u00e7imi \u0130\u00e7in Bilmeniz Gereken 5 Kritik \u0130pucu - Pierre Cardin Yatak","og_description":"\u0130yi bir uyku, sa\u011fl\u0131kl\u0131 bir ya\u015fam\u0131n temel ta\u015flar\u0131ndan biridir. Ancak, rahat ve dinlendirici bir uykunun ilk ad\u0131m\u0131, do\u011fru yata\u011f\u0131 se\u00e7mekten","og_url":"https:\/\/pierrecardinyatak.com.tr\/hy\/mukemmel-yatak-secimi-icin-bilmeniz-gereken-5-kritik-ipucu\/","og_site_name":"Pierre Cardin Yatak","article_publisher":"https:\/\/www.facebook.com\/pierrecardinyatak","article_published_time":"2025-05-07T18:34:30+00:00","article_modified_time":"2025-06-03T17:59:26+00:00","og_image":[{"width":1455,"height":1090,"url":"https:\/\/pierrecardinyatak.com.tr\/wp-content\/uploads\/2024\/01\/bleu-marine-pierre-cardin-yatak-1.jpg","type":"image\/jpeg"}],"author":"admin","twitter_card":"summary_large_image","twitter_creator":"@pcardinbedding","twitter_site":"@pcardinbedding","twitter_misc":{"Written by":"admin","Est. reading time":"3 minutes"},"schema":{"@context":"https:\/\/schema.org","@graph":[{"@type":"Article","@id":"https:\/\/pierrecardinyatak.com.tr\/mukemmel-yatak-secimi-icin-bilmeniz-gereken-5-kritik-ipucu\/#article","isPartOf":{"@id":"https:\/\/pierrecardinyatak.com.tr\/mukemmel-yatak-secimi-icin-bilmeniz-gereken-5-kritik-ipucu\/"},"author":{"name":"admin","@id":"https:\/\/pierrecardinyatak.com.tr\/#\/schema\/person\/1c182155c79ef557a479bd374b58f902"},"headline":"M\u00fckemmel Yatak Se\u00e7imi \u0130\u00e7in Bilmeniz Gereken 5 Kritik \u0130pucu","datePublished":"2025-05-07T18:34:30+00:00","dateModified":"2025-06-03T17:59:26+00:00","mainEntityOfPage":{"@id":"https:\/\/pierrecardinyatak.com.tr\/mukemmel-yatak-secimi-icin-bilmeniz-gereken-5-kritik-ipucu\/"},"wordCount":611,"image":{"@id":"https:\/\/pierrecardinyatak.com.tr\/mukemmel-yatak-secimi-icin-bilmeniz-gereken-5-kritik-ipucu\/#primaryimage"},"thumbnailUrl":"https:\/\/pierrecardinyatak.com.tr\/wp-content\/uploads\/2024\/01\/bleu-marine-pierre-cardin-yatak-1.jpg","articleSection":["Blog"],"inLanguage":"hy-AM"},{"@type":"WebPage","@id":"https:\/\/pierrecardinyatak.com.tr\/mukemmel-yatak-secimi-icin-bilmeniz-gereken-5-kritik-ipucu\/","url":"https:\/\/pierrecardinyatak.com.tr\/mukemmel-yatak-secimi-icin-bilmeniz-gereken-5-kritik-ipucu\/","name":"M\u00fckemmel Yatak Se\u00e7imi \u0130\u00e7in Bilmeniz Gereken 5 Kritik \u0130pucu - Pierre Cardin Yatak","isPartOf":{"@id":"https:\/\/pierrecardinyatak.com.tr\/#website"},"primaryImageOfPage":{"@id":"https:\/\/pierrecardinyatak.com.tr\/mukemmel-yatak-secimi-icin-bilmeniz-gereken-5-kritik-ipucu\/#primaryimage"},"image":{"@id":"https:\/\/pierrecardinyatak.com.tr\/mukemmel-yatak-secimi-icin-bilmeniz-gereken-5-kritik-ipucu\/#primaryimage"},"thumbnailUrl":"https:\/\/pierrecardinyatak.com.tr\/wp-content\/uploads\/2024\/01\/bleu-marine-pierre-cardin-yatak-1.jpg","datePublished":"2025-05-07T18:34:30+00:00","dateModified":"2025-06-03T17:59:26+00:00","author":{"@id":"https:\/\/pierrecardinyatak.com.tr\/#\/schema\/person\/1c182155c79ef557a479bd374b58f902"},"breadcrumb":{"@id":"https:\/\/pierrecardinyatak.com.tr\/mukemmel-yatak-secimi-icin-bilmeniz-gereken-5-kritik-ipucu\/#breadcrumb"},"inLanguage":"hy-AM","potentialAction":[{"@type":"ReadAction","target":["https:\/\/pierrecardinyatak.com.tr\/mukemmel-yatak-secimi-icin-bilmeniz-gereken-5-kritik-ipucu\/"]}]},{"@type":"ImageObject","inLanguage":"hy-AM","@id":"https:\/\/pierrecardinyatak.com.tr\/mukemmel-yatak-secimi-icin-bilmeniz-gereken-5-kritik-ipucu\/#primaryimage","url":"https:\/\/pierrecardinyatak.com.tr\/wp-content\/uploads\/2024\/01\/bleu-marine-pierre-cardin-yatak-1.jpg","contentUrl":"https:\/\/pierrecardinyatak.com.tr\/wp-content\/uploads\/2024\/01\/bleu-marine-pierre-cardin-yatak-1.jpg","width":1455,"height":1090,"caption":"Pierre Cardin Bleu Marine Yatak Baza Ba\u015fl\u0131k Komodin ve Bench"},{"@type":"BreadcrumbList","@id":"https:\/\/pierrecardinyatak.com.tr\/mukemmel-yatak-secimi-icin-bilmeniz-gereken-5-kritik-ipucu\/#breadcrumb","itemListElement":[{"@type":"ListItem","position":1,"name":"Anasayfa","item":"https:\/\/pierrecardinyatak.com.tr\/"},{"@type":"ListItem","position":2,"name":"M\u00fckemmel Yatak Se\u00e7imi \u0130\u00e7in Bilmeniz Gereken 5 Kritik \u0130pucu"}]},{"@type":"WebSite","@id":"https:\/\/pierrecardinyatak.com.tr\/#website","url":"https:\/\/pierrecardinyatak.com.tr\/","name":"Pierre Cardin Yatak","description":"-","potentialAction":[{"@type":"SearchAction","target":{"@type":"EntryPoint","urlTemplate":"https:\/\/pierrecardinyatak.com.tr\/?s={search_term_string}"},"query-input":{"@type":"PropertyValueSpecification","valueRequired":true,"valueName":"search_term_string"}}],"inLanguage":"hy-AM"},{"@type":"Person","@id":"https:\/\/pierrecardinyatak.com.tr\/#\/schema\/person\/1c182155c79ef557a479bd374b58f902","name":"admin","image":{"@type":"ImageObject","inLanguage":"hy-AM","@id":"https:\/\/secure.gravatar.com\/avatar\/3a0c75d6a4a7b2213bf32cead72e590c8f6aa56e5c7c70ea801e74aa7a9372bc?s=96&d=mm&r=g","url":"https:\/\/secure.gravatar.com\/avatar\/3a0c75d6a4a7b2213bf32cead72e590c8f6aa56e5c7c70ea801e74aa7a9372bc?s=96&d=mm&r=g","contentUrl":"https:\/\/secure.gravatar.com\/avatar\/3a0c75d6a4a7b2213bf32cead72e590c8f6aa56e5c7c70ea801e74aa7a9372bc?s=96&d=mm&r=g","caption":"admin"},"sameAs":["https:\/\/pierrecardinbedding.com.tr"],"url":"https:\/\/pierrecardinyatak.com.tr\/hy\/author\/admin\/"}]}},"_links":{"self":[{"href":"https:\/\/pierrecardinyatak.com.tr\/hy\/wp-json\/wp\/v2\/posts\/9213","targetHints":{"allow":["GET"]}}],"collection":[{"href":"https:\/\/pierrecardinyatak.com.tr\/hy\/wp-json\/wp\/v2\/posts"}],"about":[{"href":"https:\/\/pierrecardinyatak.com.tr\/hy\/wp-json\/wp\/v2\/types\/post"}],"author":[{"embeddable":true,"href":"https:\/\/pierrecardinyatak.com.tr\/hy\/wp-json\/wp\/v2\/users\/1"}],"replies":[{"embeddable":true,"href":"https:\/\/pierrecardinyatak.com.tr\/hy\/wp-json\/wp\/v2\/comments?post=9213"}],"version-history":[{"count":0,"href":"https:\/\/pierrecardinyatak.com.tr\/hy\/wp-json\/wp\/v2\/posts\/9213\/revisions"}],"wp:featuredmedia":[{"embeddable":true,"href":"https:\/\/pierrecardinyatak.com.tr\/hy\/wp-json\/wp\/v2\/media\/7757"}],"wp:attachment":[{"href":"https:\/\/pierrecardinyatak.com.tr\/hy\/wp-json\/wp\/v2\/media?parent=9213"}],"wp:term":[{"taxonomy":"category","embeddable":true,"href":"https:\/\/pierrecardinyatak.com.tr\/hy\/wp-json\/wp\/v2\/categories?post=9213"},{"taxonomy":"post_tag","embeddable":true,"href":"https:\/\/pierrecardinyatak.com.tr\/hy\/wp-json\/wp\/v2\/tags?post=9213"}],"curies":[{"name":"wp","href":"https:\/\/api.w.org\/{rel}","templated":true}]}}