{"id":13264,"date":"2025-12-07T14:35:47","date_gmt":"2025-12-07T11:35:47","guid":{"rendered":"https:\/\/pierrecardinyatak.com.tr\/?p=13264"},"modified":"2026-02-12T11:18:47","modified_gmt":"2026-02-12T08:18:47","slug":"saglikli-uykunun-sirri","status":"publish","type":"post","link":"https:\/\/pierrecardinyatak.com.tr\/hy\/saglikli-uykunun-sirri\/","title":{"rendered":"Sa\u011fl\u0131kl\u0131 Uykunun S\u0131rr\u0131"},"content":{"rendered":"<p>2025&#8217;e yakla\u015f\u0131rken, kullan\u0131c\u0131lar\u0131n en \u00e7ok merak etti\u011fi konular aras\u0131nda sa\u011fl\u0131kl\u0131 uyku yatak yorumlar\u0131, yatak se\u00e7imi rehberi ve &#8220;Yata\u011f\u0131m nas\u0131l olmal\u0131?&#8221; sorusu \u00f6ne \u00e7\u0131k\u0131yor. Do\u011fru yatak se\u00e7imi, sadece konfor a\u00e7\u0131s\u0131ndan de\u011fil; omurga sa\u011fl\u0131\u011f\u0131n\u0131 korumak, kaliteli bir uyku deneyimi ya\u015famak ve yeni g\u00fcne enerjik bir ba\u015flang\u0131\u00e7 yapmak i\u00e7in de son derece \u00f6nemli. Bu nedenle pek \u00e7ok ki\u015fi, modern yatak bazas\u0131 modelleri, sessiz yay sistemi yatak se\u00e7enekleri ve T\u00fcrkiye&#8217;deki en iyi yatak markalar\u0131 gibi terimlerde derinlemesine ara\u015ft\u0131rmalar yap\u0131yor.<\/p>\n<p>Do\u011fru yata\u011f\u0131n yan\u0131 s\u0131ra, yatak odas\u0131n\u0131n genel d\u00fczeni de b\u00fcy\u00fck bir etkiye sahip. Bu y\u00fczden kullan\u0131c\u0131lar, 2025&#8217;te s\u0131k\u00e7a yatak odas\u0131 dekorasyonu \u00f6nerileri, yatak odas\u0131 d\u00fczeni nas\u0131l yap\u0131l\u0131r ve yatak odas\u0131 mobilya seti \u00f6nerileri gibi konular\u0131 ara\u015ft\u0131r\u0131yor. \u00d6zellikle gard\u0131rop + baza + yatak kombinasyonu, hem i\u015flevsellik hem de estetik a\u00e7\u0131dan en \u00e7ok tercih edilen \u00e7\u00f6z\u00fcmlerden biri haline geldi.<\/p>\n<p>Kaliteli bir uyku i\u00e7in yata\u011f\u0131n malzemesi kadar, kuma\u015f \u00f6zellikleri de olduk\u00e7a \u00f6nemli. Yatak \u0131s\u0131 dengeleme kuma\u015f teknolojileri, gece boyunca v\u00fccut \u0131s\u0131s\u0131n\u0131 optimize ederek daha derin bir uyku sa\u011fl\u0131yor. Ayn\u0131 \u015fekilde, yatak nem ve \u0131s\u0131 dengesi sa\u011flayan kuma\u015flar, terleme sorununu azaltarak \u00f6zellikle yaz aylar\u0131nda b\u00fcy\u00fck bir rahatl\u0131k sunuyor.<\/p>\n<p>Uzmanlar\u0131n vurgulad\u0131\u011f\u0131 bir di\u011fer \u00f6nemli konu ise yatak omurga deste\u011fi. Omurgay\u0131 do\u011fru bir \u015fekilde destekleyen bir yatak, bel, boyun ve s\u0131rt a\u011fr\u0131lar\u0131n\u0131 azaltarak uzun vadede sa\u011fl\u0131\u011f\u0131n\u0131z\u0131 koruyor. Bu nedenle, yatak fiyatlar\u0131n\u0131 kar\u015f\u0131la\u015ft\u0131ran ve yatak baza ba\u015fl\u0131k fiyatlar\u0131n\u0131 inceleyen kullan\u0131c\u0131lar\u0131n b\u00fcy\u00fck bir k\u0131sm\u0131, \u00fcr\u00fcn detaylar\u0131nda \u00f6zellikle omurga deste\u011fine dikkat ediyor.<\/p>\n<p>B\u00fct\u00e7e dostu se\u00e7im yapmak isteyenler i\u00e7in markalar\u0131n sundu\u011fu yatak + baza kampanya 2025 f\u0131rsatlar\u0131, hem fiyat hem de kalite a\u00e7\u0131s\u0131ndan avantaj sa\u011fl\u0131yor. Pierre Cardin gibi k\u00f6kl\u00fc markalar\u0131n sundu\u011fu kampanyalar da y\u0131l boyunca yo\u011fun ilgi g\u00f6r\u00fcyor.<\/p>\n<p>Yeni bir yatak ald\u0131ktan sonra ona do\u011fru bir \u015fekilde bak\u0131m yapmak, se\u00e7im yapmak kadar \u00f6nemli. Bu y\u00fczden pek \u00e7ok insan yatak temizli\u011fi ve bak\u0131m \u00f6nerileri hakk\u0131nda bilgi ar\u0131yor. Alez kullan\u0131m\u0131, d\u00f6nd\u00fcrme periyotlar\u0131 ve kuma\u015f koruma y\u00f6ntemleri, yata\u011f\u0131n\u0131z\u0131n \u00f6mr\u00fcn\u00fc uzatmaya yard\u0131mc\u0131 oluyor.<\/p>\n<p>Sonu\u00e7 olarak, ister yeni bir ev kuruyor olun, ister sadece yatak de\u011fi\u015fikli\u011fi yapmay\u0131 d\u00fc\u015f\u00fcn\u00fcn, do\u011fru yatak; konfor, sa\u011fl\u0131k, estetik ve uzun \u00f6m\u00fcrl\u00fcl\u00fc\u011f\u00fcn m\u00fckemmel bir birle\u015fimidir. 2025\u2019teki trendler ise; sessiz, ergonomik, nefes alabilen, v\u00fccut yap\u0131s\u0131na uyum sa\u011flayan ve uyku deneyimini geli\u015ftiren yataklardan yana.<\/p>","protected":false},"excerpt":{"rendered":"<p>2025&#8217;e yakla\u015f\u0131rken, kullan\u0131c\u0131lar\u0131n en \u00e7ok merak etti\u011fi konular aras\u0131nda sa\u011fl\u0131kl\u0131 uyku yatak yorumlar\u0131, yatak se\u00e7imi rehberi ve &#8220;Yata\u011f\u0131m nas\u0131l olmal\u0131?&#8221;<\/p>","protected":false},"author":1,"featured_media":9585,"comment_status":"closed","ping_status":"closed","sticky":false,"template":"","format":"standard","meta":{"footnotes":""},"categories":[369],"tags":[],"class_list":["post-13264","post","type-post","status-publish","format-standard","has-post-thumbnail","hentry","category-blog"],"yoast_head":"<!-- This site is optimized with the Yoast SEO plugin v27.4 - https:\/\/yoast.com\/product\/yoast-seo-wordpress\/ -->\n<title>Sa\u011fl\u0131kl\u0131 Uykunun S\u0131rr\u0131 - Pierre Cardin Yatak<\/title>\n<meta name=\"robots\" content=\"index, follow, max-snippet:-1, max-image-preview:large, max-video-preview:-1\" \/>\n<link rel=\"canonical\" href=\"https:\/\/pierrecardinyatak.com.tr\/hy\/saglikli-uykunun-sirri\/\" \/>\n<meta property=\"og:locale\" content=\"en_US\" \/>\n<meta property=\"og:type\" content=\"article\" \/>\n<meta property=\"og:title\" content=\"Sa\u011fl\u0131kl\u0131 Uykunun S\u0131rr\u0131 - Pierre Cardin Yatak\" \/>\n<meta property=\"og:description\" content=\"2025&#8217;e yakla\u015f\u0131rken, kullan\u0131c\u0131lar\u0131n en \u00e7ok merak etti\u011fi konular aras\u0131nda sa\u011fl\u0131kl\u0131 uyku yatak yorumlar\u0131, yatak se\u00e7imi rehberi ve &#8220;Yata\u011f\u0131m nas\u0131l olmal\u0131?&#8221;\" \/>\n<meta property=\"og:url\" content=\"https:\/\/pierrecardinyatak.com.tr\/hy\/saglikli-uykunun-sirri\/\" \/>\n<meta property=\"og:site_name\" content=\"Pierre Cardin Yatak\" \/>\n<meta property=\"article:publisher\" content=\"https:\/\/www.facebook.com\/pierrecardinyatak\" \/>\n<meta property=\"article:published_time\" content=\"2025-12-07T11:35:47+00:00\" \/>\n<meta property=\"article:modified_time\" content=\"2026-02-12T08:18:47+00:00\" \/>\n<meta property=\"og:image\" content=\"https:\/\/pierrecardinyatak.com.tr\/wp-content\/uploads\/2025\/02\/urun-voyage22.jpg\" \/>\n\t<meta property=\"og:image:width\" content=\"1233\" \/>\n\t<meta property=\"og:image:height\" content=\"1156\" \/>\n\t<meta property=\"og:image:type\" content=\"image\/jpeg\" \/>\n<meta name=\"author\" content=\"admin\" \/>\n<meta name=\"twitter:card\" content=\"summary_large_image\" \/>\n<meta name=\"twitter:creator\" content=\"@pcardinbedding\" \/>\n<meta name=\"twitter:site\" content=\"@pcardinbedding\" \/>\n<meta name=\"twitter:label1\" content=\"Written by\" \/>\n\t<meta name=\"twitter:data1\" content=\"admin\" \/>\n\t<meta name=\"twitter:label2\" content=\"Est. reading time\" \/>\n\t<meta name=\"twitter:data2\" content=\"3 minutes\" \/>\n<script type=\"application\/ld+json\" class=\"yoast-schema-graph\">{\"@context\":\"https:\\\/\\\/schema.org\",\"@graph\":[{\"@type\":\"Article\",\"@id\":\"https:\\\/\\\/pierrecardinyatak.com.tr\\\/saglikli-uykunun-sirri\\\/#article\",\"isPartOf\":{\"@id\":\"https:\\\/\\\/pierrecardinyatak.com.tr\\\/saglikli-uykunun-sirri\\\/\"},\"author\":{\"name\":\"admin\",\"@id\":\"https:\\\/\\\/pierrecardinyatak.com.tr\\\/#\\\/schema\\\/person\\\/1c182155c79ef557a479bd374b58f902\"},\"headline\":\"Sa\u011fl\u0131kl\u0131 Uykunun S\u0131rr\u0131\",\"datePublished\":\"2025-12-07T11:35:47+00:00\",\"dateModified\":\"2026-02-12T08:18:47+00:00\",\"mainEntityOfPage\":{\"@id\":\"https:\\\/\\\/pierrecardinyatak.com.tr\\\/saglikli-uykunun-sirri\\\/\"},\"wordCount\":497,\"image\":{\"@id\":\"https:\\\/\\\/pierrecardinyatak.com.tr\\\/saglikli-uykunun-sirri\\\/#primaryimage\"},\"thumbnailUrl\":\"https:\\\/\\\/pierrecardinyatak.com.tr\\\/wp-content\\\/uploads\\\/2025\\\/02\\\/urun-voyage22.jpg\",\"articleSection\":[\"Blog\"],\"inLanguage\":\"hy-AM\"},{\"@type\":\"WebPage\",\"@id\":\"https:\\\/\\\/pierrecardinyatak.com.tr\\\/saglikli-uykunun-sirri\\\/\",\"url\":\"https:\\\/\\\/pierrecardinyatak.com.tr\\\/saglikli-uykunun-sirri\\\/\",\"name\":\"Sa\u011fl\u0131kl\u0131 Uykunun S\u0131rr\u0131 - Pierre Cardin Yatak\",\"isPartOf\":{\"@id\":\"https:\\\/\\\/pierrecardinyatak.com.tr\\\/#website\"},\"primaryImageOfPage\":{\"@id\":\"https:\\\/\\\/pierrecardinyatak.com.tr\\\/saglikli-uykunun-sirri\\\/#primaryimage\"},\"image\":{\"@id\":\"https:\\\/\\\/pierrecardinyatak.com.tr\\\/saglikli-uykunun-sirri\\\/#primaryimage\"},\"thumbnailUrl\":\"https:\\\/\\\/pierrecardinyatak.com.tr\\\/wp-content\\\/uploads\\\/2025\\\/02\\\/urun-voyage22.jpg\",\"datePublished\":\"2025-12-07T11:35:47+00:00\",\"dateModified\":\"2026-02-12T08:18:47+00:00\",\"author\":{\"@id\":\"https:\\\/\\\/pierrecardinyatak.com.tr\\\/#\\\/schema\\\/person\\\/1c182155c79ef557a479bd374b58f902\"},\"breadcrumb\":{\"@id\":\"https:\\\/\\\/pierrecardinyatak.com.tr\\\/saglikli-uykunun-sirri\\\/#breadcrumb\"},\"inLanguage\":\"hy-AM\",\"potentialAction\":[{\"@type\":\"ReadAction\",\"target\":[\"https:\\\/\\\/pierrecardinyatak.com.tr\\\/saglikli-uykunun-sirri\\\/\"]}]},{\"@type\":\"ImageObject\",\"inLanguage\":\"hy-AM\",\"@id\":\"https:\\\/\\\/pierrecardinyatak.com.tr\\\/saglikli-uykunun-sirri\\\/#primaryimage\",\"url\":\"https:\\\/\\\/pierrecardinyatak.com.tr\\\/wp-content\\\/uploads\\\/2025\\\/02\\\/urun-voyage22.jpg\",\"contentUrl\":\"https:\\\/\\\/pierrecardinyatak.com.tr\\\/wp-content\\\/uploads\\\/2025\\\/02\\\/urun-voyage22.jpg\",\"width\":1233,\"height\":1156},{\"@type\":\"BreadcrumbList\",\"@id\":\"https:\\\/\\\/pierrecardinyatak.com.tr\\\/saglikli-uykunun-sirri\\\/#breadcrumb\",\"itemListElement\":[{\"@type\":\"ListItem\",\"position\":1,\"name\":\"Anasayfa\",\"item\":\"https:\\\/\\\/pierrecardinyatak.com.tr\\\/\"},{\"@type\":\"ListItem\",\"position\":2,\"name\":\"Sa\u011fl\u0131kl\u0131 Uykunun S\u0131rr\u0131\"}]},{\"@type\":\"WebSite\",\"@id\":\"https:\\\/\\\/pierrecardinyatak.com.tr\\\/#website\",\"url\":\"https:\\\/\\\/pierrecardinyatak.com.tr\\\/\",\"name\":\"Pierre Cardin Yatak\",\"description\":\"-\",\"potentialAction\":[{\"@type\":\"SearchAction\",\"target\":{\"@type\":\"EntryPoint\",\"urlTemplate\":\"https:\\\/\\\/pierrecardinyatak.com.tr\\\/?s={search_term_string}\"},\"query-input\":{\"@type\":\"PropertyValueSpecification\",\"valueRequired\":true,\"valueName\":\"search_term_string\"}}],\"inLanguage\":\"hy-AM\"},{\"@type\":\"Person\",\"@id\":\"https:\\\/\\\/pierrecardinyatak.com.tr\\\/#\\\/schema\\\/person\\\/1c182155c79ef557a479bd374b58f902\",\"name\":\"admin\",\"image\":{\"@type\":\"ImageObject\",\"inLanguage\":\"hy-AM\",\"@id\":\"https:\\\/\\\/secure.gravatar.com\\\/avatar\\\/3a0c75d6a4a7b2213bf32cead72e590c8f6aa56e5c7c70ea801e74aa7a9372bc?s=96&d=mm&r=g\",\"url\":\"https:\\\/\\\/secure.gravatar.com\\\/avatar\\\/3a0c75d6a4a7b2213bf32cead72e590c8f6aa56e5c7c70ea801e74aa7a9372bc?s=96&d=mm&r=g\",\"contentUrl\":\"https:\\\/\\\/secure.gravatar.com\\\/avatar\\\/3a0c75d6a4a7b2213bf32cead72e590c8f6aa56e5c7c70ea801e74aa7a9372bc?s=96&d=mm&r=g\",\"caption\":\"admin\"},\"sameAs\":[\"https:\\\/\\\/pierrecardinbedding.com.tr\"],\"url\":\"https:\\\/\\\/pierrecardinyatak.com.tr\\\/hy\\\/author\\\/admin\\\/\"}]}<\/script>\n<!-- \/ Yoast SEO plugin. -->","yoast_head_json":{"title":"Sa\u011fl\u0131kl\u0131 Uykunun S\u0131rr\u0131 - Pierre Cardin Yatak","robots":{"index":"index","follow":"follow","max-snippet":"max-snippet:-1","max-image-preview":"max-image-preview:large","max-video-preview":"max-video-preview:-1"},"canonical":"https:\/\/pierrecardinyatak.com.tr\/hy\/saglikli-uykunun-sirri\/","og_locale":"en_US","og_type":"article","og_title":"Sa\u011fl\u0131kl\u0131 Uykunun S\u0131rr\u0131 - Pierre Cardin Yatak","og_description":"2025&#8217;e yakla\u015f\u0131rken, kullan\u0131c\u0131lar\u0131n en \u00e7ok merak etti\u011fi konular aras\u0131nda sa\u011fl\u0131kl\u0131 uyku yatak yorumlar\u0131, yatak se\u00e7imi rehberi ve &#8220;Yata\u011f\u0131m nas\u0131l olmal\u0131?&#8221;","og_url":"https:\/\/pierrecardinyatak.com.tr\/hy\/saglikli-uykunun-sirri\/","og_site_name":"Pierre Cardin Yatak","article_publisher":"https:\/\/www.facebook.com\/pierrecardinyatak","article_published_time":"2025-12-07T11:35:47+00:00","article_modified_time":"2026-02-12T08:18:47+00:00","og_image":[{"width":1233,"height":1156,"url":"https:\/\/pierrecardinyatak.com.tr\/wp-content\/uploads\/2025\/02\/urun-voyage22.jpg","type":"image\/jpeg"}],"author":"admin","twitter_card":"summary_large_image","twitter_creator":"@pcardinbedding","twitter_site":"@pcardinbedding","twitter_misc":{"Written by":"admin","Est. reading time":"3 minutes"},"schema":{"@context":"https:\/\/schema.org","@graph":[{"@type":"Article","@id":"https:\/\/pierrecardinyatak.com.tr\/saglikli-uykunun-sirri\/#article","isPartOf":{"@id":"https:\/\/pierrecardinyatak.com.tr\/saglikli-uykunun-sirri\/"},"author":{"name":"admin","@id":"https:\/\/pierrecardinyatak.com.tr\/#\/schema\/person\/1c182155c79ef557a479bd374b58f902"},"headline":"Sa\u011fl\u0131kl\u0131 Uykunun S\u0131rr\u0131","datePublished":"2025-12-07T11:35:47+00:00","dateModified":"2026-02-12T08:18:47+00:00","mainEntityOfPage":{"@id":"https:\/\/pierrecardinyatak.com.tr\/saglikli-uykunun-sirri\/"},"wordCount":497,"image":{"@id":"https:\/\/pierrecardinyatak.com.tr\/saglikli-uykunun-sirri\/#primaryimage"},"thumbnailUrl":"https:\/\/pierrecardinyatak.com.tr\/wp-content\/uploads\/2025\/02\/urun-voyage22.jpg","articleSection":["Blog"],"inLanguage":"hy-AM"},{"@type":"WebPage","@id":"https:\/\/pierrecardinyatak.com.tr\/saglikli-uykunun-sirri\/","url":"https:\/\/pierrecardinyatak.com.tr\/saglikli-uykunun-sirri\/","name":"Sa\u011fl\u0131kl\u0131 Uykunun S\u0131rr\u0131 - Pierre Cardin Yatak","isPartOf":{"@id":"https:\/\/pierrecardinyatak.com.tr\/#website"},"primaryImageOfPage":{"@id":"https:\/\/pierrecardinyatak.com.tr\/saglikli-uykunun-sirri\/#primaryimage"},"image":{"@id":"https:\/\/pierrecardinyatak.com.tr\/saglikli-uykunun-sirri\/#primaryimage"},"thumbnailUrl":"https:\/\/pierrecardinyatak.com.tr\/wp-content\/uploads\/2025\/02\/urun-voyage22.jpg","datePublished":"2025-12-07T11:35:47+00:00","dateModified":"2026-02-12T08:18:47+00:00","author":{"@id":"https:\/\/pierrecardinyatak.com.tr\/#\/schema\/person\/1c182155c79ef557a479bd374b58f902"},"breadcrumb":{"@id":"https:\/\/pierrecardinyatak.com.tr\/saglikli-uykunun-sirri\/#breadcrumb"},"inLanguage":"hy-AM","potentialAction":[{"@type":"ReadAction","target":["https:\/\/pierrecardinyatak.com.tr\/saglikli-uykunun-sirri\/"]}]},{"@type":"ImageObject","inLanguage":"hy-AM","@id":"https:\/\/pierrecardinyatak.com.tr\/saglikli-uykunun-sirri\/#primaryimage","url":"https:\/\/pierrecardinyatak.com.tr\/wp-content\/uploads\/2025\/02\/urun-voyage22.jpg","contentUrl":"https:\/\/pierrecardinyatak.com.tr\/wp-content\/uploads\/2025\/02\/urun-voyage22.jpg","width":1233,"height":1156},{"@type":"BreadcrumbList","@id":"https:\/\/pierrecardinyatak.com.tr\/saglikli-uykunun-sirri\/#breadcrumb","itemListElement":[{"@type":"ListItem","position":1,"name":"Anasayfa","item":"https:\/\/pierrecardinyatak.com.tr\/"},{"@type":"ListItem","position":2,"name":"Sa\u011fl\u0131kl\u0131 Uykunun S\u0131rr\u0131"}]},{"@type":"WebSite","@id":"https:\/\/pierrecardinyatak.com.tr\/#website","url":"https:\/\/pierrecardinyatak.com.tr\/","name":"Pierre Cardin Yatak","description":"-","potentialAction":[{"@type":"SearchAction","target":{"@type":"EntryPoint","urlTemplate":"https:\/\/pierrecardinyatak.com.tr\/?s={search_term_string}"},"query-input":{"@type":"PropertyValueSpecification","valueRequired":true,"valueName":"search_term_string"}}],"inLanguage":"hy-AM"},{"@type":"Person","@id":"https:\/\/pierrecardinyatak.com.tr\/#\/schema\/person\/1c182155c79ef557a479bd374b58f902","name":"admin","image":{"@type":"ImageObject","inLanguage":"hy-AM","@id":"https:\/\/secure.gravatar.com\/avatar\/3a0c75d6a4a7b2213bf32cead72e590c8f6aa56e5c7c70ea801e74aa7a9372bc?s=96&d=mm&r=g","url":"https:\/\/secure.gravatar.com\/avatar\/3a0c75d6a4a7b2213bf32cead72e590c8f6aa56e5c7c70ea801e74aa7a9372bc?s=96&d=mm&r=g","contentUrl":"https:\/\/secure.gravatar.com\/avatar\/3a0c75d6a4a7b2213bf32cead72e590c8f6aa56e5c7c70ea801e74aa7a9372bc?s=96&d=mm&r=g","caption":"admin"},"sameAs":["https:\/\/pierrecardinbedding.com.tr"],"url":"https:\/\/pierrecardinyatak.com.tr\/hy\/author\/admin\/"}]}},"_links":{"self":[{"href":"https:\/\/pierrecardinyatak.com.tr\/hy\/wp-json\/wp\/v2\/posts\/13264","targetHints":{"allow":["GET"]}}],"collection":[{"href":"https:\/\/pierrecardinyatak.com.tr\/hy\/wp-json\/wp\/v2\/posts"}],"about":[{"href":"https:\/\/pierrecardinyatak.com.tr\/hy\/wp-json\/wp\/v2\/types\/post"}],"author":[{"embeddable":true,"href":"https:\/\/pierrecardinyatak.com.tr\/hy\/wp-json\/wp\/v2\/users\/1"}],"replies":[{"embeddable":true,"href":"https:\/\/pierrecardinyatak.com.tr\/hy\/wp-json\/wp\/v2\/comments?post=13264"}],"version-history":[{"count":0,"href":"https:\/\/pierrecardinyatak.com.tr\/hy\/wp-json\/wp\/v2\/posts\/13264\/revisions"}],"wp:featuredmedia":[{"embeddable":true,"href":"https:\/\/pierrecardinyatak.com.tr\/hy\/wp-json\/wp\/v2\/media\/9585"}],"wp:attachment":[{"href":"https:\/\/pierrecardinyatak.com.tr\/hy\/wp-json\/wp\/v2\/media?parent=13264"}],"wp:term":[{"taxonomy":"category","embeddable":true,"href":"https:\/\/pierrecardinyatak.com.tr\/hy\/wp-json\/wp\/v2\/categories?post=13264"},{"taxonomy":"post_tag","embeddable":true,"href":"https:\/\/pierrecardinyatak.com.tr\/hy\/wp-json\/wp\/v2\/tags?post=13264"}],"curies":[{"name":"wp","href":"https:\/\/api.w.org\/{rel}","templated":true}]}}