{"id":11374,"date":"2025-07-21T15:07:23","date_gmt":"2025-07-21T12:07:23","guid":{"rendered":"https:\/\/pierrecardinyatak.com.tr\/?p=11374"},"modified":"2025-08-20T17:26:04","modified_gmt":"2025-08-20T14:26:04","slug":"saglikli-bir-uyku-icin-yorgan-yastik-ve-alez-seciminin-onemi-buyuk","status":"publish","type":"post","link":"https:\/\/pierrecardinyatak.com.tr\/hy\/saglikli-bir-uyku-icin-yorgan-yastik-ve-alez-seciminin-onemi-buyuk\/","title":{"rendered":"Sa\u011fl\u0131kl\u0131 Bir Uyku \u0130\u00e7in Yorgan, Yast\u0131k ve Alez Se\u00e7iminin \u00d6nemi B\u00fcy\u00fck"},"content":{"rendered":"<p>Kaliteli bir uykunun s\u0131rr\u0131 sadece do\u011fru yatakta de\u011fil, ayn\u0131 zamanda do\u011fru yorgan, yast\u0131k ve alez se\u00e7iminde gizli. V\u00fccut \u0131s\u0131s\u0131n\u0131 dengede tutan, alerji riskini azaltan ve uzun \u00f6m\u00fcrl\u00fc olan bu \u00fcr\u00fcnler sayesinde geceleri daha huzurlu, sabahlar\u0131 ise daha din\u00e7 uyanabilirsiniz.<\/p>\n<p>Yorgan Se\u00e7erken Dikkat Edilmesi Gerekenler<\/p>\n<p>So\u011fuk k\u0131\u015f gecelerinde sizi s\u0131cac\u0131k tutacak, yaz\u0131n ise terletmeyen bir yorgan se\u00e7mek olduk\u00e7a \u00f6nemli. Piyasada bulabilece\u011finiz ba\u015fl\u0131ca yorgan t\u00fcrleri \u015funlard\u0131r:<\/p>\n<p>\u00c7ift ki\u015filik yorgan: 200&#215;220 cm gibi geni\u015f \u00f6l\u00e7\u00fclerde sunuluyor, evli \u00e7iftler veya b\u00fcy\u00fck yataklarda konfor arayanlar i\u00e7in m\u00fckemmel bir se\u00e7enek.<\/p>\n<p>Tek ki\u015filik yorgan: Genellikle 155&#215;215 cm \u00f6l\u00e7\u00fclerinde, \u00e7ocuklar, gen\u00e7ler veya tek ba\u015f\u0131na uyuyan yeti\u015fkinler i\u00e7in ideal.<\/p>\n<p>Pamuk yorgan: Nefes alabilir yap\u0131s\u0131yla yaz-k\u0131\u015f kullan\u0131labilir. Cilde dost ve do\u011fall\u0131\u011f\u0131yla bilinir.<\/p>\n<p>Kaz t\u00fcy\u00fc yorgan: Yumu\u015fakl\u0131k ve hafiflik arayanlar\u0131n vazge\u00e7ilmezi. Is\u0131 yal\u0131t\u0131m\u0131 olduk\u00e7a y\u00fcksektir.<\/p>\n<p>Microfiber yorgan: Uygun fiyatl\u0131, yumu\u015fak ve hafif yap\u0131s\u0131yla en \u00e7ok tercih edilenler aras\u0131nda yer al\u0131yor.<\/p>\n<p>Y\u00fcn yorgan: Do\u011fal \u0131s\u0131 dengeleme \u00f6zelli\u011fi sayesinde \u00f6zellikle so\u011fuk iklimlerde \u00f6nerilir.<\/p>\n<p>Bambu yorgan: Antibakteriyel \u00f6zellikleri ve yumu\u015fak dokusuyla do\u011fall\u0131\u011f\u0131 sevenlerin favorisi.<\/p>\n<p>4 mevsim yorgan: Hem yaz hem de k\u0131\u015f aylar\u0131nda kullan\u0131labilir, \u00e7ift katl\u0131 yap\u0131s\u0131yla mod\u00fcler bir se\u00e7enek sunar.<\/p>\n<p>Her ihtiyaca uygun bir yorgan bulmak m\u00fcmk\u00fcn; \u00f6nemli olan, v\u00fccut yap\u0131n\u0131za ve iklim ko\u015fullar\u0131n\u0131za en uygun olan\u0131 se\u00e7mektir.<\/p>\n<p>Geceleri s\u0131k s\u0131k uyan\u0131yor ya da sabahlar\u0131 boyun a\u011fr\u0131s\u0131yla m\u0131 uyan\u0131yorsunuz?<\/p>\n<p>Sorun b\u00fcy\u00fck ihtimalle yast\u0131\u011f\u0131n\u0131zda yat\u0131yor. \u0130\u015fte kar\u015f\u0131n\u0131zda baz\u0131 pop\u00fcler yast\u0131k \u00e7e\u015fitleri:<\/p>\n<p>Visco yast\u0131k: Haf\u0131zal\u0131 k\u00f6p\u00fck yap\u0131s\u0131yla ba\u015f ve boyun \u015feklini alarak omurga sa\u011fl\u0131\u011f\u0131n\u0131z\u0131 korur.<\/p>\n<p>Kaz t\u00fcy\u00fc yast\u0131k: Yumu\u015fakl\u0131k arayanlar i\u00e7in m\u00fckemmel bir se\u00e7enek. Dolgun yap\u0131s\u0131yla ba\u015f\u0131n\u0131z\u0131 destekler ve l\u00fcks bir otel konforu sunar.<\/p>\n<p>Y\u00fcn yast\u0131k: Do\u011fal \u0131s\u0131 dengesi sa\u011flar ve terlemeyi \u00f6nler. Ayr\u0131ca uzun \u00f6m\u00fcrl\u00fcd\u00fcr.<\/p>\n<p>Bambu yast\u0131k: Antibakteriyel \u00f6zellikleriyle dikkat \u00e7eker ve do\u011fal yap\u0131s\u0131yla sa\u011fl\u0131\u011f\u0131n\u0131za katk\u0131da bulunur.<\/p>\n<p>\u00c7ift yast\u0131k: Konforu art\u0131rmak i\u00e7in \u00e7ift katmanl\u0131 veya ikili kullan\u0131m imkan\u0131 sunar.<\/p>\n<p>Antialerjik yast\u0131k: Toz akarlar\u0131na ve mikroorganizmalara kar\u015f\u0131 \u00f6zel bir koruma sa\u011flar. \u00d6zellikle hassas ciltler ve alerjik bireyler i\u00e7in idealdir.<\/p>\n<p>Yast\u0131k tak\u0131m\u0131: Ayn\u0131 kuma\u015f ve dolgu t\u00fcr\u00fcnden olu\u015fan setlerdir, hem estetik hem de konfor sunar.<\/p>\n<p>Unutmay\u0131n ki yast\u0131k se\u00e7iminiz, v\u00fccut yap\u0131n\u0131za ve uyku pozisyonunuza g\u00f6re de\u011fi\u015fir. Yan yatanlar i\u00e7in y\u00fcksek, s\u0131rt \u00fcst\u00fc yatanlar i\u00e7in ise orta sertlikte yast\u0131k \u00f6nerilir.<\/p>\n<p>Alez \u2013 Yatak Koruman\u0131n Anahtar\u0131<\/p>\n<p>Yat\u0131r\u0131m\u0131 en iyi \u015fekilde koruman\u0131z gereken \u00fcr\u00fcn, yata\u011f\u0131n\u0131zd\u0131r. Onu terden, lekelerden ve s\u0131v\u0131lardan korumak i\u00e7in mutlaka bir alez kullanmal\u0131s\u0131n\u0131z.<\/p>\n<p>S\u0131v\u0131 ge\u00e7irmez alez: Yata\u011f\u0131 tamamen kaplar ve s\u0131v\u0131 s\u0131zmas\u0131n\u0131 \u00f6nler. \u00d6zellikle \u00e7ocuklu aileler, ya\u015fl\u0131 bireyler ve evcil hayvan sahipleri i\u00e7in vazge\u00e7ilmezdir.<\/p>\n<p>Lastikli alez: Yatak y\u00fczeyine tam oturur, kaymaz ve kolayca \u00e7\u0131kar\u0131l\u0131p y\u0131kanabilir.<\/p>\n<p>Pamuklu alez: Ter emici \u00f6zelli\u011fi sayesinde \u00f6zellikle yaz aylar\u0131nda rahatl\u0131k sa\u011flar.<\/p>","protected":false},"excerpt":{"rendered":"<p>Kaliteli bir uykunun s\u0131rr\u0131 sadece do\u011fru yatakta de\u011fil, ayn\u0131 zamanda do\u011fru yorgan, yast\u0131k ve alez se\u00e7iminde gizli. V\u00fccut \u0131s\u0131s\u0131n\u0131 dengede<\/p>","protected":false},"author":1,"featured_media":4974,"comment_status":"closed","ping_status":"closed","sticky":false,"template":"","format":"standard","meta":{"footnotes":""},"categories":[369],"tags":[],"class_list":["post-11374","post","type-post","status-publish","format-standard","has-post-thumbnail","hentry","category-blog"],"yoast_head":"<!-- This site is optimized with the Yoast SEO plugin v27.4 - https:\/\/yoast.com\/product\/yoast-seo-wordpress\/ -->\n<title>Sa\u011fl\u0131kl\u0131 Bir Uyku \u0130\u00e7in Yorgan, Yast\u0131k ve Alez Se\u00e7iminin \u00d6nemi B\u00fcy\u00fck - Pierre Cardin Yatak<\/title>\n<meta name=\"robots\" content=\"index, follow, max-snippet:-1, max-image-preview:large, max-video-preview:-1\" \/>\n<link rel=\"canonical\" href=\"https:\/\/pierrecardinyatak.com.tr\/hy\/saglikli-bir-uyku-icin-yorgan-yastik-ve-alez-seciminin-onemi-buyuk\/\" \/>\n<meta property=\"og:locale\" content=\"en_US\" \/>\n<meta property=\"og:type\" content=\"article\" \/>\n<meta property=\"og:title\" content=\"Sa\u011fl\u0131kl\u0131 Bir Uyku \u0130\u00e7in Yorgan, Yast\u0131k ve Alez Se\u00e7iminin \u00d6nemi B\u00fcy\u00fck - Pierre Cardin Yatak\" \/>\n<meta property=\"og:description\" content=\"Kaliteli bir uykunun s\u0131rr\u0131 sadece do\u011fru yatakta de\u011fil, ayn\u0131 zamanda do\u011fru yorgan, yast\u0131k ve alez se\u00e7iminde gizli. V\u00fccut \u0131s\u0131s\u0131n\u0131 dengede\" \/>\n<meta property=\"og:url\" content=\"https:\/\/pierrecardinyatak.com.tr\/hy\/saglikli-bir-uyku-icin-yorgan-yastik-ve-alez-seciminin-onemi-buyuk\/\" \/>\n<meta property=\"og:site_name\" content=\"Pierre Cardin Yatak\" \/>\n<meta property=\"article:publisher\" content=\"https:\/\/www.facebook.com\/pierrecardinyatak\" \/>\n<meta property=\"article:published_time\" content=\"2025-07-21T12:07:23+00:00\" \/>\n<meta property=\"article:modified_time\" content=\"2025-08-20T14:26:04+00:00\" \/>\n<meta property=\"og:image\" content=\"https:\/\/pierrecardinyatak.com.tr\/wp-content\/uploads\/2022\/12\/urun-wola-yastik-list.jpg\" \/>\n\t<meta property=\"og:image:width\" content=\"1455\" \/>\n\t<meta property=\"og:image:height\" content=\"1090\" \/>\n\t<meta property=\"og:image:type\" content=\"image\/jpeg\" \/>\n<meta name=\"author\" content=\"admin\" \/>\n<meta name=\"twitter:card\" content=\"summary_large_image\" \/>\n<meta name=\"twitter:creator\" content=\"@pcardinbedding\" \/>\n<meta name=\"twitter:site\" content=\"@pcardinbedding\" \/>\n<meta name=\"twitter:label1\" content=\"Written by\" \/>\n\t<meta name=\"twitter:data1\" content=\"admin\" \/>\n\t<meta name=\"twitter:label2\" content=\"Est. reading time\" \/>\n\t<meta name=\"twitter:data2\" content=\"3 minutes\" \/>\n<script type=\"application\/ld+json\" class=\"yoast-schema-graph\">{\"@context\":\"https:\\\/\\\/schema.org\",\"@graph\":[{\"@type\":\"Article\",\"@id\":\"https:\\\/\\\/pierrecardinyatak.com.tr\\\/saglikli-bir-uyku-icin-yorgan-yastik-ve-alez-seciminin-onemi-buyuk\\\/#article\",\"isPartOf\":{\"@id\":\"https:\\\/\\\/pierrecardinyatak.com.tr\\\/saglikli-bir-uyku-icin-yorgan-yastik-ve-alez-seciminin-onemi-buyuk\\\/\"},\"author\":{\"name\":\"admin\",\"@id\":\"https:\\\/\\\/pierrecardinyatak.com.tr\\\/#\\\/schema\\\/person\\\/1c182155c79ef557a479bd374b58f902\"},\"headline\":\"Sa\u011fl\u0131kl\u0131 Bir Uyku \u0130\u00e7in Yorgan, Yast\u0131k ve Alez Se\u00e7iminin \u00d6nemi B\u00fcy\u00fck\",\"datePublished\":\"2025-07-21T12:07:23+00:00\",\"dateModified\":\"2025-08-20T14:26:04+00:00\",\"mainEntityOfPage\":{\"@id\":\"https:\\\/\\\/pierrecardinyatak.com.tr\\\/saglikli-bir-uyku-icin-yorgan-yastik-ve-alez-seciminin-onemi-buyuk\\\/\"},\"wordCount\":612,\"image\":{\"@id\":\"https:\\\/\\\/pierrecardinyatak.com.tr\\\/saglikli-bir-uyku-icin-yorgan-yastik-ve-alez-seciminin-onemi-buyuk\\\/#primaryimage\"},\"thumbnailUrl\":\"https:\\\/\\\/pierrecardinyatak.com.tr\\\/wp-content\\\/uploads\\\/2022\\\/12\\\/urun-wola-yastik-list.jpg\",\"articleSection\":[\"Blog\"],\"inLanguage\":\"hy-AM\"},{\"@type\":\"WebPage\",\"@id\":\"https:\\\/\\\/pierrecardinyatak.com.tr\\\/saglikli-bir-uyku-icin-yorgan-yastik-ve-alez-seciminin-onemi-buyuk\\\/\",\"url\":\"https:\\\/\\\/pierrecardinyatak.com.tr\\\/saglikli-bir-uyku-icin-yorgan-yastik-ve-alez-seciminin-onemi-buyuk\\\/\",\"name\":\"Sa\u011fl\u0131kl\u0131 Bir Uyku \u0130\u00e7in Yorgan, Yast\u0131k ve Alez Se\u00e7iminin \u00d6nemi B\u00fcy\u00fck - Pierre Cardin Yatak\",\"isPartOf\":{\"@id\":\"https:\\\/\\\/pierrecardinyatak.com.tr\\\/#website\"},\"primaryImageOfPage\":{\"@id\":\"https:\\\/\\\/pierrecardinyatak.com.tr\\\/saglikli-bir-uyku-icin-yorgan-yastik-ve-alez-seciminin-onemi-buyuk\\\/#primaryimage\"},\"image\":{\"@id\":\"https:\\\/\\\/pierrecardinyatak.com.tr\\\/saglikli-bir-uyku-icin-yorgan-yastik-ve-alez-seciminin-onemi-buyuk\\\/#primaryimage\"},\"thumbnailUrl\":\"https:\\\/\\\/pierrecardinyatak.com.tr\\\/wp-content\\\/uploads\\\/2022\\\/12\\\/urun-wola-yastik-list.jpg\",\"datePublished\":\"2025-07-21T12:07:23+00:00\",\"dateModified\":\"2025-08-20T14:26:04+00:00\",\"author\":{\"@id\":\"https:\\\/\\\/pierrecardinyatak.com.tr\\\/#\\\/schema\\\/person\\\/1c182155c79ef557a479bd374b58f902\"},\"breadcrumb\":{\"@id\":\"https:\\\/\\\/pierrecardinyatak.com.tr\\\/saglikli-bir-uyku-icin-yorgan-yastik-ve-alez-seciminin-onemi-buyuk\\\/#breadcrumb\"},\"inLanguage\":\"hy-AM\",\"potentialAction\":[{\"@type\":\"ReadAction\",\"target\":[\"https:\\\/\\\/pierrecardinyatak.com.tr\\\/saglikli-bir-uyku-icin-yorgan-yastik-ve-alez-seciminin-onemi-buyuk\\\/\"]}]},{\"@type\":\"ImageObject\",\"inLanguage\":\"hy-AM\",\"@id\":\"https:\\\/\\\/pierrecardinyatak.com.tr\\\/saglikli-bir-uyku-icin-yorgan-yastik-ve-alez-seciminin-onemi-buyuk\\\/#primaryimage\",\"url\":\"https:\\\/\\\/pierrecardinyatak.com.tr\\\/wp-content\\\/uploads\\\/2022\\\/12\\\/urun-wola-yastik-list.jpg\",\"contentUrl\":\"https:\\\/\\\/pierrecardinyatak.com.tr\\\/wp-content\\\/uploads\\\/2022\\\/12\\\/urun-wola-yastik-list.jpg\",\"width\":1455,\"height\":1090,\"caption\":\"Pierre Cardin Wola Yast\u0131k: Konforun Elegan Dokunu\u015fu Y\u00fcksek Kaliteli Malzemelerle Tasarlanm\u0131\u015f Rahatl\u0131k - \u015eimdi \u0130nceleyin!\"},{\"@type\":\"BreadcrumbList\",\"@id\":\"https:\\\/\\\/pierrecardinyatak.com.tr\\\/saglikli-bir-uyku-icin-yorgan-yastik-ve-alez-seciminin-onemi-buyuk\\\/#breadcrumb\",\"itemListElement\":[{\"@type\":\"ListItem\",\"position\":1,\"name\":\"Anasayfa\",\"item\":\"https:\\\/\\\/pierrecardinyatak.com.tr\\\/\"},{\"@type\":\"ListItem\",\"position\":2,\"name\":\"Sa\u011fl\u0131kl\u0131 Bir Uyku \u0130\u00e7in Yorgan, Yast\u0131k ve Alez Se\u00e7iminin \u00d6nemi B\u00fcy\u00fck\"}]},{\"@type\":\"WebSite\",\"@id\":\"https:\\\/\\\/pierrecardinyatak.com.tr\\\/#website\",\"url\":\"https:\\\/\\\/pierrecardinyatak.com.tr\\\/\",\"name\":\"Pierre Cardin Yatak\",\"description\":\"-\",\"potentialAction\":[{\"@type\":\"SearchAction\",\"target\":{\"@type\":\"EntryPoint\",\"urlTemplate\":\"https:\\\/\\\/pierrecardinyatak.com.tr\\\/?s={search_term_string}\"},\"query-input\":{\"@type\":\"PropertyValueSpecification\",\"valueRequired\":true,\"valueName\":\"search_term_string\"}}],\"inLanguage\":\"hy-AM\"},{\"@type\":\"Person\",\"@id\":\"https:\\\/\\\/pierrecardinyatak.com.tr\\\/#\\\/schema\\\/person\\\/1c182155c79ef557a479bd374b58f902\",\"name\":\"admin\",\"image\":{\"@type\":\"ImageObject\",\"inLanguage\":\"hy-AM\",\"@id\":\"https:\\\/\\\/secure.gravatar.com\\\/avatar\\\/3a0c75d6a4a7b2213bf32cead72e590c8f6aa56e5c7c70ea801e74aa7a9372bc?s=96&d=mm&r=g\",\"url\":\"https:\\\/\\\/secure.gravatar.com\\\/avatar\\\/3a0c75d6a4a7b2213bf32cead72e590c8f6aa56e5c7c70ea801e74aa7a9372bc?s=96&d=mm&r=g\",\"contentUrl\":\"https:\\\/\\\/secure.gravatar.com\\\/avatar\\\/3a0c75d6a4a7b2213bf32cead72e590c8f6aa56e5c7c70ea801e74aa7a9372bc?s=96&d=mm&r=g\",\"caption\":\"admin\"},\"sameAs\":[\"https:\\\/\\\/pierrecardinbedding.com.tr\"],\"url\":\"https:\\\/\\\/pierrecardinyatak.com.tr\\\/hy\\\/author\\\/admin\\\/\"}]}<\/script>\n<!-- \/ Yoast SEO plugin. -->","yoast_head_json":{"title":"Sa\u011fl\u0131kl\u0131 Bir Uyku \u0130\u00e7in Yorgan, Yast\u0131k ve Alez Se\u00e7iminin \u00d6nemi B\u00fcy\u00fck - Pierre Cardin Yatak","robots":{"index":"index","follow":"follow","max-snippet":"max-snippet:-1","max-image-preview":"max-image-preview:large","max-video-preview":"max-video-preview:-1"},"canonical":"https:\/\/pierrecardinyatak.com.tr\/hy\/saglikli-bir-uyku-icin-yorgan-yastik-ve-alez-seciminin-onemi-buyuk\/","og_locale":"en_US","og_type":"article","og_title":"Sa\u011fl\u0131kl\u0131 Bir Uyku \u0130\u00e7in Yorgan, Yast\u0131k ve Alez Se\u00e7iminin \u00d6nemi B\u00fcy\u00fck - Pierre Cardin Yatak","og_description":"Kaliteli bir uykunun s\u0131rr\u0131 sadece do\u011fru yatakta de\u011fil, ayn\u0131 zamanda do\u011fru yorgan, yast\u0131k ve alez se\u00e7iminde gizli. V\u00fccut \u0131s\u0131s\u0131n\u0131 dengede","og_url":"https:\/\/pierrecardinyatak.com.tr\/hy\/saglikli-bir-uyku-icin-yorgan-yastik-ve-alez-seciminin-onemi-buyuk\/","og_site_name":"Pierre Cardin Yatak","article_publisher":"https:\/\/www.facebook.com\/pierrecardinyatak","article_published_time":"2025-07-21T12:07:23+00:00","article_modified_time":"2025-08-20T14:26:04+00:00","og_image":[{"width":1455,"height":1090,"url":"https:\/\/pierrecardinyatak.com.tr\/wp-content\/uploads\/2022\/12\/urun-wola-yastik-list.jpg","type":"image\/jpeg"}],"author":"admin","twitter_card":"summary_large_image","twitter_creator":"@pcardinbedding","twitter_site":"@pcardinbedding","twitter_misc":{"Written by":"admin","Est. reading time":"3 minutes"},"schema":{"@context":"https:\/\/schema.org","@graph":[{"@type":"Article","@id":"https:\/\/pierrecardinyatak.com.tr\/saglikli-bir-uyku-icin-yorgan-yastik-ve-alez-seciminin-onemi-buyuk\/#article","isPartOf":{"@id":"https:\/\/pierrecardinyatak.com.tr\/saglikli-bir-uyku-icin-yorgan-yastik-ve-alez-seciminin-onemi-buyuk\/"},"author":{"name":"admin","@id":"https:\/\/pierrecardinyatak.com.tr\/#\/schema\/person\/1c182155c79ef557a479bd374b58f902"},"headline":"Sa\u011fl\u0131kl\u0131 Bir Uyku \u0130\u00e7in Yorgan, Yast\u0131k ve Alez Se\u00e7iminin \u00d6nemi B\u00fcy\u00fck","datePublished":"2025-07-21T12:07:23+00:00","dateModified":"2025-08-20T14:26:04+00:00","mainEntityOfPage":{"@id":"https:\/\/pierrecardinyatak.com.tr\/saglikli-bir-uyku-icin-yorgan-yastik-ve-alez-seciminin-onemi-buyuk\/"},"wordCount":612,"image":{"@id":"https:\/\/pierrecardinyatak.com.tr\/saglikli-bir-uyku-icin-yorgan-yastik-ve-alez-seciminin-onemi-buyuk\/#primaryimage"},"thumbnailUrl":"https:\/\/pierrecardinyatak.com.tr\/wp-content\/uploads\/2022\/12\/urun-wola-yastik-list.jpg","articleSection":["Blog"],"inLanguage":"hy-AM"},{"@type":"WebPage","@id":"https:\/\/pierrecardinyatak.com.tr\/saglikli-bir-uyku-icin-yorgan-yastik-ve-alez-seciminin-onemi-buyuk\/","url":"https:\/\/pierrecardinyatak.com.tr\/saglikli-bir-uyku-icin-yorgan-yastik-ve-alez-seciminin-onemi-buyuk\/","name":"Sa\u011fl\u0131kl\u0131 Bir Uyku \u0130\u00e7in Yorgan, Yast\u0131k ve Alez Se\u00e7iminin \u00d6nemi B\u00fcy\u00fck - Pierre Cardin Yatak","isPartOf":{"@id":"https:\/\/pierrecardinyatak.com.tr\/#website"},"primaryImageOfPage":{"@id":"https:\/\/pierrecardinyatak.com.tr\/saglikli-bir-uyku-icin-yorgan-yastik-ve-alez-seciminin-onemi-buyuk\/#primaryimage"},"image":{"@id":"https:\/\/pierrecardinyatak.com.tr\/saglikli-bir-uyku-icin-yorgan-yastik-ve-alez-seciminin-onemi-buyuk\/#primaryimage"},"thumbnailUrl":"https:\/\/pierrecardinyatak.com.tr\/wp-content\/uploads\/2022\/12\/urun-wola-yastik-list.jpg","datePublished":"2025-07-21T12:07:23+00:00","dateModified":"2025-08-20T14:26:04+00:00","author":{"@id":"https:\/\/pierrecardinyatak.com.tr\/#\/schema\/person\/1c182155c79ef557a479bd374b58f902"},"breadcrumb":{"@id":"https:\/\/pierrecardinyatak.com.tr\/saglikli-bir-uyku-icin-yorgan-yastik-ve-alez-seciminin-onemi-buyuk\/#breadcrumb"},"inLanguage":"hy-AM","potentialAction":[{"@type":"ReadAction","target":["https:\/\/pierrecardinyatak.com.tr\/saglikli-bir-uyku-icin-yorgan-yastik-ve-alez-seciminin-onemi-buyuk\/"]}]},{"@type":"ImageObject","inLanguage":"hy-AM","@id":"https:\/\/pierrecardinyatak.com.tr\/saglikli-bir-uyku-icin-yorgan-yastik-ve-alez-seciminin-onemi-buyuk\/#primaryimage","url":"https:\/\/pierrecardinyatak.com.tr\/wp-content\/uploads\/2022\/12\/urun-wola-yastik-list.jpg","contentUrl":"https:\/\/pierrecardinyatak.com.tr\/wp-content\/uploads\/2022\/12\/urun-wola-yastik-list.jpg","width":1455,"height":1090,"caption":"Pierre Cardin Wola Yast\u0131k: Konforun Elegan Dokunu\u015fu Y\u00fcksek Kaliteli Malzemelerle Tasarlanm\u0131\u015f Rahatl\u0131k - \u015eimdi \u0130nceleyin!"},{"@type":"BreadcrumbList","@id":"https:\/\/pierrecardinyatak.com.tr\/saglikli-bir-uyku-icin-yorgan-yastik-ve-alez-seciminin-onemi-buyuk\/#breadcrumb","itemListElement":[{"@type":"ListItem","position":1,"name":"Anasayfa","item":"https:\/\/pierrecardinyatak.com.tr\/"},{"@type":"ListItem","position":2,"name":"Sa\u011fl\u0131kl\u0131 Bir Uyku \u0130\u00e7in Yorgan, Yast\u0131k ve Alez Se\u00e7iminin \u00d6nemi B\u00fcy\u00fck"}]},{"@type":"WebSite","@id":"https:\/\/pierrecardinyatak.com.tr\/#website","url":"https:\/\/pierrecardinyatak.com.tr\/","name":"Pierre Cardin Yatak","description":"-","potentialAction":[{"@type":"SearchAction","target":{"@type":"EntryPoint","urlTemplate":"https:\/\/pierrecardinyatak.com.tr\/?s={search_term_string}"},"query-input":{"@type":"PropertyValueSpecification","valueRequired":true,"valueName":"search_term_string"}}],"inLanguage":"hy-AM"},{"@type":"Person","@id":"https:\/\/pierrecardinyatak.com.tr\/#\/schema\/person\/1c182155c79ef557a479bd374b58f902","name":"admin","image":{"@type":"ImageObject","inLanguage":"hy-AM","@id":"https:\/\/secure.gravatar.com\/avatar\/3a0c75d6a4a7b2213bf32cead72e590c8f6aa56e5c7c70ea801e74aa7a9372bc?s=96&d=mm&r=g","url":"https:\/\/secure.gravatar.com\/avatar\/3a0c75d6a4a7b2213bf32cead72e590c8f6aa56e5c7c70ea801e74aa7a9372bc?s=96&d=mm&r=g","contentUrl":"https:\/\/secure.gravatar.com\/avatar\/3a0c75d6a4a7b2213bf32cead72e590c8f6aa56e5c7c70ea801e74aa7a9372bc?s=96&d=mm&r=g","caption":"admin"},"sameAs":["https:\/\/pierrecardinbedding.com.tr"],"url":"https:\/\/pierrecardinyatak.com.tr\/hy\/author\/admin\/"}]}},"_links":{"self":[{"href":"https:\/\/pierrecardinyatak.com.tr\/hy\/wp-json\/wp\/v2\/posts\/11374","targetHints":{"allow":["GET"]}}],"collection":[{"href":"https:\/\/pierrecardinyatak.com.tr\/hy\/wp-json\/wp\/v2\/posts"}],"about":[{"href":"https:\/\/pierrecardinyatak.com.tr\/hy\/wp-json\/wp\/v2\/types\/post"}],"author":[{"embeddable":true,"href":"https:\/\/pierrecardinyatak.com.tr\/hy\/wp-json\/wp\/v2\/users\/1"}],"replies":[{"embeddable":true,"href":"https:\/\/pierrecardinyatak.com.tr\/hy\/wp-json\/wp\/v2\/comments?post=11374"}],"version-history":[{"count":0,"href":"https:\/\/pierrecardinyatak.com.tr\/hy\/wp-json\/wp\/v2\/posts\/11374\/revisions"}],"wp:featuredmedia":[{"embeddable":true,"href":"https:\/\/pierrecardinyatak.com.tr\/hy\/wp-json\/wp\/v2\/media\/4974"}],"wp:attachment":[{"href":"https:\/\/pierrecardinyatak.com.tr\/hy\/wp-json\/wp\/v2\/media?parent=11374"}],"wp:term":[{"taxonomy":"category","embeddable":true,"href":"https:\/\/pierrecardinyatak.com.tr\/hy\/wp-json\/wp\/v2\/categories?post=11374"},{"taxonomy":"post_tag","embeddable":true,"href":"https:\/\/pierrecardinyatak.com.tr\/hy\/wp-json\/wp\/v2\/tags?post=11374"}],"curies":[{"name":"wp","href":"https:\/\/api.w.org\/{rel}","templated":true}]}}