{"id":13266,"date":"2025-12-07T14:40:14","date_gmt":"2025-12-07T11:40:14","guid":{"rendered":"https:\/\/pierrecardinyatak.com.tr\/?p=13266"},"modified":"2026-02-12T11:18:46","modified_gmt":"2026-02-12T08:18:46","slug":"yeni-nesil-uyku-standartlari","status":"publish","type":"post","link":"https:\/\/pierrecardinyatak.com.tr\/fr\/yeni-nesil-uyku-standartlari\/","title":{"rendered":"Yeni Nesil Uyku Standartlar\u0131"},"content":{"rendered":"<p>2025 y\u0131l\u0131yla birlikte uyku teknolojileri, konforu bilimsel verilerle harmanlayan yepyeni bir d\u00f6neme ad\u0131m at\u0131yor. Sa\u011fl\u0131kl\u0131 uykuya dair artan fark\u0131ndal\u0131k, kullan\u0131c\u0131lar\u0131n tercihlerini de belirgin bir \u015fekilde de\u011fi\u015ftiriyor. Sa\u011fl\u0131kl\u0131 uyku yatak yorumlar\u0131, yatak se\u00e7imi rehberi 2025 ve yatak odas\u0131 dekorasyon \u00f6nerileri gibi aramalar, modern ya\u015fam\u0131n uyku odakl\u0131 \u00e7\u00f6z\u00fcmlere verdi\u011fi \u00f6nemi g\u00f6zler \u00f6n\u00fcne seriyor.<\/p>\n<p>Geli\u015fmi\u015f malzeme yap\u0131lar\u0131, yenilik\u00e7i kuma\u015f teknolojileri ve omurga dostu tasar\u0131mlar, bu d\u00f6nemin en \u00f6nemli kriterleri aras\u0131nda yer al\u0131yor. Termal denge sa\u011flayan kuma\u015flar, hava ge\u00e7irgen yap\u0131lar ve sessiz yay sistemleri, konforun yan\u0131 s\u0131ra hijyen ve dayan\u0131kl\u0131l\u0131\u011f\u0131 da en \u00fcst seviyeye \u00e7\u0131kar\u0131yor. Yatak \u0131s\u0131 dengeleme kuma\u015f\u0131 ve nem &amp; \u0131s\u0131 dengeleme teknolojileri, gece boyunca ideal konfor alan\u0131n\u0131 korumaya yard\u0131mc\u0131 oluyor.<\/p>\n<p>Omurga sa\u011fl\u0131\u011f\u0131n\u0131 destekleyen modeller, 2025\u2019in y\u00fckselen trendleri aras\u0131nda \u00f6ne \u00e7\u0131k\u0131yor. Geli\u015ftirilmi\u015f s\u00fcnger yap\u0131s\u0131, y\u00fcksek noktasal esneme kabiliyeti ve do\u011fru a\u011f\u0131rl\u0131k da\u011f\u0131l\u0131m\u0131 sa\u011flayan sistemler, yatak omurga deste\u011fi alan\u0131nda yeni standartlar belirliyor. Visco, hibrit ve yayl\u0131 sistemlerin modern yorumlar\u0131, konfor ve dayan\u0131kl\u0131l\u0131\u011f\u0131 tek bir platformda bulu\u015fturuyor.<\/p>\n<p>Yatak se\u00e7imindeki yenilikler kadar, yatak odas\u0131 d\u00fczeni de ayn\u0131 \u00f6l\u00e7\u00fcde ilgi \u00e7ekiyor. Sade \u00e7izgilere sahip mobilyalar, fonksiyonel saklama alanlar\u0131 ve b\u00fct\u00fcnle\u015fik yap\u0131daki setler, kullan\u0131m kolayl\u0131\u011f\u0131 ve estetik b\u00fct\u00fcnl\u00fc\u011f\u00fc bir araya getiriyor. Yatak odas\u0131 mobilya seti \u00f6nerileri, baza + ba\u015fl\u0131k + gard\u0131rop kombinasyonlar\u0131 ve modern yatak bazas\u0131 modelleri, odan\u0131n ergonomisini g\u00fc\u00e7lendiren \u00e7\u00f6z\u00fcmler aras\u0131nda dikkat \u00e7ekiyor.<\/p>\n<p>Son zamanlarda fiyat ve marka kar\u015f\u0131la\u015ft\u0131rmalar\u0131, sat\u0131n alma s\u00fcrecinin vazge\u00e7ilmez bir par\u00e7as\u0131 haline geldi. Kullan\u0131c\u0131lar, yatak fiyatlar\u0131n\u0131 kar\u015f\u0131la\u015ft\u0131rarak, yatak baza ba\u015fl\u0131k kampanyalar\u0131n\u0131 takip ederek ve T\u00fcrkiye\u2019nin \u00f6nde gelen yatak markalar\u0131n\u0131 inceleyerek uzun \u00f6m\u00fcrl\u00fc bir yat\u0131r\u0131m yapmay\u0131 ama\u00e7l\u0131yor. Premium segmentte ise Pierre Cardin, kalite ve g\u00fcveni bir araya getiren \u00fcr\u00fcnleriyle dikkat \u00e7ekiyor.<\/p>\n<p>Ayr\u0131ca, yatak bak\u0131m rutinleri de giderek daha fazla \u00f6nem kazan\u0131yor. Yatak temizli\u011fi ve bak\u0131m \u00f6nerileri, \u00fcr\u00fcn\u00fcn \u00f6mr\u00fcn\u00fc uzatman\u0131n yan\u0131 s\u0131ra hijyen standartlar\u0131n\u0131 korumaya da yard\u0131mc\u0131 oluyor. Alez kullan\u0131m\u0131, d\u00fczenli havaland\u0131rma ve kuma\u015f koruyucu uygulamalar\u0131, yatak performans\u0131n\u0131n uzun vadede korunmas\u0131na destek sa\u011fl\u0131yor.<\/p>\n<p>2025\u2019in yeni nesil uyku yakla\u015f\u0131m\u0131, bilimsel temellere dayanan konfor, modern tasar\u0131m ve uzun \u00f6m\u00fcrl\u00fc kullan\u0131m anlay\u0131\u015f\u0131n\u0131 bir araya getirerek kullan\u0131c\u0131lar\u0131n beklentilerini en \u00fcst seviyede kar\u015f\u0131lamay\u0131 hedefliyor. Her detay\u0131 \u00f6zenle d\u00fc\u015f\u00fcn\u00fclm\u00fc\u015f uyku \u00e7\u00f6z\u00fcmleri, ya\u015fam kalitesini art\u0131ran sa\u011flam bir altyap\u0131 sunmaya devam ediyor.<\/p>","protected":false},"excerpt":{"rendered":"<p>2025 y\u0131l\u0131yla birlikte uyku teknolojileri, konforu bilimsel verilerle harmanlayan yepyeni bir d\u00f6neme ad\u0131m at\u0131yor. Sa\u011fl\u0131kl\u0131 uykuya dair artan fark\u0131ndal\u0131k, kullan\u0131c\u0131lar\u0131n<\/p>","protected":false},"author":1,"featured_media":9655,"comment_status":"closed","ping_status":"closed","sticky":false,"template":"","format":"standard","meta":{"footnotes":""},"categories":[369],"tags":[],"class_list":["post-13266","post","type-post","status-publish","format-standard","has-post-thumbnail","hentry","category-blog"],"yoast_head":"<!-- This site is optimized with the Yoast SEO plugin v27.4 - https:\/\/yoast.com\/product\/yoast-seo-wordpress\/ -->\n<title>Yeni Nesil Uyku Standartlar\u0131 - Pierre Cardin Yatak<\/title>\n<meta name=\"robots\" content=\"index, follow, max-snippet:-1, max-image-preview:large, max-video-preview:-1\" \/>\n<link rel=\"canonical\" href=\"https:\/\/pierrecardinyatak.com.tr\/fr\/yeni-nesil-uyku-standartlari\/\" \/>\n<meta property=\"og:locale\" content=\"fr_FR\" \/>\n<meta property=\"og:type\" content=\"article\" \/>\n<meta property=\"og:title\" content=\"Yeni Nesil Uyku Standartlar\u0131 - Pierre Cardin Yatak\" \/>\n<meta property=\"og:description\" content=\"2025 y\u0131l\u0131yla birlikte uyku teknolojileri, konforu bilimsel verilerle harmanlayan yepyeni bir d\u00f6neme ad\u0131m at\u0131yor. Sa\u011fl\u0131kl\u0131 uykuya dair artan fark\u0131ndal\u0131k, kullan\u0131c\u0131lar\u0131n\" \/>\n<meta property=\"og:url\" content=\"https:\/\/pierrecardinyatak.com.tr\/fr\/yeni-nesil-uyku-standartlari\/\" \/>\n<meta property=\"og:site_name\" content=\"Pierre Cardin Yatak\" \/>\n<meta property=\"article:publisher\" content=\"https:\/\/www.facebook.com\/pierrecardinyatak\" \/>\n<meta property=\"article:published_time\" content=\"2025-12-07T11:40:14+00:00\" \/>\n<meta property=\"article:modified_time\" content=\"2026-02-12T08:18:46+00:00\" \/>\n<meta property=\"og:image\" content=\"https:\/\/pierrecardinyatak.com.tr\/wp-content\/uploads\/2025\/05\/urun-hawk2.jpg\" \/>\n\t<meta property=\"og:image:width\" content=\"2142\" \/>\n\t<meta property=\"og:image:height\" content=\"1205\" \/>\n\t<meta property=\"og:image:type\" content=\"image\/jpeg\" \/>\n<meta name=\"author\" content=\"admin\" \/>\n<meta name=\"twitter:card\" content=\"summary_large_image\" \/>\n<meta name=\"twitter:creator\" content=\"@pcardinbedding\" \/>\n<meta name=\"twitter:site\" content=\"@pcardinbedding\" \/>\n<meta name=\"twitter:label1\" content=\"\u00c9crit par\" \/>\n\t<meta name=\"twitter:data1\" content=\"admin\" \/>\n\t<meta name=\"twitter:label2\" content=\"Dur\u00e9e de lecture estim\u00e9e\" \/>\n\t<meta name=\"twitter:data2\" content=\"3 minutes\" \/>\n<script type=\"application\/ld+json\" class=\"yoast-schema-graph\">{\"@context\":\"https:\\\/\\\/schema.org\",\"@graph\":[{\"@type\":\"Article\",\"@id\":\"https:\\\/\\\/pierrecardinyatak.com.tr\\\/yeni-nesil-uyku-standartlari\\\/#article\",\"isPartOf\":{\"@id\":\"https:\\\/\\\/pierrecardinyatak.com.tr\\\/yeni-nesil-uyku-standartlari\\\/\"},\"author\":{\"name\":\"admin\",\"@id\":\"https:\\\/\\\/pierrecardinyatak.com.tr\\\/#\\\/schema\\\/person\\\/1c182155c79ef557a479bd374b58f902\"},\"headline\":\"Yeni Nesil Uyku Standartlar\u0131\",\"datePublished\":\"2025-12-07T11:40:14+00:00\",\"dateModified\":\"2026-02-12T08:18:46+00:00\",\"mainEntityOfPage\":{\"@id\":\"https:\\\/\\\/pierrecardinyatak.com.tr\\\/yeni-nesil-uyku-standartlari\\\/\"},\"wordCount\":478,\"image\":{\"@id\":\"https:\\\/\\\/pierrecardinyatak.com.tr\\\/yeni-nesil-uyku-standartlari\\\/#primaryimage\"},\"thumbnailUrl\":\"https:\\\/\\\/pierrecardinyatak.com.tr\\\/wp-content\\\/uploads\\\/2025\\\/05\\\/urun-hawk2.jpg\",\"articleSection\":[\"Blog\"],\"inLanguage\":\"fr-FR\"},{\"@type\":\"WebPage\",\"@id\":\"https:\\\/\\\/pierrecardinyatak.com.tr\\\/yeni-nesil-uyku-standartlari\\\/\",\"url\":\"https:\\\/\\\/pierrecardinyatak.com.tr\\\/yeni-nesil-uyku-standartlari\\\/\",\"name\":\"Yeni Nesil Uyku Standartlar\u0131 - Pierre Cardin Yatak\",\"isPartOf\":{\"@id\":\"https:\\\/\\\/pierrecardinyatak.com.tr\\\/#website\"},\"primaryImageOfPage\":{\"@id\":\"https:\\\/\\\/pierrecardinyatak.com.tr\\\/yeni-nesil-uyku-standartlari\\\/#primaryimage\"},\"image\":{\"@id\":\"https:\\\/\\\/pierrecardinyatak.com.tr\\\/yeni-nesil-uyku-standartlari\\\/#primaryimage\"},\"thumbnailUrl\":\"https:\\\/\\\/pierrecardinyatak.com.tr\\\/wp-content\\\/uploads\\\/2025\\\/05\\\/urun-hawk2.jpg\",\"datePublished\":\"2025-12-07T11:40:14+00:00\",\"dateModified\":\"2026-02-12T08:18:46+00:00\",\"author\":{\"@id\":\"https:\\\/\\\/pierrecardinyatak.com.tr\\\/#\\\/schema\\\/person\\\/1c182155c79ef557a479bd374b58f902\"},\"breadcrumb\":{\"@id\":\"https:\\\/\\\/pierrecardinyatak.com.tr\\\/yeni-nesil-uyku-standartlari\\\/#breadcrumb\"},\"inLanguage\":\"fr-FR\",\"potentialAction\":[{\"@type\":\"ReadAction\",\"target\":[\"https:\\\/\\\/pierrecardinyatak.com.tr\\\/yeni-nesil-uyku-standartlari\\\/\"]}]},{\"@type\":\"ImageObject\",\"inLanguage\":\"fr-FR\",\"@id\":\"https:\\\/\\\/pierrecardinyatak.com.tr\\\/yeni-nesil-uyku-standartlari\\\/#primaryimage\",\"url\":\"https:\\\/\\\/pierrecardinyatak.com.tr\\\/wp-content\\\/uploads\\\/2025\\\/05\\\/urun-hawk2.jpg\",\"contentUrl\":\"https:\\\/\\\/pierrecardinyatak.com.tr\\\/wp-content\\\/uploads\\\/2025\\\/05\\\/urun-hawk2.jpg\",\"width\":2142,\"height\":1205},{\"@type\":\"BreadcrumbList\",\"@id\":\"https:\\\/\\\/pierrecardinyatak.com.tr\\\/yeni-nesil-uyku-standartlari\\\/#breadcrumb\",\"itemListElement\":[{\"@type\":\"ListItem\",\"position\":1,\"name\":\"Anasayfa\",\"item\":\"https:\\\/\\\/pierrecardinyatak.com.tr\\\/\"},{\"@type\":\"ListItem\",\"position\":2,\"name\":\"Yeni Nesil Uyku Standartlar\u0131\"}]},{\"@type\":\"WebSite\",\"@id\":\"https:\\\/\\\/pierrecardinyatak.com.tr\\\/#website\",\"url\":\"https:\\\/\\\/pierrecardinyatak.com.tr\\\/\",\"name\":\"Pierre Cardin Yatak\",\"description\":\"-\",\"potentialAction\":[{\"@type\":\"SearchAction\",\"target\":{\"@type\":\"EntryPoint\",\"urlTemplate\":\"https:\\\/\\\/pierrecardinyatak.com.tr\\\/?s={search_term_string}\"},\"query-input\":{\"@type\":\"PropertyValueSpecification\",\"valueRequired\":true,\"valueName\":\"search_term_string\"}}],\"inLanguage\":\"fr-FR\"},{\"@type\":\"Person\",\"@id\":\"https:\\\/\\\/pierrecardinyatak.com.tr\\\/#\\\/schema\\\/person\\\/1c182155c79ef557a479bd374b58f902\",\"name\":\"admin\",\"image\":{\"@type\":\"ImageObject\",\"inLanguage\":\"fr-FR\",\"@id\":\"https:\\\/\\\/secure.gravatar.com\\\/avatar\\\/3a0c75d6a4a7b2213bf32cead72e590c8f6aa56e5c7c70ea801e74aa7a9372bc?s=96&d=mm&r=g\",\"url\":\"https:\\\/\\\/secure.gravatar.com\\\/avatar\\\/3a0c75d6a4a7b2213bf32cead72e590c8f6aa56e5c7c70ea801e74aa7a9372bc?s=96&d=mm&r=g\",\"contentUrl\":\"https:\\\/\\\/secure.gravatar.com\\\/avatar\\\/3a0c75d6a4a7b2213bf32cead72e590c8f6aa56e5c7c70ea801e74aa7a9372bc?s=96&d=mm&r=g\",\"caption\":\"admin\"},\"sameAs\":[\"https:\\\/\\\/pierrecardinbedding.com.tr\"],\"url\":\"https:\\\/\\\/pierrecardinyatak.com.tr\\\/fr\\\/author\\\/admin\\\/\"}]}<\/script>\n<!-- \/ Yoast SEO plugin. -->","yoast_head_json":{"title":"Yeni Nesil Uyku Standartlar\u0131 - Pierre Cardin Yatak","robots":{"index":"index","follow":"follow","max-snippet":"max-snippet:-1","max-image-preview":"max-image-preview:large","max-video-preview":"max-video-preview:-1"},"canonical":"https:\/\/pierrecardinyatak.com.tr\/fr\/yeni-nesil-uyku-standartlari\/","og_locale":"fr_FR","og_type":"article","og_title":"Yeni Nesil Uyku Standartlar\u0131 - Pierre Cardin Yatak","og_description":"2025 y\u0131l\u0131yla birlikte uyku teknolojileri, konforu bilimsel verilerle harmanlayan yepyeni bir d\u00f6neme ad\u0131m at\u0131yor. Sa\u011fl\u0131kl\u0131 uykuya dair artan fark\u0131ndal\u0131k, kullan\u0131c\u0131lar\u0131n","og_url":"https:\/\/pierrecardinyatak.com.tr\/fr\/yeni-nesil-uyku-standartlari\/","og_site_name":"Pierre Cardin Yatak","article_publisher":"https:\/\/www.facebook.com\/pierrecardinyatak","article_published_time":"2025-12-07T11:40:14+00:00","article_modified_time":"2026-02-12T08:18:46+00:00","og_image":[{"width":2142,"height":1205,"url":"https:\/\/pierrecardinyatak.com.tr\/wp-content\/uploads\/2025\/05\/urun-hawk2.jpg","type":"image\/jpeg"}],"author":"admin","twitter_card":"summary_large_image","twitter_creator":"@pcardinbedding","twitter_site":"@pcardinbedding","twitter_misc":{"\u00c9crit par":"admin","Dur\u00e9e de lecture estim\u00e9e":"3 minutes"},"schema":{"@context":"https:\/\/schema.org","@graph":[{"@type":"Article","@id":"https:\/\/pierrecardinyatak.com.tr\/yeni-nesil-uyku-standartlari\/#article","isPartOf":{"@id":"https:\/\/pierrecardinyatak.com.tr\/yeni-nesil-uyku-standartlari\/"},"author":{"name":"admin","@id":"https:\/\/pierrecardinyatak.com.tr\/#\/schema\/person\/1c182155c79ef557a479bd374b58f902"},"headline":"Yeni Nesil Uyku Standartlar\u0131","datePublished":"2025-12-07T11:40:14+00:00","dateModified":"2026-02-12T08:18:46+00:00","mainEntityOfPage":{"@id":"https:\/\/pierrecardinyatak.com.tr\/yeni-nesil-uyku-standartlari\/"},"wordCount":478,"image":{"@id":"https:\/\/pierrecardinyatak.com.tr\/yeni-nesil-uyku-standartlari\/#primaryimage"},"thumbnailUrl":"https:\/\/pierrecardinyatak.com.tr\/wp-content\/uploads\/2025\/05\/urun-hawk2.jpg","articleSection":["Blog"],"inLanguage":"fr-FR"},{"@type":"WebPage","@id":"https:\/\/pierrecardinyatak.com.tr\/yeni-nesil-uyku-standartlari\/","url":"https:\/\/pierrecardinyatak.com.tr\/yeni-nesil-uyku-standartlari\/","name":"Yeni Nesil Uyku Standartlar\u0131 - Pierre Cardin Yatak","isPartOf":{"@id":"https:\/\/pierrecardinyatak.com.tr\/#website"},"primaryImageOfPage":{"@id":"https:\/\/pierrecardinyatak.com.tr\/yeni-nesil-uyku-standartlari\/#primaryimage"},"image":{"@id":"https:\/\/pierrecardinyatak.com.tr\/yeni-nesil-uyku-standartlari\/#primaryimage"},"thumbnailUrl":"https:\/\/pierrecardinyatak.com.tr\/wp-content\/uploads\/2025\/05\/urun-hawk2.jpg","datePublished":"2025-12-07T11:40:14+00:00","dateModified":"2026-02-12T08:18:46+00:00","author":{"@id":"https:\/\/pierrecardinyatak.com.tr\/#\/schema\/person\/1c182155c79ef557a479bd374b58f902"},"breadcrumb":{"@id":"https:\/\/pierrecardinyatak.com.tr\/yeni-nesil-uyku-standartlari\/#breadcrumb"},"inLanguage":"fr-FR","potentialAction":[{"@type":"ReadAction","target":["https:\/\/pierrecardinyatak.com.tr\/yeni-nesil-uyku-standartlari\/"]}]},{"@type":"ImageObject","inLanguage":"fr-FR","@id":"https:\/\/pierrecardinyatak.com.tr\/yeni-nesil-uyku-standartlari\/#primaryimage","url":"https:\/\/pierrecardinyatak.com.tr\/wp-content\/uploads\/2025\/05\/urun-hawk2.jpg","contentUrl":"https:\/\/pierrecardinyatak.com.tr\/wp-content\/uploads\/2025\/05\/urun-hawk2.jpg","width":2142,"height":1205},{"@type":"BreadcrumbList","@id":"https:\/\/pierrecardinyatak.com.tr\/yeni-nesil-uyku-standartlari\/#breadcrumb","itemListElement":[{"@type":"ListItem","position":1,"name":"Anasayfa","item":"https:\/\/pierrecardinyatak.com.tr\/"},{"@type":"ListItem","position":2,"name":"Yeni Nesil Uyku Standartlar\u0131"}]},{"@type":"WebSite","@id":"https:\/\/pierrecardinyatak.com.tr\/#website","url":"https:\/\/pierrecardinyatak.com.tr\/","name":"Lit Pierre Cardin","description":"-","potentialAction":[{"@type":"SearchAction","target":{"@type":"EntryPoint","urlTemplate":"https:\/\/pierrecardinyatak.com.tr\/?s={search_term_string}"},"query-input":{"@type":"PropertyValueSpecification","valueRequired":true,"valueName":"search_term_string"}}],"inLanguage":"fr-FR"},{"@type":"Person","@id":"https:\/\/pierrecardinyatak.com.tr\/#\/schema\/person\/1c182155c79ef557a479bd374b58f902","name":"l'administration","image":{"@type":"ImageObject","inLanguage":"fr-FR","@id":"https:\/\/secure.gravatar.com\/avatar\/3a0c75d6a4a7b2213bf32cead72e590c8f6aa56e5c7c70ea801e74aa7a9372bc?s=96&d=mm&r=g","url":"https:\/\/secure.gravatar.com\/avatar\/3a0c75d6a4a7b2213bf32cead72e590c8f6aa56e5c7c70ea801e74aa7a9372bc?s=96&d=mm&r=g","contentUrl":"https:\/\/secure.gravatar.com\/avatar\/3a0c75d6a4a7b2213bf32cead72e590c8f6aa56e5c7c70ea801e74aa7a9372bc?s=96&d=mm&r=g","caption":"admin"},"sameAs":["https:\/\/pierrecardinbedding.com.tr"],"url":"https:\/\/pierrecardinyatak.com.tr\/fr\/author\/admin\/"}]}},"_links":{"self":[{"href":"https:\/\/pierrecardinyatak.com.tr\/fr\/wp-json\/wp\/v2\/posts\/13266","targetHints":{"allow":["GET"]}}],"collection":[{"href":"https:\/\/pierrecardinyatak.com.tr\/fr\/wp-json\/wp\/v2\/posts"}],"about":[{"href":"https:\/\/pierrecardinyatak.com.tr\/fr\/wp-json\/wp\/v2\/types\/post"}],"author":[{"embeddable":true,"href":"https:\/\/pierrecardinyatak.com.tr\/fr\/wp-json\/wp\/v2\/users\/1"}],"replies":[{"embeddable":true,"href":"https:\/\/pierrecardinyatak.com.tr\/fr\/wp-json\/wp\/v2\/comments?post=13266"}],"version-history":[{"count":0,"href":"https:\/\/pierrecardinyatak.com.tr\/fr\/wp-json\/wp\/v2\/posts\/13266\/revisions"}],"wp:featuredmedia":[{"embeddable":true,"href":"https:\/\/pierrecardinyatak.com.tr\/fr\/wp-json\/wp\/v2\/media\/9655"}],"wp:attachment":[{"href":"https:\/\/pierrecardinyatak.com.tr\/fr\/wp-json\/wp\/v2\/media?parent=13266"}],"wp:term":[{"taxonomy":"category","embeddable":true,"href":"https:\/\/pierrecardinyatak.com.tr\/fr\/wp-json\/wp\/v2\/categories?post=13266"},{"taxonomy":"post_tag","embeddable":true,"href":"https:\/\/pierrecardinyatak.com.tr\/fr\/wp-json\/wp\/v2\/tags?post=13266"}],"curies":[{"name":"wp","href":"https:\/\/api.w.org\/{rel}","templated":true}]}}