{"id":11399,"date":"2025-07-21T16:29:49","date_gmt":"2025-07-21T13:29:49","guid":{"rendered":"https:\/\/pierrecardinyatak.com.tr\/?p=11399"},"modified":"2025-08-23T21:06:18","modified_gmt":"2025-08-23T18:06:18","slug":"gelismis-yatak-teknolojileriyle-tanisin-konfor-saglik-ve-uzun-omur-bir-arada","status":"publish","type":"post","link":"https:\/\/pierrecardinyatak.com.tr\/fr\/gelismis-yatak-teknolojileriyle-tanisin-konfor-saglik-ve-uzun-omur-bir-arada\/","title":{"rendered":"Geli\u015fmi\u015f Yatak Teknolojileriyle Tan\u0131\u015f\u0131n: Konfor, Sa\u011fl\u0131k ve Uzun \u00d6m\u00fcr Bir Arada"},"content":{"rendered":"<p>G\u00fcn\u00fcm\u00fczde kaliteli bir uyku, sadece dinlenmekle kalmay\u0131p, ayn\u0131 zamanda bedenimizi yenileyip zihnimizi rahatlatmak ve yeni g\u00fcne enerjik bir \u015fekilde uyanmak anlam\u0131na geliyor. Bu noktada do\u011fru yatak se\u00e7imi ger\u00e7ekten \u00e7ok \u00f6nemli. \u00d6zellikle ortopedik visco yataklar, omurgay\u0131 destekleyerek s\u0131rt ve bel a\u011fr\u0131lar\u0131n\u0131 hafifletirken, haf\u0131za k\u00f6p\u00fc\u011f\u00fc yataklar v\u00fccut \u015fekline uyum sa\u011flayarak maksimum konfor sunuyor. Uyku konforunu art\u0131ran yatak yap\u0131lar\u0131 ise, gece boyunca pozisyon de\u011fi\u015ftirme ihtiyac\u0131n\u0131 azaltarak daha derin ve kesintisiz bir uyku sa\u011fl\u0131yor.<\/p>\n<p>Y\u00fcksek destekli yataklar, \u00f6zellikle bel b\u00f6lgesinde yo\u011fun destek arayanlar i\u00e7in m\u00fckemmel bir tercih. Mevsimlik yatak kuma\u015flar\u0131yla \u00fcretilen modeller, yaz\u0131n serin, k\u0131\u015f\u0131n ise s\u0131cak bir uyku ortam\u0131 sunarak d\u00f6rt mevsim kullan\u0131labiliyor. Alerjisi olanlar i\u00e7in tasarlanan hypoallergenic yatak \u00e7e\u015fitleri, toz, akar ve polen gibi alerjenlere kar\u015f\u0131 koruma sa\u011fl\u0131yor. Yeni nesil nano teknoloji yatak y\u00fczeyleri ise hijyen seviyesini art\u0131rarak bakteri ve k\u00f6t\u00fc kokular\u0131n olu\u015fumunu engelliyor.<\/p>\n<p>Ak\u0131ll\u0131 \u0131s\u0131 kontrol\u00fc yatak sistemleri, v\u00fccut s\u0131cakl\u0131\u011f\u0131na g\u00f6re kendini ayarlayarak terlemeyi \u00f6nl\u00fcyor. Antibakteriyel y\u00fczeylere sahip yataklar, \u00f6zellikle nemli ortamlarda bakteri olu\u015fumuna kar\u015f\u0131 g\u00fc\u00e7l\u00fc bir koruma sunuyor. Bas\u0131n\u00e7 noktas\u0131 azalt\u0131c\u0131 yatak modelleri, omuz, kal\u00e7a ve diz gibi b\u00f6lgelerdeki y\u00fck\u00fc dengeli bir \u015fekilde da\u011f\u0131tarak kan dola\u015f\u0131m\u0131n\u0131 destekliyor. Hava kanall\u0131 yatak se\u00e7enekleri ise nefes alabilen yap\u0131lar\u0131yla gece terlemesini azalt\u0131yor.<\/p>\n<p>\u00c7ift y\u00fczeyli kullan\u0131labilir yatak modelleri, iki tarafl\u0131 kullan\u0131m imk\u00e2n\u0131 sunarak hem ekonomik hem de uzun \u00f6m\u00fcrl\u00fc bir deneyim sunuyor. \u00c7ocuk geli\u015fim yatak modeli, miniklerin omurga sa\u011fl\u0131\u011f\u0131n\u0131 destekleyecek \u015fekilde tasarlanm\u0131\u015f. Ergonomik tasar\u0131ml\u0131 yataklar, v\u00fccudun farkl\u0131 b\u00f6lgelerine \u00f6zel destek sa\u011flayarak uyku s\u0131ras\u0131nda maksimum konfor sunuyor. Kompakt misafir yata\u011f\u0131 ise dar alanlar i\u00e7in pratik \u00e7\u00f6z\u00fcmler getiriyor.<\/p>\n<p>Konfor katman\u0131 fazla yatak se\u00e7enekleri, yumu\u015fakl\u0131k ve destek dengesini en \u00fcst seviyeye \u00e7\u0131kar\u0131rken, do\u011fal lifli yatak modelleri bambu, pamuk ve hindistan cevizi gibi malzemelerle \u00fcretilerek do\u011fall\u0131\u011f\u0131 \u00f6n plana \u00e7\u0131kar\u0131yor. Sessiz yay sistemine sahip yataklar, hareket aktar\u0131m\u0131n\u0131 en aza indirerek e\u015fli uyumalarda bile rahats\u0131zl\u0131k vermiyor. Y\u00fcksek yo\u011funluklu s\u00fcnger yatak modelleri ise uzun s\u00fcreli kullan\u0131mda formunu koruyarak \u00e7\u00f6kme yapm\u0131yor. Son olarak, uzun \u00f6m\u00fcrl\u00fc yatak \u00e7\u00f6z\u00fcmleri arayanlar i\u00e7in hem malzeme kalitesi hem de kullan\u0131m esnekli\u011fiyle \u00f6ne \u00e7\u0131kan modeller tercih ediliyor.<\/p>","protected":false},"excerpt":{"rendered":"<p>G\u00fcn\u00fcm\u00fczde kaliteli bir uyku, sadece dinlenmekle kalmay\u0131p, ayn\u0131 zamanda bedenimizi yenileyip zihnimizi rahatlatmak ve yeni g\u00fcne enerjik bir \u015fekilde uyanmak<\/p>","protected":false},"author":1,"featured_media":8471,"comment_status":"closed","ping_status":"closed","sticky":false,"template":"","format":"standard","meta":{"footnotes":""},"categories":[369],"tags":[],"class_list":["post-11399","post","type-post","status-publish","format-standard","has-post-thumbnail","hentry","category-blog"],"yoast_head":"<!-- This site is optimized with the Yoast SEO plugin v27.4 - https:\/\/yoast.com\/product\/yoast-seo-wordpress\/ -->\n<title>Geli\u015fmi\u015f Yatak Teknolojileriyle Tan\u0131\u015f\u0131n: Konfor, Sa\u011fl\u0131k ve Uzun \u00d6m\u00fcr Bir Arada - Pierre Cardin Yatak<\/title>\n<meta name=\"robots\" content=\"index, follow, max-snippet:-1, max-image-preview:large, max-video-preview:-1\" \/>\n<link rel=\"canonical\" href=\"https:\/\/pierrecardinyatak.com.tr\/fr\/gelismis-yatak-teknolojileriyle-tanisin-konfor-saglik-ve-uzun-omur-bir-arada\/\" \/>\n<meta property=\"og:locale\" content=\"fr_FR\" \/>\n<meta property=\"og:type\" content=\"article\" \/>\n<meta property=\"og:title\" content=\"Geli\u015fmi\u015f Yatak Teknolojileriyle Tan\u0131\u015f\u0131n: Konfor, Sa\u011fl\u0131k ve Uzun \u00d6m\u00fcr Bir Arada - Pierre Cardin Yatak\" \/>\n<meta property=\"og:description\" content=\"G\u00fcn\u00fcm\u00fczde kaliteli bir uyku, sadece dinlenmekle kalmay\u0131p, ayn\u0131 zamanda bedenimizi yenileyip zihnimizi rahatlatmak ve yeni g\u00fcne enerjik bir \u015fekilde uyanmak\" \/>\n<meta property=\"og:url\" content=\"https:\/\/pierrecardinyatak.com.tr\/fr\/gelismis-yatak-teknolojileriyle-tanisin-konfor-saglik-ve-uzun-omur-bir-arada\/\" \/>\n<meta property=\"og:site_name\" content=\"Pierre Cardin Yatak\" \/>\n<meta property=\"article:publisher\" content=\"https:\/\/www.facebook.com\/pierrecardinyatak\" \/>\n<meta property=\"article:published_time\" content=\"2025-07-21T13:29:49+00:00\" \/>\n<meta property=\"article:modified_time\" content=\"2025-08-23T18:06:18+00:00\" \/>\n<meta property=\"og:image\" content=\"https:\/\/pierrecardinyatak.com.tr\/wp-content\/uploads\/2022\/11\/pierre-cardin-yatak-iconia-yatak-15.jpg\" \/>\n\t<meta property=\"og:image:width\" content=\"1455\" \/>\n\t<meta property=\"og:image:height\" content=\"1090\" \/>\n\t<meta property=\"og:image:type\" content=\"image\/jpeg\" \/>\n<meta name=\"author\" content=\"admin\" \/>\n<meta name=\"twitter:card\" content=\"summary_large_image\" \/>\n<meta name=\"twitter:creator\" content=\"@pcardinbedding\" \/>\n<meta name=\"twitter:site\" content=\"@pcardinbedding\" \/>\n<meta name=\"twitter:label1\" content=\"\u00c9crit par\" \/>\n\t<meta name=\"twitter:data1\" content=\"admin\" \/>\n\t<meta name=\"twitter:label2\" content=\"Dur\u00e9e de lecture estim\u00e9e\" \/>\n\t<meta name=\"twitter:data2\" content=\"3 minutes\" \/>\n<script type=\"application\/ld+json\" class=\"yoast-schema-graph\">{\"@context\":\"https:\\\/\\\/schema.org\",\"@graph\":[{\"@type\":\"Article\",\"@id\":\"https:\\\/\\\/pierrecardinyatak.com.tr\\\/gelismis-yatak-teknolojileriyle-tanisin-konfor-saglik-ve-uzun-omur-bir-arada\\\/#article\",\"isPartOf\":{\"@id\":\"https:\\\/\\\/pierrecardinyatak.com.tr\\\/gelismis-yatak-teknolojileriyle-tanisin-konfor-saglik-ve-uzun-omur-bir-arada\\\/\"},\"author\":{\"name\":\"admin\",\"@id\":\"https:\\\/\\\/pierrecardinyatak.com.tr\\\/#\\\/schema\\\/person\\\/1c182155c79ef557a479bd374b58f902\"},\"headline\":\"Geli\u015fmi\u015f Yatak Teknolojileriyle Tan\u0131\u015f\u0131n: Konfor, Sa\u011fl\u0131k ve Uzun \u00d6m\u00fcr Bir Arada\",\"datePublished\":\"2025-07-21T13:29:49+00:00\",\"dateModified\":\"2025-08-23T18:06:18+00:00\",\"mainEntityOfPage\":{\"@id\":\"https:\\\/\\\/pierrecardinyatak.com.tr\\\/gelismis-yatak-teknolojileriyle-tanisin-konfor-saglik-ve-uzun-omur-bir-arada\\\/\"},\"wordCount\":439,\"image\":{\"@id\":\"https:\\\/\\\/pierrecardinyatak.com.tr\\\/gelismis-yatak-teknolojileriyle-tanisin-konfor-saglik-ve-uzun-omur-bir-arada\\\/#primaryimage\"},\"thumbnailUrl\":\"https:\\\/\\\/pierrecardinyatak.com.tr\\\/wp-content\\\/uploads\\\/2022\\\/11\\\/pierre-cardin-yatak-iconia-yatak-15.jpg\",\"articleSection\":[\"Blog\"],\"inLanguage\":\"fr-FR\"},{\"@type\":\"WebPage\",\"@id\":\"https:\\\/\\\/pierrecardinyatak.com.tr\\\/gelismis-yatak-teknolojileriyle-tanisin-konfor-saglik-ve-uzun-omur-bir-arada\\\/\",\"url\":\"https:\\\/\\\/pierrecardinyatak.com.tr\\\/gelismis-yatak-teknolojileriyle-tanisin-konfor-saglik-ve-uzun-omur-bir-arada\\\/\",\"name\":\"Geli\u015fmi\u015f Yatak Teknolojileriyle Tan\u0131\u015f\u0131n: Konfor, Sa\u011fl\u0131k ve Uzun \u00d6m\u00fcr Bir Arada - Pierre Cardin Yatak\",\"isPartOf\":{\"@id\":\"https:\\\/\\\/pierrecardinyatak.com.tr\\\/#website\"},\"primaryImageOfPage\":{\"@id\":\"https:\\\/\\\/pierrecardinyatak.com.tr\\\/gelismis-yatak-teknolojileriyle-tanisin-konfor-saglik-ve-uzun-omur-bir-arada\\\/#primaryimage\"},\"image\":{\"@id\":\"https:\\\/\\\/pierrecardinyatak.com.tr\\\/gelismis-yatak-teknolojileriyle-tanisin-konfor-saglik-ve-uzun-omur-bir-arada\\\/#primaryimage\"},\"thumbnailUrl\":\"https:\\\/\\\/pierrecardinyatak.com.tr\\\/wp-content\\\/uploads\\\/2022\\\/11\\\/pierre-cardin-yatak-iconia-yatak-15.jpg\",\"datePublished\":\"2025-07-21T13:29:49+00:00\",\"dateModified\":\"2025-08-23T18:06:18+00:00\",\"author\":{\"@id\":\"https:\\\/\\\/pierrecardinyatak.com.tr\\\/#\\\/schema\\\/person\\\/1c182155c79ef557a479bd374b58f902\"},\"breadcrumb\":{\"@id\":\"https:\\\/\\\/pierrecardinyatak.com.tr\\\/gelismis-yatak-teknolojileriyle-tanisin-konfor-saglik-ve-uzun-omur-bir-arada\\\/#breadcrumb\"},\"inLanguage\":\"fr-FR\",\"potentialAction\":[{\"@type\":\"ReadAction\",\"target\":[\"https:\\\/\\\/pierrecardinyatak.com.tr\\\/gelismis-yatak-teknolojileriyle-tanisin-konfor-saglik-ve-uzun-omur-bir-arada\\\/\"]}]},{\"@type\":\"ImageObject\",\"inLanguage\":\"fr-FR\",\"@id\":\"https:\\\/\\\/pierrecardinyatak.com.tr\\\/gelismis-yatak-teknolojileriyle-tanisin-konfor-saglik-ve-uzun-omur-bir-arada\\\/#primaryimage\",\"url\":\"https:\\\/\\\/pierrecardinyatak.com.tr\\\/wp-content\\\/uploads\\\/2022\\\/11\\\/pierre-cardin-yatak-iconia-yatak-15.jpg\",\"contentUrl\":\"https:\\\/\\\/pierrecardinyatak.com.tr\\\/wp-content\\\/uploads\\\/2022\\\/11\\\/pierre-cardin-yatak-iconia-yatak-15.jpg\",\"width\":1455,\"height\":1090},{\"@type\":\"BreadcrumbList\",\"@id\":\"https:\\\/\\\/pierrecardinyatak.com.tr\\\/gelismis-yatak-teknolojileriyle-tanisin-konfor-saglik-ve-uzun-omur-bir-arada\\\/#breadcrumb\",\"itemListElement\":[{\"@type\":\"ListItem\",\"position\":1,\"name\":\"Anasayfa\",\"item\":\"https:\\\/\\\/pierrecardinyatak.com.tr\\\/\"},{\"@type\":\"ListItem\",\"position\":2,\"name\":\"Geli\u015fmi\u015f Yatak Teknolojileriyle Tan\u0131\u015f\u0131n: Konfor, Sa\u011fl\u0131k ve Uzun \u00d6m\u00fcr Bir Arada\"}]},{\"@type\":\"WebSite\",\"@id\":\"https:\\\/\\\/pierrecardinyatak.com.tr\\\/#website\",\"url\":\"https:\\\/\\\/pierrecardinyatak.com.tr\\\/\",\"name\":\"Pierre Cardin Yatak\",\"description\":\"-\",\"potentialAction\":[{\"@type\":\"SearchAction\",\"target\":{\"@type\":\"EntryPoint\",\"urlTemplate\":\"https:\\\/\\\/pierrecardinyatak.com.tr\\\/?s={search_term_string}\"},\"query-input\":{\"@type\":\"PropertyValueSpecification\",\"valueRequired\":true,\"valueName\":\"search_term_string\"}}],\"inLanguage\":\"fr-FR\"},{\"@type\":\"Person\",\"@id\":\"https:\\\/\\\/pierrecardinyatak.com.tr\\\/#\\\/schema\\\/person\\\/1c182155c79ef557a479bd374b58f902\",\"name\":\"admin\",\"image\":{\"@type\":\"ImageObject\",\"inLanguage\":\"fr-FR\",\"@id\":\"https:\\\/\\\/secure.gravatar.com\\\/avatar\\\/3a0c75d6a4a7b2213bf32cead72e590c8f6aa56e5c7c70ea801e74aa7a9372bc?s=96&d=mm&r=g\",\"url\":\"https:\\\/\\\/secure.gravatar.com\\\/avatar\\\/3a0c75d6a4a7b2213bf32cead72e590c8f6aa56e5c7c70ea801e74aa7a9372bc?s=96&d=mm&r=g\",\"contentUrl\":\"https:\\\/\\\/secure.gravatar.com\\\/avatar\\\/3a0c75d6a4a7b2213bf32cead72e590c8f6aa56e5c7c70ea801e74aa7a9372bc?s=96&d=mm&r=g\",\"caption\":\"admin\"},\"sameAs\":[\"https:\\\/\\\/pierrecardinbedding.com.tr\"],\"url\":\"https:\\\/\\\/pierrecardinyatak.com.tr\\\/fr\\\/author\\\/admin\\\/\"}]}<\/script>\n<!-- \/ Yoast SEO plugin. -->","yoast_head_json":{"title":"Geli\u015fmi\u015f Yatak Teknolojileriyle Tan\u0131\u015f\u0131n: Konfor, Sa\u011fl\u0131k ve Uzun \u00d6m\u00fcr Bir Arada - Pierre Cardin Yatak","robots":{"index":"index","follow":"follow","max-snippet":"max-snippet:-1","max-image-preview":"max-image-preview:large","max-video-preview":"max-video-preview:-1"},"canonical":"https:\/\/pierrecardinyatak.com.tr\/fr\/gelismis-yatak-teknolojileriyle-tanisin-konfor-saglik-ve-uzun-omur-bir-arada\/","og_locale":"fr_FR","og_type":"article","og_title":"Geli\u015fmi\u015f Yatak Teknolojileriyle Tan\u0131\u015f\u0131n: Konfor, Sa\u011fl\u0131k ve Uzun \u00d6m\u00fcr Bir Arada - Pierre Cardin Yatak","og_description":"G\u00fcn\u00fcm\u00fczde kaliteli bir uyku, sadece dinlenmekle kalmay\u0131p, ayn\u0131 zamanda bedenimizi yenileyip zihnimizi rahatlatmak ve yeni g\u00fcne enerjik bir \u015fekilde uyanmak","og_url":"https:\/\/pierrecardinyatak.com.tr\/fr\/gelismis-yatak-teknolojileriyle-tanisin-konfor-saglik-ve-uzun-omur-bir-arada\/","og_site_name":"Pierre Cardin Yatak","article_publisher":"https:\/\/www.facebook.com\/pierrecardinyatak","article_published_time":"2025-07-21T13:29:49+00:00","article_modified_time":"2025-08-23T18:06:18+00:00","og_image":[{"width":1455,"height":1090,"url":"https:\/\/pierrecardinyatak.com.tr\/wp-content\/uploads\/2022\/11\/pierre-cardin-yatak-iconia-yatak-15.jpg","type":"image\/jpeg"}],"author":"admin","twitter_card":"summary_large_image","twitter_creator":"@pcardinbedding","twitter_site":"@pcardinbedding","twitter_misc":{"\u00c9crit par":"admin","Dur\u00e9e de lecture estim\u00e9e":"3 minutes"},"schema":{"@context":"https:\/\/schema.org","@graph":[{"@type":"Article","@id":"https:\/\/pierrecardinyatak.com.tr\/gelismis-yatak-teknolojileriyle-tanisin-konfor-saglik-ve-uzun-omur-bir-arada\/#article","isPartOf":{"@id":"https:\/\/pierrecardinyatak.com.tr\/gelismis-yatak-teknolojileriyle-tanisin-konfor-saglik-ve-uzun-omur-bir-arada\/"},"author":{"name":"admin","@id":"https:\/\/pierrecardinyatak.com.tr\/#\/schema\/person\/1c182155c79ef557a479bd374b58f902"},"headline":"Geli\u015fmi\u015f Yatak Teknolojileriyle Tan\u0131\u015f\u0131n: Konfor, Sa\u011fl\u0131k ve Uzun \u00d6m\u00fcr Bir Arada","datePublished":"2025-07-21T13:29:49+00:00","dateModified":"2025-08-23T18:06:18+00:00","mainEntityOfPage":{"@id":"https:\/\/pierrecardinyatak.com.tr\/gelismis-yatak-teknolojileriyle-tanisin-konfor-saglik-ve-uzun-omur-bir-arada\/"},"wordCount":439,"image":{"@id":"https:\/\/pierrecardinyatak.com.tr\/gelismis-yatak-teknolojileriyle-tanisin-konfor-saglik-ve-uzun-omur-bir-arada\/#primaryimage"},"thumbnailUrl":"https:\/\/pierrecardinyatak.com.tr\/wp-content\/uploads\/2022\/11\/pierre-cardin-yatak-iconia-yatak-15.jpg","articleSection":["Blog"],"inLanguage":"fr-FR"},{"@type":"WebPage","@id":"https:\/\/pierrecardinyatak.com.tr\/gelismis-yatak-teknolojileriyle-tanisin-konfor-saglik-ve-uzun-omur-bir-arada\/","url":"https:\/\/pierrecardinyatak.com.tr\/gelismis-yatak-teknolojileriyle-tanisin-konfor-saglik-ve-uzun-omur-bir-arada\/","name":"Geli\u015fmi\u015f Yatak Teknolojileriyle Tan\u0131\u015f\u0131n: Konfor, Sa\u011fl\u0131k ve Uzun \u00d6m\u00fcr Bir Arada - Pierre Cardin Yatak","isPartOf":{"@id":"https:\/\/pierrecardinyatak.com.tr\/#website"},"primaryImageOfPage":{"@id":"https:\/\/pierrecardinyatak.com.tr\/gelismis-yatak-teknolojileriyle-tanisin-konfor-saglik-ve-uzun-omur-bir-arada\/#primaryimage"},"image":{"@id":"https:\/\/pierrecardinyatak.com.tr\/gelismis-yatak-teknolojileriyle-tanisin-konfor-saglik-ve-uzun-omur-bir-arada\/#primaryimage"},"thumbnailUrl":"https:\/\/pierrecardinyatak.com.tr\/wp-content\/uploads\/2022\/11\/pierre-cardin-yatak-iconia-yatak-15.jpg","datePublished":"2025-07-21T13:29:49+00:00","dateModified":"2025-08-23T18:06:18+00:00","author":{"@id":"https:\/\/pierrecardinyatak.com.tr\/#\/schema\/person\/1c182155c79ef557a479bd374b58f902"},"breadcrumb":{"@id":"https:\/\/pierrecardinyatak.com.tr\/gelismis-yatak-teknolojileriyle-tanisin-konfor-saglik-ve-uzun-omur-bir-arada\/#breadcrumb"},"inLanguage":"fr-FR","potentialAction":[{"@type":"ReadAction","target":["https:\/\/pierrecardinyatak.com.tr\/gelismis-yatak-teknolojileriyle-tanisin-konfor-saglik-ve-uzun-omur-bir-arada\/"]}]},{"@type":"ImageObject","inLanguage":"fr-FR","@id":"https:\/\/pierrecardinyatak.com.tr\/gelismis-yatak-teknolojileriyle-tanisin-konfor-saglik-ve-uzun-omur-bir-arada\/#primaryimage","url":"https:\/\/pierrecardinyatak.com.tr\/wp-content\/uploads\/2022\/11\/pierre-cardin-yatak-iconia-yatak-15.jpg","contentUrl":"https:\/\/pierrecardinyatak.com.tr\/wp-content\/uploads\/2022\/11\/pierre-cardin-yatak-iconia-yatak-15.jpg","width":1455,"height":1090},{"@type":"BreadcrumbList","@id":"https:\/\/pierrecardinyatak.com.tr\/gelismis-yatak-teknolojileriyle-tanisin-konfor-saglik-ve-uzun-omur-bir-arada\/#breadcrumb","itemListElement":[{"@type":"ListItem","position":1,"name":"Anasayfa","item":"https:\/\/pierrecardinyatak.com.tr\/"},{"@type":"ListItem","position":2,"name":"Geli\u015fmi\u015f Yatak Teknolojileriyle Tan\u0131\u015f\u0131n: Konfor, Sa\u011fl\u0131k ve Uzun \u00d6m\u00fcr Bir Arada"}]},{"@type":"WebSite","@id":"https:\/\/pierrecardinyatak.com.tr\/#website","url":"https:\/\/pierrecardinyatak.com.tr\/","name":"Lit Pierre Cardin","description":"-","potentialAction":[{"@type":"SearchAction","target":{"@type":"EntryPoint","urlTemplate":"https:\/\/pierrecardinyatak.com.tr\/?s={search_term_string}"},"query-input":{"@type":"PropertyValueSpecification","valueRequired":true,"valueName":"search_term_string"}}],"inLanguage":"fr-FR"},{"@type":"Person","@id":"https:\/\/pierrecardinyatak.com.tr\/#\/schema\/person\/1c182155c79ef557a479bd374b58f902","name":"l'administration","image":{"@type":"ImageObject","inLanguage":"fr-FR","@id":"https:\/\/secure.gravatar.com\/avatar\/3a0c75d6a4a7b2213bf32cead72e590c8f6aa56e5c7c70ea801e74aa7a9372bc?s=96&d=mm&r=g","url":"https:\/\/secure.gravatar.com\/avatar\/3a0c75d6a4a7b2213bf32cead72e590c8f6aa56e5c7c70ea801e74aa7a9372bc?s=96&d=mm&r=g","contentUrl":"https:\/\/secure.gravatar.com\/avatar\/3a0c75d6a4a7b2213bf32cead72e590c8f6aa56e5c7c70ea801e74aa7a9372bc?s=96&d=mm&r=g","caption":"admin"},"sameAs":["https:\/\/pierrecardinbedding.com.tr"],"url":"https:\/\/pierrecardinyatak.com.tr\/fr\/author\/admin\/"}]}},"_links":{"self":[{"href":"https:\/\/pierrecardinyatak.com.tr\/fr\/wp-json\/wp\/v2\/posts\/11399","targetHints":{"allow":["GET"]}}],"collection":[{"href":"https:\/\/pierrecardinyatak.com.tr\/fr\/wp-json\/wp\/v2\/posts"}],"about":[{"href":"https:\/\/pierrecardinyatak.com.tr\/fr\/wp-json\/wp\/v2\/types\/post"}],"author":[{"embeddable":true,"href":"https:\/\/pierrecardinyatak.com.tr\/fr\/wp-json\/wp\/v2\/users\/1"}],"replies":[{"embeddable":true,"href":"https:\/\/pierrecardinyatak.com.tr\/fr\/wp-json\/wp\/v2\/comments?post=11399"}],"version-history":[{"count":0,"href":"https:\/\/pierrecardinyatak.com.tr\/fr\/wp-json\/wp\/v2\/posts\/11399\/revisions"}],"wp:featuredmedia":[{"embeddable":true,"href":"https:\/\/pierrecardinyatak.com.tr\/fr\/wp-json\/wp\/v2\/media\/8471"}],"wp:attachment":[{"href":"https:\/\/pierrecardinyatak.com.tr\/fr\/wp-json\/wp\/v2\/media?parent=11399"}],"wp:term":[{"taxonomy":"category","embeddable":true,"href":"https:\/\/pierrecardinyatak.com.tr\/fr\/wp-json\/wp\/v2\/categories?post=11399"},{"taxonomy":"post_tag","embeddable":true,"href":"https:\/\/pierrecardinyatak.com.tr\/fr\/wp-json\/wp\/v2\/tags?post=11399"}],"curies":[{"name":"wp","href":"https:\/\/api.w.org\/{rel}","templated":true}]}}