{"id":10995,"date":"2025-06-17T10:04:14","date_gmt":"2025-06-17T07:04:14","guid":{"rendered":"https:\/\/pierrecardinyatak.com.tr\/?p=10995"},"modified":"2025-08-20T17:26:06","modified_gmt":"2025-08-20T14:26:06","slug":"bel-sirt-ve-boyun-agrilariniz-varsa-yatak-odasinda-dikkat-etmeniz-gerekenler","status":"publish","type":"post","link":"https:\/\/pierrecardinyatak.com.tr\/fr\/bel-sirt-ve-boyun-agrilariniz-varsa-yatak-odasinda-dikkat-etmeniz-gerekenler\/","title":{"rendered":"Bel, S\u0131rt ve Boyun A\u011fr\u0131lar\u0131n\u0131z Varsa: Yatak Odas\u0131nda Dikkat Etmeniz Gerekenler"},"content":{"rendered":"<p data-start=\"311\" data-end=\"834\">G\u00fcne bel a\u011fr\u0131s\u0131yla uyanmak art\u0131k bir\u00e7ok insan\u0131n normali haline geldi. Oysa bu durumun temel nedeni genellikle d\u00fc\u015f\u00fcnd\u00fc\u011f\u00fcn\u00fczden daha basit: yanl\u0131\u015f yatak, hatal\u0131 baza y\u00fcksekli\u011fi, ergonomiden uzak mobilyalar\u2026<br data-start=\"515\" data-end=\"518\" \/>E\u011fer siz de sabahlar\u0131 sert bir \u015fekilde uyan\u0131yor, g\u00fcn i\u00e7inde s\u0131rt\u0131n\u0131zda gerilme hissediyorsan\u0131z, \u00e7\u00f6z\u00fcm uyku kalitenizi d\u00f6n\u00fc\u015ft\u00fcrmekten ge\u00e7iyor. \u0130\u015fte bu noktada do\u011fru \u00e7ift ki\u015filik yatak, iyi bir ortopedik yatak, uyumlu bir yatak baza ba\u015fl\u0131k seti ve i\u015flevsel bir yatak odas\u0131 tak\u0131m\u0131 belirleyici rol oynar.<\/p>\n<h3 data-start=\"841\" data-end=\"902\">A\u011fr\u0131lar\u0131n\u0131z\u0131n Nedeni Sert Yatak De\u011fil, Yanl\u0131\u015f Yatakt\u0131r<\/h3>\n<p data-start=\"904\" data-end=\"1028\">Yayg\u0131n bir yan\u0131lg\u0131: \u201cA\u011fr\u0131m var, o zaman sert yatakta yatay\u0131m.\u201d<br data-start=\"966\" data-end=\"969\" \/>Oysa bu genelleme \u00e7o\u011fu zaman i\u015fleri daha k\u00f6t\u00fc h\u00e2le getirir.<\/p>\n<ul data-start=\"1030\" data-end=\"1252\">\n<li data-start=\"1030\" data-end=\"1092\">\n<p data-start=\"1032\" data-end=\"1092\">\u00c7ok sert yataklar, omurgan\u0131n do\u011fal e\u011frisini bozabilir.<\/p>\n<\/li>\n<li data-start=\"1093\" data-end=\"1149\">\n<p data-start=\"1095\" data-end=\"1149\">\u00c7ok yumu\u015fak yataklar, bel bo\u015flu\u011funu desteklemez.<\/p>\n<\/li>\n<li data-start=\"1150\" data-end=\"1252\">\n<p data-start=\"1152\" data-end=\"1252\">\u0130deal \u00e7\u00f6z\u00fcm: En iyi ortopedik yatak, yani v\u00fccuda g\u00f6re orta sertlikte ve destekleyici yatakt\u0131r.<\/p>\n<\/li>\n<\/ul>\n<p data-start=\"1254\" data-end=\"1444\">Ayr\u0131ca s\u0131rt \u00fcst\u00fc yatanlar i\u00e7in farkl\u0131, yan yatanlar i\u00e7in farkl\u0131 konfor katmanlar\u0131 gerekir. V\u00fccut yap\u0131n\u0131za ve uyku pozisyonunuza g\u00f6re se\u00e7im yapmak, a\u011fr\u0131lar\u0131n\u0131z\u0131n %80\u2019ini ortadan kald\u0131rabilir.<\/p>\n<h3 data-start=\"1451\" data-end=\"1513\">Yatak Se\u00e7iminde Dikkat Edilmesi Gereken Teknik Detaylar<\/h3>\n<ul data-start=\"1515\" data-end=\"1909\">\n<li data-start=\"1675\" data-end=\"1808\">\n<p data-start=\"1677\" data-end=\"1808\">Is\u0131 reg\u00fclasyonu: Uyurken a\u015f\u0131r\u0131 terleme de kas spazm\u0131na neden olabilir. Bu y\u00fczden hava ge\u00e7irgenli\u011fi y\u00fcksek kuma\u015flar \u00f6nemlidir.<\/p>\n<\/li>\n<li data-start=\"1809\" data-end=\"1909\">\n<p data-start=\"1811\" data-end=\"1909\">Kenar deste\u011fi: \u00d6zellikle ya\u015fla birlikte \u00f6nemli h\u00e2le gelir. Otururken yata\u011f\u0131n kenar\u0131 \u00e7\u00f6kmemeli.<\/p>\n<\/li>\n<\/ul>\n<p data-start=\"1911\" data-end=\"2015\">K\u0131sacas\u0131, s\u0131radan bir yatak de\u011fil; belin anatomisine uygun, medikal destekli bir yatak se\u00e7ilmelidir.<\/p>\n<h3 data-start=\"2022\" data-end=\"2078\">Baza Ba\u015fl\u0131k Seti: Konforu Ta\u015f\u0131yan Sessiz Yard\u0131mc\u0131<\/h3>\n<p data-start=\"2080\" data-end=\"2190\">Bir\u00e7ok ki\u015fi bel a\u011fr\u0131s\u0131n\u0131 sadece yatakla ili\u015fkilendirir. Oysa yatak baza ba\u015fl\u0131k seti, konforun mimarisidir.<\/p>\n<ul data-start=\"2192\" data-end=\"2425\">\n<li data-start=\"2192\" data-end=\"2266\">\n<p data-start=\"2194\" data-end=\"2266\">Do\u011fru y\u00fckseklikte baza, yata\u011fa otururken bel zorlanmas\u0131n\u0131 azalt\u0131r.<\/p>\n<\/li>\n<li data-start=\"2267\" data-end=\"2341\">\n<p data-start=\"2269\" data-end=\"2341\">Sessiz amortis\u00f6rl\u00fc sistemler, gece hareketlerinde uykunuzu b\u00f6lmez.<\/p>\n<\/li>\n<li data-start=\"2342\" data-end=\"2425\">\n<p data-start=\"2344\" data-end=\"2425\">Ba\u015fl\u0131k, sadece estetik de\u011fil; gece yaslanma konforu a\u00e7\u0131s\u0131ndan da \u00f6nemlidir.<\/p>\n<\/li>\n<\/ul>\n<p data-start=\"2427\" data-end=\"2526\">Ba\u015fl\u0131ks\u0131z yatak kullananlarda s\u0131rt \u015fik\u00e2yetleri daha yayg\u0131n g\u00f6zlemlenir \u00e7\u00fcnk\u00fc destek noktas\u0131 yoktur.<\/p>\n<h3 data-start=\"2533\" data-end=\"2605\">Yatak Odas\u0131 Tak\u0131m\u0131: A\u011fr\u0131s\u0131z Hareket Alan\u0131 \u0130\u00e7in Ergonomik Yerle\u015fim<\/h3>\n<p data-start=\"2607\" data-end=\"2766\">Bel, s\u0131rt ya da boyun a\u011fr\u0131s\u0131 olan bireyler i\u00e7in yatak odas\u0131nda e\u015fyalar\u0131n yerle\u015fimi bile \u00f6nemlidir.<br data-start=\"2705\" data-end=\"2708\" \/>Yatak odas\u0131 tak\u0131m\u0131, do\u011fru \u00f6l\u00e7\u00fc ve oranlarda oldu\u011funda:<\/p>\n<ul data-start=\"2768\" data-end=\"3018\">\n<li data-start=\"2768\" data-end=\"2803\">\n<p data-start=\"2770\" data-end=\"2803\">E\u011filmeden a\u00e7\u0131labilen \u00e7ekmeceler<\/p>\n<\/li>\n<li data-start=\"2804\" data-end=\"2856\">\n<p data-start=\"2806\" data-end=\"2856\">S\u00fcrg\u00fcl\u00fc gard\u0131roplar ile omuz zorlamas\u0131n\u0131 azalt\u0131r<\/p>\n<\/li>\n<li data-start=\"2857\" data-end=\"2938\">\n<p data-start=\"2859\" data-end=\"2938\">\u015eifonyer \u00fczerinde ayna y\u00fcksekli\u011fi do\u011fru hizada olursa boyun e\u011filmesi gerekmez<\/p>\n<\/li>\n<li data-start=\"2939\" data-end=\"3018\">\n<p data-start=\"2941\" data-end=\"3018\">Komodin y\u00fcksekli\u011fiyle yata\u011f\u0131n hizalanmas\u0131, gece \u0131\u015f\u0131\u011fa ula\u015f\u0131m\u0131 kolayla\u015ft\u0131r\u0131r<\/p>\n<\/li>\n<\/ul>\n<p data-start=\"3020\" data-end=\"3099\">T\u00fcm bunlar mikro hareketlerdeki a\u011fr\u0131y\u0131 azalt\u0131r ve g\u00fcnl\u00fck konforunuzu y\u00fckseltir.<\/p>\n<h3 data-start=\"3106\" data-end=\"3166\">Uzun Vadede V\u00fccut Dostu Bir Yatak Odas\u0131 \u0130\u00e7in \u0130pu\u00e7lar\u0131<\/h3>\n<p data-start=\"3168\" data-end=\"3501\">Ortopedik yast\u0131k ile yata\u011f\u0131 destekleyin<br data-start=\"3213\" data-end=\"3216\" \/>Bel bo\u015flu\u011funu dolduran bel yast\u0131\u011f\u0131 kullan\u0131n<br data-start=\"3265\" data-end=\"3268\" \/>Yatak ile baza aras\u0131nda kaymaz ped tercih edin<br data-start=\"3320\" data-end=\"3323\" \/>Geni\u015f yatak (en az 160 cm) hareket alan\u0131 sa\u011flar, kas s\u0131k\u0131\u015fmas\u0131n\u0131 \u00f6nler<br data-start=\"3399\" data-end=\"3402\" \/>Lo\u015f ve s\u0131cak \u0131\u015f\u0131kl\u0131 ayd\u0131nlatma, uykuya ge\u00e7i\u015fi kolayla\u015ft\u0131r\u0131r, melatonin dengesi i\u00e7in \u00f6nemlidir<\/p>","protected":false},"excerpt":{"rendered":"<p>G\u00fcne bel a\u011fr\u0131s\u0131yla uyanmak art\u0131k bir\u00e7ok insan\u0131n normali haline geldi. Oysa bu durumun temel nedeni genellikle d\u00fc\u015f\u00fcnd\u00fc\u011f\u00fcn\u00fczden daha basit: yanl\u0131\u015f<\/p>","protected":false},"author":1,"featured_media":9588,"comment_status":"closed","ping_status":"closed","sticky":false,"template":"","format":"standard","meta":{"footnotes":""},"categories":[369],"tags":[],"class_list":["post-10995","post","type-post","status-publish","format-standard","has-post-thumbnail","hentry","category-blog"],"yoast_head":"<!-- This site is optimized with the Yoast SEO plugin v27.4 - https:\/\/yoast.com\/product\/yoast-seo-wordpress\/ -->\n<title>Bel, S\u0131rt ve Boyun A\u011fr\u0131lar\u0131n\u0131z Varsa: Yatak Odas\u0131nda Dikkat Etmeniz Gerekenler - Pierre Cardin Yatak<\/title>\n<meta name=\"robots\" content=\"index, follow, max-snippet:-1, max-image-preview:large, max-video-preview:-1\" \/>\n<link rel=\"canonical\" href=\"https:\/\/pierrecardinyatak.com.tr\/fr\/bel-sirt-ve-boyun-agrilariniz-varsa-yatak-odasinda-dikkat-etmeniz-gerekenler\/\" \/>\n<meta property=\"og:locale\" content=\"fr_FR\" \/>\n<meta property=\"og:type\" content=\"article\" \/>\n<meta property=\"og:title\" content=\"Bel, S\u0131rt ve Boyun A\u011fr\u0131lar\u0131n\u0131z Varsa: Yatak Odas\u0131nda Dikkat Etmeniz Gerekenler - Pierre Cardin Yatak\" \/>\n<meta property=\"og:description\" content=\"G\u00fcne bel a\u011fr\u0131s\u0131yla uyanmak art\u0131k bir\u00e7ok insan\u0131n normali haline geldi. Oysa bu durumun temel nedeni genellikle d\u00fc\u015f\u00fcnd\u00fc\u011f\u00fcn\u00fczden daha basit: yanl\u0131\u015f\" \/>\n<meta property=\"og:url\" content=\"https:\/\/pierrecardinyatak.com.tr\/fr\/bel-sirt-ve-boyun-agrilariniz-varsa-yatak-odasinda-dikkat-etmeniz-gerekenler\/\" \/>\n<meta property=\"og:site_name\" content=\"Pierre Cardin Yatak\" \/>\n<meta property=\"article:publisher\" content=\"https:\/\/www.facebook.com\/pierrecardinyatak\" \/>\n<meta property=\"article:published_time\" content=\"2025-06-17T07:04:14+00:00\" \/>\n<meta property=\"article:modified_time\" content=\"2025-08-20T14:26:06+00:00\" \/>\n<meta property=\"og:image\" content=\"https:\/\/pierrecardinyatak.com.tr\/wp-content\/uploads\/2025\/02\/urun-voyage25.jpg\" \/>\n\t<meta property=\"og:image:width\" content=\"2506\" \/>\n\t<meta property=\"og:image:height\" content=\"1410\" \/>\n\t<meta property=\"og:image:type\" content=\"image\/jpeg\" \/>\n<meta name=\"author\" content=\"admin\" \/>\n<meta name=\"twitter:card\" content=\"summary_large_image\" \/>\n<meta name=\"twitter:creator\" content=\"@pcardinbedding\" \/>\n<meta name=\"twitter:site\" content=\"@pcardinbedding\" \/>\n<meta name=\"twitter:label1\" content=\"\u00c9crit par\" \/>\n\t<meta name=\"twitter:data1\" content=\"admin\" \/>\n\t<meta name=\"twitter:label2\" content=\"Dur\u00e9e de lecture estim\u00e9e\" \/>\n\t<meta name=\"twitter:data2\" content=\"3 minutes\" \/>\n<script type=\"application\/ld+json\" class=\"yoast-schema-graph\">{\"@context\":\"https:\\\/\\\/schema.org\",\"@graph\":[{\"@type\":\"Article\",\"@id\":\"https:\\\/\\\/pierrecardinyatak.com.tr\\\/bel-sirt-ve-boyun-agrilariniz-varsa-yatak-odasinda-dikkat-etmeniz-gerekenler\\\/#article\",\"isPartOf\":{\"@id\":\"https:\\\/\\\/pierrecardinyatak.com.tr\\\/bel-sirt-ve-boyun-agrilariniz-varsa-yatak-odasinda-dikkat-etmeniz-gerekenler\\\/\"},\"author\":{\"name\":\"admin\",\"@id\":\"https:\\\/\\\/pierrecardinyatak.com.tr\\\/#\\\/schema\\\/person\\\/1c182155c79ef557a479bd374b58f902\"},\"headline\":\"Bel, S\u0131rt ve Boyun A\u011fr\u0131lar\u0131n\u0131z Varsa: Yatak Odas\u0131nda Dikkat Etmeniz Gerekenler\",\"datePublished\":\"2025-06-17T07:04:14+00:00\",\"dateModified\":\"2025-08-20T14:26:06+00:00\",\"mainEntityOfPage\":{\"@id\":\"https:\\\/\\\/pierrecardinyatak.com.tr\\\/bel-sirt-ve-boyun-agrilariniz-varsa-yatak-odasinda-dikkat-etmeniz-gerekenler\\\/\"},\"wordCount\":570,\"image\":{\"@id\":\"https:\\\/\\\/pierrecardinyatak.com.tr\\\/bel-sirt-ve-boyun-agrilariniz-varsa-yatak-odasinda-dikkat-etmeniz-gerekenler\\\/#primaryimage\"},\"thumbnailUrl\":\"https:\\\/\\\/pierrecardinyatak.com.tr\\\/wp-content\\\/uploads\\\/2025\\\/02\\\/urun-voyage25.jpg\",\"articleSection\":[\"Blog\"],\"inLanguage\":\"fr-FR\"},{\"@type\":\"WebPage\",\"@id\":\"https:\\\/\\\/pierrecardinyatak.com.tr\\\/bel-sirt-ve-boyun-agrilariniz-varsa-yatak-odasinda-dikkat-etmeniz-gerekenler\\\/\",\"url\":\"https:\\\/\\\/pierrecardinyatak.com.tr\\\/bel-sirt-ve-boyun-agrilariniz-varsa-yatak-odasinda-dikkat-etmeniz-gerekenler\\\/\",\"name\":\"Bel, S\u0131rt ve Boyun A\u011fr\u0131lar\u0131n\u0131z Varsa: Yatak Odas\u0131nda Dikkat Etmeniz Gerekenler - Pierre Cardin Yatak\",\"isPartOf\":{\"@id\":\"https:\\\/\\\/pierrecardinyatak.com.tr\\\/#website\"},\"primaryImageOfPage\":{\"@id\":\"https:\\\/\\\/pierrecardinyatak.com.tr\\\/bel-sirt-ve-boyun-agrilariniz-varsa-yatak-odasinda-dikkat-etmeniz-gerekenler\\\/#primaryimage\"},\"image\":{\"@id\":\"https:\\\/\\\/pierrecardinyatak.com.tr\\\/bel-sirt-ve-boyun-agrilariniz-varsa-yatak-odasinda-dikkat-etmeniz-gerekenler\\\/#primaryimage\"},\"thumbnailUrl\":\"https:\\\/\\\/pierrecardinyatak.com.tr\\\/wp-content\\\/uploads\\\/2025\\\/02\\\/urun-voyage25.jpg\",\"datePublished\":\"2025-06-17T07:04:14+00:00\",\"dateModified\":\"2025-08-20T14:26:06+00:00\",\"author\":{\"@id\":\"https:\\\/\\\/pierrecardinyatak.com.tr\\\/#\\\/schema\\\/person\\\/1c182155c79ef557a479bd374b58f902\"},\"breadcrumb\":{\"@id\":\"https:\\\/\\\/pierrecardinyatak.com.tr\\\/bel-sirt-ve-boyun-agrilariniz-varsa-yatak-odasinda-dikkat-etmeniz-gerekenler\\\/#breadcrumb\"},\"inLanguage\":\"fr-FR\",\"potentialAction\":[{\"@type\":\"ReadAction\",\"target\":[\"https:\\\/\\\/pierrecardinyatak.com.tr\\\/bel-sirt-ve-boyun-agrilariniz-varsa-yatak-odasinda-dikkat-etmeniz-gerekenler\\\/\"]}]},{\"@type\":\"ImageObject\",\"inLanguage\":\"fr-FR\",\"@id\":\"https:\\\/\\\/pierrecardinyatak.com.tr\\\/bel-sirt-ve-boyun-agrilariniz-varsa-yatak-odasinda-dikkat-etmeniz-gerekenler\\\/#primaryimage\",\"url\":\"https:\\\/\\\/pierrecardinyatak.com.tr\\\/wp-content\\\/uploads\\\/2025\\\/02\\\/urun-voyage25.jpg\",\"contentUrl\":\"https:\\\/\\\/pierrecardinyatak.com.tr\\\/wp-content\\\/uploads\\\/2025\\\/02\\\/urun-voyage25.jpg\",\"width\":2506,\"height\":1410},{\"@type\":\"BreadcrumbList\",\"@id\":\"https:\\\/\\\/pierrecardinyatak.com.tr\\\/bel-sirt-ve-boyun-agrilariniz-varsa-yatak-odasinda-dikkat-etmeniz-gerekenler\\\/#breadcrumb\",\"itemListElement\":[{\"@type\":\"ListItem\",\"position\":1,\"name\":\"Anasayfa\",\"item\":\"https:\\\/\\\/pierrecardinyatak.com.tr\\\/\"},{\"@type\":\"ListItem\",\"position\":2,\"name\":\"Bel, S\u0131rt ve Boyun A\u011fr\u0131lar\u0131n\u0131z Varsa: Yatak Odas\u0131nda Dikkat Etmeniz Gerekenler\"}]},{\"@type\":\"WebSite\",\"@id\":\"https:\\\/\\\/pierrecardinyatak.com.tr\\\/#website\",\"url\":\"https:\\\/\\\/pierrecardinyatak.com.tr\\\/\",\"name\":\"Pierre Cardin Yatak\",\"description\":\"-\",\"potentialAction\":[{\"@type\":\"SearchAction\",\"target\":{\"@type\":\"EntryPoint\",\"urlTemplate\":\"https:\\\/\\\/pierrecardinyatak.com.tr\\\/?s={search_term_string}\"},\"query-input\":{\"@type\":\"PropertyValueSpecification\",\"valueRequired\":true,\"valueName\":\"search_term_string\"}}],\"inLanguage\":\"fr-FR\"},{\"@type\":\"Person\",\"@id\":\"https:\\\/\\\/pierrecardinyatak.com.tr\\\/#\\\/schema\\\/person\\\/1c182155c79ef557a479bd374b58f902\",\"name\":\"admin\",\"image\":{\"@type\":\"ImageObject\",\"inLanguage\":\"fr-FR\",\"@id\":\"https:\\\/\\\/secure.gravatar.com\\\/avatar\\\/3a0c75d6a4a7b2213bf32cead72e590c8f6aa56e5c7c70ea801e74aa7a9372bc?s=96&d=mm&r=g\",\"url\":\"https:\\\/\\\/secure.gravatar.com\\\/avatar\\\/3a0c75d6a4a7b2213bf32cead72e590c8f6aa56e5c7c70ea801e74aa7a9372bc?s=96&d=mm&r=g\",\"contentUrl\":\"https:\\\/\\\/secure.gravatar.com\\\/avatar\\\/3a0c75d6a4a7b2213bf32cead72e590c8f6aa56e5c7c70ea801e74aa7a9372bc?s=96&d=mm&r=g\",\"caption\":\"admin\"},\"sameAs\":[\"https:\\\/\\\/pierrecardinbedding.com.tr\"],\"url\":\"https:\\\/\\\/pierrecardinyatak.com.tr\\\/fr\\\/author\\\/admin\\\/\"}]}<\/script>\n<!-- \/ Yoast SEO plugin. -->","yoast_head_json":{"title":"Bel, S\u0131rt ve Boyun A\u011fr\u0131lar\u0131n\u0131z Varsa: Yatak Odas\u0131nda Dikkat Etmeniz Gerekenler - Pierre Cardin Yatak","robots":{"index":"index","follow":"follow","max-snippet":"max-snippet:-1","max-image-preview":"max-image-preview:large","max-video-preview":"max-video-preview:-1"},"canonical":"https:\/\/pierrecardinyatak.com.tr\/fr\/bel-sirt-ve-boyun-agrilariniz-varsa-yatak-odasinda-dikkat-etmeniz-gerekenler\/","og_locale":"fr_FR","og_type":"article","og_title":"Bel, S\u0131rt ve Boyun A\u011fr\u0131lar\u0131n\u0131z Varsa: Yatak Odas\u0131nda Dikkat Etmeniz Gerekenler - Pierre Cardin Yatak","og_description":"G\u00fcne bel a\u011fr\u0131s\u0131yla uyanmak art\u0131k bir\u00e7ok insan\u0131n normali haline geldi. Oysa bu durumun temel nedeni genellikle d\u00fc\u015f\u00fcnd\u00fc\u011f\u00fcn\u00fczden daha basit: yanl\u0131\u015f","og_url":"https:\/\/pierrecardinyatak.com.tr\/fr\/bel-sirt-ve-boyun-agrilariniz-varsa-yatak-odasinda-dikkat-etmeniz-gerekenler\/","og_site_name":"Pierre Cardin Yatak","article_publisher":"https:\/\/www.facebook.com\/pierrecardinyatak","article_published_time":"2025-06-17T07:04:14+00:00","article_modified_time":"2025-08-20T14:26:06+00:00","og_image":[{"width":2506,"height":1410,"url":"https:\/\/pierrecardinyatak.com.tr\/wp-content\/uploads\/2025\/02\/urun-voyage25.jpg","type":"image\/jpeg"}],"author":"admin","twitter_card":"summary_large_image","twitter_creator":"@pcardinbedding","twitter_site":"@pcardinbedding","twitter_misc":{"\u00c9crit par":"admin","Dur\u00e9e de lecture estim\u00e9e":"3 minutes"},"schema":{"@context":"https:\/\/schema.org","@graph":[{"@type":"Article","@id":"https:\/\/pierrecardinyatak.com.tr\/bel-sirt-ve-boyun-agrilariniz-varsa-yatak-odasinda-dikkat-etmeniz-gerekenler\/#article","isPartOf":{"@id":"https:\/\/pierrecardinyatak.com.tr\/bel-sirt-ve-boyun-agrilariniz-varsa-yatak-odasinda-dikkat-etmeniz-gerekenler\/"},"author":{"name":"admin","@id":"https:\/\/pierrecardinyatak.com.tr\/#\/schema\/person\/1c182155c79ef557a479bd374b58f902"},"headline":"Bel, S\u0131rt ve Boyun A\u011fr\u0131lar\u0131n\u0131z Varsa: Yatak Odas\u0131nda Dikkat Etmeniz Gerekenler","datePublished":"2025-06-17T07:04:14+00:00","dateModified":"2025-08-20T14:26:06+00:00","mainEntityOfPage":{"@id":"https:\/\/pierrecardinyatak.com.tr\/bel-sirt-ve-boyun-agrilariniz-varsa-yatak-odasinda-dikkat-etmeniz-gerekenler\/"},"wordCount":570,"image":{"@id":"https:\/\/pierrecardinyatak.com.tr\/bel-sirt-ve-boyun-agrilariniz-varsa-yatak-odasinda-dikkat-etmeniz-gerekenler\/#primaryimage"},"thumbnailUrl":"https:\/\/pierrecardinyatak.com.tr\/wp-content\/uploads\/2025\/02\/urun-voyage25.jpg","articleSection":["Blog"],"inLanguage":"fr-FR"},{"@type":"WebPage","@id":"https:\/\/pierrecardinyatak.com.tr\/bel-sirt-ve-boyun-agrilariniz-varsa-yatak-odasinda-dikkat-etmeniz-gerekenler\/","url":"https:\/\/pierrecardinyatak.com.tr\/bel-sirt-ve-boyun-agrilariniz-varsa-yatak-odasinda-dikkat-etmeniz-gerekenler\/","name":"Bel, S\u0131rt ve Boyun A\u011fr\u0131lar\u0131n\u0131z Varsa: Yatak Odas\u0131nda Dikkat Etmeniz Gerekenler - Pierre Cardin Yatak","isPartOf":{"@id":"https:\/\/pierrecardinyatak.com.tr\/#website"},"primaryImageOfPage":{"@id":"https:\/\/pierrecardinyatak.com.tr\/bel-sirt-ve-boyun-agrilariniz-varsa-yatak-odasinda-dikkat-etmeniz-gerekenler\/#primaryimage"},"image":{"@id":"https:\/\/pierrecardinyatak.com.tr\/bel-sirt-ve-boyun-agrilariniz-varsa-yatak-odasinda-dikkat-etmeniz-gerekenler\/#primaryimage"},"thumbnailUrl":"https:\/\/pierrecardinyatak.com.tr\/wp-content\/uploads\/2025\/02\/urun-voyage25.jpg","datePublished":"2025-06-17T07:04:14+00:00","dateModified":"2025-08-20T14:26:06+00:00","author":{"@id":"https:\/\/pierrecardinyatak.com.tr\/#\/schema\/person\/1c182155c79ef557a479bd374b58f902"},"breadcrumb":{"@id":"https:\/\/pierrecardinyatak.com.tr\/bel-sirt-ve-boyun-agrilariniz-varsa-yatak-odasinda-dikkat-etmeniz-gerekenler\/#breadcrumb"},"inLanguage":"fr-FR","potentialAction":[{"@type":"ReadAction","target":["https:\/\/pierrecardinyatak.com.tr\/bel-sirt-ve-boyun-agrilariniz-varsa-yatak-odasinda-dikkat-etmeniz-gerekenler\/"]}]},{"@type":"ImageObject","inLanguage":"fr-FR","@id":"https:\/\/pierrecardinyatak.com.tr\/bel-sirt-ve-boyun-agrilariniz-varsa-yatak-odasinda-dikkat-etmeniz-gerekenler\/#primaryimage","url":"https:\/\/pierrecardinyatak.com.tr\/wp-content\/uploads\/2025\/02\/urun-voyage25.jpg","contentUrl":"https:\/\/pierrecardinyatak.com.tr\/wp-content\/uploads\/2025\/02\/urun-voyage25.jpg","width":2506,"height":1410},{"@type":"BreadcrumbList","@id":"https:\/\/pierrecardinyatak.com.tr\/bel-sirt-ve-boyun-agrilariniz-varsa-yatak-odasinda-dikkat-etmeniz-gerekenler\/#breadcrumb","itemListElement":[{"@type":"ListItem","position":1,"name":"Anasayfa","item":"https:\/\/pierrecardinyatak.com.tr\/"},{"@type":"ListItem","position":2,"name":"Bel, S\u0131rt ve Boyun A\u011fr\u0131lar\u0131n\u0131z Varsa: Yatak Odas\u0131nda Dikkat Etmeniz Gerekenler"}]},{"@type":"WebSite","@id":"https:\/\/pierrecardinyatak.com.tr\/#website","url":"https:\/\/pierrecardinyatak.com.tr\/","name":"Lit Pierre Cardin","description":"-","potentialAction":[{"@type":"SearchAction","target":{"@type":"EntryPoint","urlTemplate":"https:\/\/pierrecardinyatak.com.tr\/?s={search_term_string}"},"query-input":{"@type":"PropertyValueSpecification","valueRequired":true,"valueName":"search_term_string"}}],"inLanguage":"fr-FR"},{"@type":"Person","@id":"https:\/\/pierrecardinyatak.com.tr\/#\/schema\/person\/1c182155c79ef557a479bd374b58f902","name":"l'administration","image":{"@type":"ImageObject","inLanguage":"fr-FR","@id":"https:\/\/secure.gravatar.com\/avatar\/3a0c75d6a4a7b2213bf32cead72e590c8f6aa56e5c7c70ea801e74aa7a9372bc?s=96&d=mm&r=g","url":"https:\/\/secure.gravatar.com\/avatar\/3a0c75d6a4a7b2213bf32cead72e590c8f6aa56e5c7c70ea801e74aa7a9372bc?s=96&d=mm&r=g","contentUrl":"https:\/\/secure.gravatar.com\/avatar\/3a0c75d6a4a7b2213bf32cead72e590c8f6aa56e5c7c70ea801e74aa7a9372bc?s=96&d=mm&r=g","caption":"admin"},"sameAs":["https:\/\/pierrecardinbedding.com.tr"],"url":"https:\/\/pierrecardinyatak.com.tr\/fr\/author\/admin\/"}]}},"_links":{"self":[{"href":"https:\/\/pierrecardinyatak.com.tr\/fr\/wp-json\/wp\/v2\/posts\/10995","targetHints":{"allow":["GET"]}}],"collection":[{"href":"https:\/\/pierrecardinyatak.com.tr\/fr\/wp-json\/wp\/v2\/posts"}],"about":[{"href":"https:\/\/pierrecardinyatak.com.tr\/fr\/wp-json\/wp\/v2\/types\/post"}],"author":[{"embeddable":true,"href":"https:\/\/pierrecardinyatak.com.tr\/fr\/wp-json\/wp\/v2\/users\/1"}],"replies":[{"embeddable":true,"href":"https:\/\/pierrecardinyatak.com.tr\/fr\/wp-json\/wp\/v2\/comments?post=10995"}],"version-history":[{"count":0,"href":"https:\/\/pierrecardinyatak.com.tr\/fr\/wp-json\/wp\/v2\/posts\/10995\/revisions"}],"wp:featuredmedia":[{"embeddable":true,"href":"https:\/\/pierrecardinyatak.com.tr\/fr\/wp-json\/wp\/v2\/media\/9588"}],"wp:attachment":[{"href":"https:\/\/pierrecardinyatak.com.tr\/fr\/wp-json\/wp\/v2\/media?parent=10995"}],"wp:term":[{"taxonomy":"category","embeddable":true,"href":"https:\/\/pierrecardinyatak.com.tr\/fr\/wp-json\/wp\/v2\/categories?post=10995"},{"taxonomy":"post_tag","embeddable":true,"href":"https:\/\/pierrecardinyatak.com.tr\/fr\/wp-json\/wp\/v2\/tags?post=10995"}],"curies":[{"name":"wp","href":"https:\/\/api.w.org\/{rel}","templated":true}]}}