{"id":10985,"date":"2025-06-17T09:43:57","date_gmt":"2025-06-17T06:43:57","guid":{"rendered":"https:\/\/pierrecardinyatak.com.tr\/?p=10985"},"modified":"2025-06-17T11:09:18","modified_gmt":"2025-06-17T08:09:18","slug":"gunun-yorgunlugunu-attiginiz-yer-yatak-odaniz-her-seydir","status":"publish","type":"post","link":"https:\/\/pierrecardinyatak.com.tr\/fr\/gunun-yorgunlugunu-attiginiz-yer-yatak-odaniz-her-seydir\/","title":{"rendered":"G\u00fcn\u00fcn Yorgunlu\u011funu Att\u0131\u011f\u0131n\u0131z Yer: Yatak Odan\u0131z Her \u015eeydir"},"content":{"rendered":"<p data-start=\"294\" data-end=\"525\">Hayat h\u0131zla ak\u0131yor. Ko\u015fturmalar, sorumluluklar, i\u015fler, toplant\u0131lar, stres\u2026 Peki kendinize ait bir nefes alma alan\u0131n\u0131z var m\u0131?<br data-start=\"419\" data-end=\"422\" \/>Asl\u0131nda var. Her g\u00fcn d\u00f6nd\u00fc\u011f\u00fcn\u00fcz, kap\u0131s\u0131n\u0131 kapatt\u0131\u011f\u0131n\u0131z, sadece size ait olan bir yer: Yatak odan\u0131z.<\/p>\n<p data-start=\"527\" data-end=\"789\">Ama sadece d\u00f6rt duvar de\u011fil bu oda\u2026 \u0130yi se\u00e7ilmi\u015f bir \u00e7ift ki\u015filik yatak, i\u015flevsel bir baza ba\u015fl\u0131k seti, v\u00fccuda dost bir ortopedik yatak ve hepsini tamamlayan \u015f\u0131k bir yatak odas\u0131 tak\u0131m\u0131 sayesinde, s\u0131radan bir odadan \u00e7ok daha fazlas\u0131na d\u00f6n\u00fc\u015febilir.<\/p>\n<h3 data-start=\"796\" data-end=\"849\">Yatak Deyip Ge\u00e7me: Uyku Kaliten, Ya\u015fam Kalitendir<\/h3>\n<p data-start=\"851\" data-end=\"999\">Kaliteli uyku l\u00fcks de\u011fil, ihtiya\u00e7t\u0131r. Sabah nas\u0131l kalkt\u0131\u011f\u0131n, t\u00fcm g\u00fcn\u00fcn\u00fc etkiler.<br data-start=\"931\" data-end=\"934\" \/>\u0130\u015fte bu y\u00fczden s\u0131radan de\u011fil, sana \u00f6zel bir yatakta uyumal\u0131s\u0131n.<\/p>\n<p data-start=\"1001\" data-end=\"1193\">En iyi ortopedik yatak, gece boyunca v\u00fccudunun ihtiyac\u0131 olan deste\u011fi sa\u011flar. Omurgan\u0131 do\u011fal e\u011frisinde tutar, kan dola\u015f\u0131m\u0131n\u0131 dengeler ve sabahlar\u0131 a\u011fr\u0131s\u0131z bir \u015fekilde uyanman\u0131 m\u00fcmk\u00fcn k\u0131lar.<\/p>\n<ul data-start=\"1195\" data-end=\"1327\">\n<li data-start=\"1223\" data-end=\"1253\">\n<p data-start=\"1225\" data-end=\"1253\">Farkl\u0131 sertlik se\u00e7enekleri<\/p>\n<\/li>\n<li data-start=\"1254\" data-end=\"1293\">\n<p data-start=\"1256\" data-end=\"1293\">Terletmeyen nefes alabilir kuma\u015flar<\/p>\n<\/li>\n<li data-start=\"1294\" data-end=\"1327\">\n<p data-start=\"1296\" data-end=\"1327\">Sessiz ve titre\u015fimsiz yap\u0131lar<\/p>\n<\/li>\n<\/ul>\n<p data-start=\"1329\" data-end=\"1375\">Sa\u011fl\u0131kl\u0131 uykunun s\u0131rr\u0131 do\u011fru yatakta gizlidir.<\/p>\n<h3 data-start=\"1382\" data-end=\"1437\">Baza ve Ba\u015fl\u0131k: Fonksiyonellik ve Estetik Bir Arada<\/h3>\n<p data-start=\"1439\" data-end=\"1691\">Yatak baza ba\u015fl\u0131k seti sadece g\u00f6rselli\u011fi de\u011fil, ayn\u0131 zamanda kullan\u0131m kolayl\u0131\u011f\u0131n\u0131 da beraberinde getirir.<br data-start=\"1548\" data-end=\"1551\" \/>Baza i\u00e7i depolama, \u00f6zellikle k\u00fc\u00e7\u00fck alanlarda hayat kurtar\u0131r. Yast\u0131klar, battaniyeler, mevsimlik e\u015fyalar\u2026 Hepsi d\u00fczenli bi\u00e7imde saklanabilir.<\/p>\n<p data-start=\"1693\" data-end=\"1790\">Ba\u015fl\u0131k ise odan\u0131n karakterini belirler. Deri, kuma\u015f, kadife ya da keten\u2026 Stil senin, se\u00e7im senin.<\/p>\n<h3 data-start=\"1797\" data-end=\"1841\">\u00c7ift Ki\u015filik Yatak: Uyum, Alan ve Konfor<\/h3>\n<p data-start=\"1843\" data-end=\"1981\">\u00c7ift ki\u015filik bir yatakta, her iki bireyin de kendine ait bir konfor alan\u0131 olmal\u0131. Bu y\u00fczden \u00f6l\u00e7\u00fc, yap\u0131 ve destek sistemleri \u00e7ok \u00f6nemlidir.<\/p>\n<ul data-start=\"1983\" data-end=\"2125\">\n<li data-start=\"1983\" data-end=\"2014\">\n<p data-start=\"1985\" data-end=\"2014\">Minimum 160&#215;200 cm geni\u015flik<\/p>\n<\/li>\n<li data-start=\"2015\" data-end=\"2051\">\n<p data-start=\"2017\" data-end=\"2051\">\u00c7ift katmanl\u0131 destek teknolojisi<\/p>\n<\/li>\n<li data-start=\"2052\" data-end=\"2094\">\n<p data-start=\"2054\" data-end=\"2094\">Hareket izolasyonu ile kesintisiz uyku<\/p>\n<\/li>\n<li data-start=\"2095\" data-end=\"2125\">\n<p data-start=\"2097\" data-end=\"2125\">V\u00fccuda \u00f6zel ergonomik yap\u0131<\/p>\n<\/li>\n<\/ul>\n<p data-start=\"2127\" data-end=\"2190\">Uykuda bile birbirinize sayg\u0131 duyabilece\u011finiz bir alan yarat\u0131n.<\/p>","protected":false},"excerpt":{"rendered":"<p>Hayat h\u0131zla ak\u0131yor. Ko\u015fturmalar, sorumluluklar, i\u015fler, toplant\u0131lar, stres\u2026 Peki kendinize ait bir nefes alma alan\u0131n\u0131z var m\u0131?Asl\u0131nda var. Her g\u00fcn<\/p>","protected":false},"author":1,"featured_media":9789,"comment_status":"closed","ping_status":"closed","sticky":false,"template":"","format":"standard","meta":{"footnotes":""},"categories":[369],"tags":[],"class_list":["post-10985","post","type-post","status-publish","format-standard","has-post-thumbnail","hentry","category-blog"],"yoast_head":"<!-- This site is optimized with the Yoast SEO plugin v27.4 - https:\/\/yoast.com\/product\/yoast-seo-wordpress\/ -->\n<title>G\u00fcn\u00fcn Yorgunlu\u011funu Att\u0131\u011f\u0131n\u0131z Yer: Yatak Odan\u0131z Her \u015eeydir - Pierre Cardin Yatak<\/title>\n<meta name=\"robots\" content=\"index, follow, max-snippet:-1, max-image-preview:large, max-video-preview:-1\" \/>\n<link rel=\"canonical\" href=\"https:\/\/pierrecardinyatak.com.tr\/fr\/gunun-yorgunlugunu-attiginiz-yer-yatak-odaniz-her-seydir\/\" \/>\n<meta property=\"og:locale\" content=\"fr_FR\" \/>\n<meta property=\"og:type\" content=\"article\" \/>\n<meta property=\"og:title\" content=\"G\u00fcn\u00fcn Yorgunlu\u011funu Att\u0131\u011f\u0131n\u0131z Yer: Yatak Odan\u0131z Her \u015eeydir - Pierre Cardin Yatak\" \/>\n<meta property=\"og:description\" content=\"Hayat h\u0131zla ak\u0131yor. Ko\u015fturmalar, sorumluluklar, i\u015fler, toplant\u0131lar, stres\u2026 Peki kendinize ait bir nefes alma alan\u0131n\u0131z var m\u0131?Asl\u0131nda var. Her g\u00fcn\" \/>\n<meta property=\"og:url\" content=\"https:\/\/pierrecardinyatak.com.tr\/fr\/gunun-yorgunlugunu-attiginiz-yer-yatak-odaniz-her-seydir\/\" \/>\n<meta property=\"og:site_name\" content=\"Pierre Cardin Yatak\" \/>\n<meta property=\"article:publisher\" content=\"https:\/\/www.facebook.com\/pierrecardinyatak\" \/>\n<meta property=\"article:published_time\" content=\"2025-06-17T06:43:57+00:00\" \/>\n<meta property=\"article:modified_time\" content=\"2025-06-17T08:09:18+00:00\" \/>\n<meta property=\"og:image\" content=\"https:\/\/pierrecardinyatak.com.tr\/wp-content\/uploads\/2025\/05\/urun-lorganica2.jpg\" \/>\n\t<meta property=\"og:image:width\" content=\"1893\" \/>\n\t<meta property=\"og:image:height\" content=\"1065\" \/>\n\t<meta property=\"og:image:type\" content=\"image\/jpeg\" \/>\n<meta name=\"author\" content=\"admin\" \/>\n<meta name=\"twitter:card\" content=\"summary_large_image\" \/>\n<meta name=\"twitter:creator\" content=\"@pcardinbedding\" \/>\n<meta name=\"twitter:site\" content=\"@pcardinbedding\" \/>\n<meta name=\"twitter:label1\" content=\"\u00c9crit par\" \/>\n\t<meta name=\"twitter:data1\" content=\"admin\" \/>\n\t<meta name=\"twitter:label2\" content=\"Dur\u00e9e de lecture estim\u00e9e\" \/>\n\t<meta name=\"twitter:data2\" content=\"2 minutes\" \/>\n<script type=\"application\/ld+json\" class=\"yoast-schema-graph\">{\"@context\":\"https:\\\/\\\/schema.org\",\"@graph\":[{\"@type\":\"Article\",\"@id\":\"https:\\\/\\\/pierrecardinyatak.com.tr\\\/gunun-yorgunlugunu-attiginiz-yer-yatak-odaniz-her-seydir\\\/#article\",\"isPartOf\":{\"@id\":\"https:\\\/\\\/pierrecardinyatak.com.tr\\\/gunun-yorgunlugunu-attiginiz-yer-yatak-odaniz-her-seydir\\\/\"},\"author\":{\"name\":\"admin\",\"@id\":\"https:\\\/\\\/pierrecardinyatak.com.tr\\\/#\\\/schema\\\/person\\\/1c182155c79ef557a479bd374b58f902\"},\"headline\":\"G\u00fcn\u00fcn Yorgunlu\u011funu Att\u0131\u011f\u0131n\u0131z Yer: Yatak Odan\u0131z Her \u015eeydir\",\"datePublished\":\"2025-06-17T06:43:57+00:00\",\"dateModified\":\"2025-06-17T08:09:18+00:00\",\"mainEntityOfPage\":{\"@id\":\"https:\\\/\\\/pierrecardinyatak.com.tr\\\/gunun-yorgunlugunu-attiginiz-yer-yatak-odaniz-her-seydir\\\/\"},\"wordCount\":358,\"image\":{\"@id\":\"https:\\\/\\\/pierrecardinyatak.com.tr\\\/gunun-yorgunlugunu-attiginiz-yer-yatak-odaniz-her-seydir\\\/#primaryimage\"},\"thumbnailUrl\":\"https:\\\/\\\/pierrecardinyatak.com.tr\\\/wp-content\\\/uploads\\\/2025\\\/05\\\/urun-lorganica2.jpg\",\"articleSection\":[\"Blog\"],\"inLanguage\":\"fr-FR\"},{\"@type\":\"WebPage\",\"@id\":\"https:\\\/\\\/pierrecardinyatak.com.tr\\\/gunun-yorgunlugunu-attiginiz-yer-yatak-odaniz-her-seydir\\\/\",\"url\":\"https:\\\/\\\/pierrecardinyatak.com.tr\\\/gunun-yorgunlugunu-attiginiz-yer-yatak-odaniz-her-seydir\\\/\",\"name\":\"G\u00fcn\u00fcn Yorgunlu\u011funu Att\u0131\u011f\u0131n\u0131z Yer: Yatak Odan\u0131z Her \u015eeydir - Pierre Cardin Yatak\",\"isPartOf\":{\"@id\":\"https:\\\/\\\/pierrecardinyatak.com.tr\\\/#website\"},\"primaryImageOfPage\":{\"@id\":\"https:\\\/\\\/pierrecardinyatak.com.tr\\\/gunun-yorgunlugunu-attiginiz-yer-yatak-odaniz-her-seydir\\\/#primaryimage\"},\"image\":{\"@id\":\"https:\\\/\\\/pierrecardinyatak.com.tr\\\/gunun-yorgunlugunu-attiginiz-yer-yatak-odaniz-her-seydir\\\/#primaryimage\"},\"thumbnailUrl\":\"https:\\\/\\\/pierrecardinyatak.com.tr\\\/wp-content\\\/uploads\\\/2025\\\/05\\\/urun-lorganica2.jpg\",\"datePublished\":\"2025-06-17T06:43:57+00:00\",\"dateModified\":\"2025-06-17T08:09:18+00:00\",\"author\":{\"@id\":\"https:\\\/\\\/pierrecardinyatak.com.tr\\\/#\\\/schema\\\/person\\\/1c182155c79ef557a479bd374b58f902\"},\"breadcrumb\":{\"@id\":\"https:\\\/\\\/pierrecardinyatak.com.tr\\\/gunun-yorgunlugunu-attiginiz-yer-yatak-odaniz-her-seydir\\\/#breadcrumb\"},\"inLanguage\":\"fr-FR\",\"potentialAction\":[{\"@type\":\"ReadAction\",\"target\":[\"https:\\\/\\\/pierrecardinyatak.com.tr\\\/gunun-yorgunlugunu-attiginiz-yer-yatak-odaniz-her-seydir\\\/\"]}]},{\"@type\":\"ImageObject\",\"inLanguage\":\"fr-FR\",\"@id\":\"https:\\\/\\\/pierrecardinyatak.com.tr\\\/gunun-yorgunlugunu-attiginiz-yer-yatak-odaniz-her-seydir\\\/#primaryimage\",\"url\":\"https:\\\/\\\/pierrecardinyatak.com.tr\\\/wp-content\\\/uploads\\\/2025\\\/05\\\/urun-lorganica2.jpg\",\"contentUrl\":\"https:\\\/\\\/pierrecardinyatak.com.tr\\\/wp-content\\\/uploads\\\/2025\\\/05\\\/urun-lorganica2.jpg\",\"width\":1893,\"height\":1065},{\"@type\":\"BreadcrumbList\",\"@id\":\"https:\\\/\\\/pierrecardinyatak.com.tr\\\/gunun-yorgunlugunu-attiginiz-yer-yatak-odaniz-her-seydir\\\/#breadcrumb\",\"itemListElement\":[{\"@type\":\"ListItem\",\"position\":1,\"name\":\"Anasayfa\",\"item\":\"https:\\\/\\\/pierrecardinyatak.com.tr\\\/\"},{\"@type\":\"ListItem\",\"position\":2,\"name\":\"G\u00fcn\u00fcn Yorgunlu\u011funu Att\u0131\u011f\u0131n\u0131z Yer: Yatak Odan\u0131z Her \u015eeydir\"}]},{\"@type\":\"WebSite\",\"@id\":\"https:\\\/\\\/pierrecardinyatak.com.tr\\\/#website\",\"url\":\"https:\\\/\\\/pierrecardinyatak.com.tr\\\/\",\"name\":\"Pierre Cardin Yatak\",\"description\":\"-\",\"potentialAction\":[{\"@type\":\"SearchAction\",\"target\":{\"@type\":\"EntryPoint\",\"urlTemplate\":\"https:\\\/\\\/pierrecardinyatak.com.tr\\\/?s={search_term_string}\"},\"query-input\":{\"@type\":\"PropertyValueSpecification\",\"valueRequired\":true,\"valueName\":\"search_term_string\"}}],\"inLanguage\":\"fr-FR\"},{\"@type\":\"Person\",\"@id\":\"https:\\\/\\\/pierrecardinyatak.com.tr\\\/#\\\/schema\\\/person\\\/1c182155c79ef557a479bd374b58f902\",\"name\":\"admin\",\"image\":{\"@type\":\"ImageObject\",\"inLanguage\":\"fr-FR\",\"@id\":\"https:\\\/\\\/secure.gravatar.com\\\/avatar\\\/3a0c75d6a4a7b2213bf32cead72e590c8f6aa56e5c7c70ea801e74aa7a9372bc?s=96&d=mm&r=g\",\"url\":\"https:\\\/\\\/secure.gravatar.com\\\/avatar\\\/3a0c75d6a4a7b2213bf32cead72e590c8f6aa56e5c7c70ea801e74aa7a9372bc?s=96&d=mm&r=g\",\"contentUrl\":\"https:\\\/\\\/secure.gravatar.com\\\/avatar\\\/3a0c75d6a4a7b2213bf32cead72e590c8f6aa56e5c7c70ea801e74aa7a9372bc?s=96&d=mm&r=g\",\"caption\":\"admin\"},\"sameAs\":[\"https:\\\/\\\/pierrecardinbedding.com.tr\"],\"url\":\"https:\\\/\\\/pierrecardinyatak.com.tr\\\/fr\\\/author\\\/admin\\\/\"}]}<\/script>\n<!-- \/ Yoast SEO plugin. -->","yoast_head_json":{"title":"G\u00fcn\u00fcn Yorgunlu\u011funu Att\u0131\u011f\u0131n\u0131z Yer: Yatak Odan\u0131z Her \u015eeydir - Pierre Cardin Yatak","robots":{"index":"index","follow":"follow","max-snippet":"max-snippet:-1","max-image-preview":"max-image-preview:large","max-video-preview":"max-video-preview:-1"},"canonical":"https:\/\/pierrecardinyatak.com.tr\/fr\/gunun-yorgunlugunu-attiginiz-yer-yatak-odaniz-her-seydir\/","og_locale":"fr_FR","og_type":"article","og_title":"G\u00fcn\u00fcn Yorgunlu\u011funu Att\u0131\u011f\u0131n\u0131z Yer: Yatak Odan\u0131z Her \u015eeydir - Pierre Cardin Yatak","og_description":"Hayat h\u0131zla ak\u0131yor. Ko\u015fturmalar, sorumluluklar, i\u015fler, toplant\u0131lar, stres\u2026 Peki kendinize ait bir nefes alma alan\u0131n\u0131z var m\u0131?Asl\u0131nda var. Her g\u00fcn","og_url":"https:\/\/pierrecardinyatak.com.tr\/fr\/gunun-yorgunlugunu-attiginiz-yer-yatak-odaniz-her-seydir\/","og_site_name":"Pierre Cardin Yatak","article_publisher":"https:\/\/www.facebook.com\/pierrecardinyatak","article_published_time":"2025-06-17T06:43:57+00:00","article_modified_time":"2025-06-17T08:09:18+00:00","og_image":[{"width":1893,"height":1065,"url":"https:\/\/pierrecardinyatak.com.tr\/wp-content\/uploads\/2025\/05\/urun-lorganica2.jpg","type":"image\/jpeg"}],"author":"admin","twitter_card":"summary_large_image","twitter_creator":"@pcardinbedding","twitter_site":"@pcardinbedding","twitter_misc":{"\u00c9crit par":"admin","Dur\u00e9e de lecture estim\u00e9e":"2 minutes"},"schema":{"@context":"https:\/\/schema.org","@graph":[{"@type":"Article","@id":"https:\/\/pierrecardinyatak.com.tr\/gunun-yorgunlugunu-attiginiz-yer-yatak-odaniz-her-seydir\/#article","isPartOf":{"@id":"https:\/\/pierrecardinyatak.com.tr\/gunun-yorgunlugunu-attiginiz-yer-yatak-odaniz-her-seydir\/"},"author":{"name":"admin","@id":"https:\/\/pierrecardinyatak.com.tr\/#\/schema\/person\/1c182155c79ef557a479bd374b58f902"},"headline":"G\u00fcn\u00fcn Yorgunlu\u011funu Att\u0131\u011f\u0131n\u0131z Yer: Yatak Odan\u0131z Her \u015eeydir","datePublished":"2025-06-17T06:43:57+00:00","dateModified":"2025-06-17T08:09:18+00:00","mainEntityOfPage":{"@id":"https:\/\/pierrecardinyatak.com.tr\/gunun-yorgunlugunu-attiginiz-yer-yatak-odaniz-her-seydir\/"},"wordCount":358,"image":{"@id":"https:\/\/pierrecardinyatak.com.tr\/gunun-yorgunlugunu-attiginiz-yer-yatak-odaniz-her-seydir\/#primaryimage"},"thumbnailUrl":"https:\/\/pierrecardinyatak.com.tr\/wp-content\/uploads\/2025\/05\/urun-lorganica2.jpg","articleSection":["Blog"],"inLanguage":"fr-FR"},{"@type":"WebPage","@id":"https:\/\/pierrecardinyatak.com.tr\/gunun-yorgunlugunu-attiginiz-yer-yatak-odaniz-her-seydir\/","url":"https:\/\/pierrecardinyatak.com.tr\/gunun-yorgunlugunu-attiginiz-yer-yatak-odaniz-her-seydir\/","name":"G\u00fcn\u00fcn Yorgunlu\u011funu Att\u0131\u011f\u0131n\u0131z Yer: Yatak Odan\u0131z Her \u015eeydir - Pierre Cardin Yatak","isPartOf":{"@id":"https:\/\/pierrecardinyatak.com.tr\/#website"},"primaryImageOfPage":{"@id":"https:\/\/pierrecardinyatak.com.tr\/gunun-yorgunlugunu-attiginiz-yer-yatak-odaniz-her-seydir\/#primaryimage"},"image":{"@id":"https:\/\/pierrecardinyatak.com.tr\/gunun-yorgunlugunu-attiginiz-yer-yatak-odaniz-her-seydir\/#primaryimage"},"thumbnailUrl":"https:\/\/pierrecardinyatak.com.tr\/wp-content\/uploads\/2025\/05\/urun-lorganica2.jpg","datePublished":"2025-06-17T06:43:57+00:00","dateModified":"2025-06-17T08:09:18+00:00","author":{"@id":"https:\/\/pierrecardinyatak.com.tr\/#\/schema\/person\/1c182155c79ef557a479bd374b58f902"},"breadcrumb":{"@id":"https:\/\/pierrecardinyatak.com.tr\/gunun-yorgunlugunu-attiginiz-yer-yatak-odaniz-her-seydir\/#breadcrumb"},"inLanguage":"fr-FR","potentialAction":[{"@type":"ReadAction","target":["https:\/\/pierrecardinyatak.com.tr\/gunun-yorgunlugunu-attiginiz-yer-yatak-odaniz-her-seydir\/"]}]},{"@type":"ImageObject","inLanguage":"fr-FR","@id":"https:\/\/pierrecardinyatak.com.tr\/gunun-yorgunlugunu-attiginiz-yer-yatak-odaniz-her-seydir\/#primaryimage","url":"https:\/\/pierrecardinyatak.com.tr\/wp-content\/uploads\/2025\/05\/urun-lorganica2.jpg","contentUrl":"https:\/\/pierrecardinyatak.com.tr\/wp-content\/uploads\/2025\/05\/urun-lorganica2.jpg","width":1893,"height":1065},{"@type":"BreadcrumbList","@id":"https:\/\/pierrecardinyatak.com.tr\/gunun-yorgunlugunu-attiginiz-yer-yatak-odaniz-her-seydir\/#breadcrumb","itemListElement":[{"@type":"ListItem","position":1,"name":"Anasayfa","item":"https:\/\/pierrecardinyatak.com.tr\/"},{"@type":"ListItem","position":2,"name":"G\u00fcn\u00fcn Yorgunlu\u011funu Att\u0131\u011f\u0131n\u0131z Yer: Yatak Odan\u0131z Her \u015eeydir"}]},{"@type":"WebSite","@id":"https:\/\/pierrecardinyatak.com.tr\/#website","url":"https:\/\/pierrecardinyatak.com.tr\/","name":"Lit Pierre Cardin","description":"-","potentialAction":[{"@type":"SearchAction","target":{"@type":"EntryPoint","urlTemplate":"https:\/\/pierrecardinyatak.com.tr\/?s={search_term_string}"},"query-input":{"@type":"PropertyValueSpecification","valueRequired":true,"valueName":"search_term_string"}}],"inLanguage":"fr-FR"},{"@type":"Person","@id":"https:\/\/pierrecardinyatak.com.tr\/#\/schema\/person\/1c182155c79ef557a479bd374b58f902","name":"l'administration","image":{"@type":"ImageObject","inLanguage":"fr-FR","@id":"https:\/\/secure.gravatar.com\/avatar\/3a0c75d6a4a7b2213bf32cead72e590c8f6aa56e5c7c70ea801e74aa7a9372bc?s=96&d=mm&r=g","url":"https:\/\/secure.gravatar.com\/avatar\/3a0c75d6a4a7b2213bf32cead72e590c8f6aa56e5c7c70ea801e74aa7a9372bc?s=96&d=mm&r=g","contentUrl":"https:\/\/secure.gravatar.com\/avatar\/3a0c75d6a4a7b2213bf32cead72e590c8f6aa56e5c7c70ea801e74aa7a9372bc?s=96&d=mm&r=g","caption":"admin"},"sameAs":["https:\/\/pierrecardinbedding.com.tr"],"url":"https:\/\/pierrecardinyatak.com.tr\/fr\/author\/admin\/"}]}},"_links":{"self":[{"href":"https:\/\/pierrecardinyatak.com.tr\/fr\/wp-json\/wp\/v2\/posts\/10985","targetHints":{"allow":["GET"]}}],"collection":[{"href":"https:\/\/pierrecardinyatak.com.tr\/fr\/wp-json\/wp\/v2\/posts"}],"about":[{"href":"https:\/\/pierrecardinyatak.com.tr\/fr\/wp-json\/wp\/v2\/types\/post"}],"author":[{"embeddable":true,"href":"https:\/\/pierrecardinyatak.com.tr\/fr\/wp-json\/wp\/v2\/users\/1"}],"replies":[{"embeddable":true,"href":"https:\/\/pierrecardinyatak.com.tr\/fr\/wp-json\/wp\/v2\/comments?post=10985"}],"version-history":[{"count":0,"href":"https:\/\/pierrecardinyatak.com.tr\/fr\/wp-json\/wp\/v2\/posts\/10985\/revisions"}],"wp:featuredmedia":[{"embeddable":true,"href":"https:\/\/pierrecardinyatak.com.tr\/fr\/wp-json\/wp\/v2\/media\/9789"}],"wp:attachment":[{"href":"https:\/\/pierrecardinyatak.com.tr\/fr\/wp-json\/wp\/v2\/media?parent=10985"}],"wp:term":[{"taxonomy":"category","embeddable":true,"href":"https:\/\/pierrecardinyatak.com.tr\/fr\/wp-json\/wp\/v2\/categories?post=10985"},{"taxonomy":"post_tag","embeddable":true,"href":"https:\/\/pierrecardinyatak.com.tr\/fr\/wp-json\/wp\/v2\/tags?post=10985"}],"curies":[{"name":"wp","href":"https:\/\/api.w.org\/{rel}","templated":true}]}}