{"id":11405,"date":"2025-07-21T16:48:14","date_gmt":"2025-07-21T13:48:14","guid":{"rendered":"https:\/\/pierrecardinyatak.com.tr\/?p=11405"},"modified":"2025-08-23T21:06:18","modified_gmt":"2025-08-23T18:06:18","slug":"konfor-saglik-ve-teknoloji-dogru-yatak-secimi-icin-ihtiyaciniz-olan-her-sey","status":"publish","type":"post","link":"https:\/\/pierrecardinyatak.com.tr\/en\/konfor-saglik-ve-teknoloji-dogru-yatak-secimi-icin-ihtiyaciniz-olan-her-sey\/","title":{"rendered":"Konfor, Sa\u011fl\u0131k ve Teknoloji: Do\u011fru Yatak Se\u00e7imi \u0130\u00e7in \u0130htiyac\u0131n\u0131z Olan Her \u015eey"},"content":{"rendered":"<p>Do\u011fru bir yatak, sadece uyku konforu sa\u011flamakla kalmaz; ayn\u0131 zamanda sa\u011fl\u0131\u011f\u0131n\u0131z, enerjiniz ve g\u00fcnl\u00fck performans\u0131n\u0131z i\u00e7in de b\u00fcy\u00fck \u00f6nem ta\u015f\u0131r. Son teknolojiyle \u00fcretilen yatak modelleri aras\u0131nda, \u00f6zellikle ortopedik visco yataklar, omurga hizas\u0131n\u0131 koruyarak bel ve s\u0131rt a\u011fr\u0131lar\u0131n\u0131 en aza indirir. Haf\u0131za k\u00f6p\u00fc\u011f\u00fc yataklar ise v\u00fccudu tan\u0131yan yap\u0131s\u0131yla ki\u015fiye \u00f6zel destek sunar ve gece boyunca sabit bir duru\u015f sa\u011flar.<\/p>\n<p>Uyku konforunu art\u0131rman\u0131n yollar\u0131ndan biri de, uyku konfor art\u0131r\u0131c\u0131 yatak katmanlar\u0131d\u0131r. Bu katmanlar, sertlik ve yumu\u015fakl\u0131k dengesini korurken v\u00fccudu saran ideal bir y\u00fczey sunar. Y\u00fcksek destekli yatak \u00e7e\u015fitleri de bel ve kal\u00e7a b\u00f6lgelerine yo\u011fun destek vererek uzun s\u00fcreli yat\u0131\u015flarda bas\u0131n\u00e7 hissini azalt\u0131r.<\/p>\n<p>Farkl\u0131 mevsimlerde ayn\u0131 konforu sa\u011flamak i\u00e7in mevsimlik yatak kuma\u015flar\u0131 tercih edilmelidir. Bu kuma\u015f yap\u0131s\u0131, yaz aylar\u0131nda ferah, k\u0131\u015f\u0131n ise s\u0131cak tutar. Alerjilere kar\u015f\u0131 \u00f6zel olarak geli\u015ftirilmi\u015f hypoallergenic yataklar, toz akarlar\u0131 ve mikroorganizmalara kar\u015f\u0131 do\u011fal bir koruma sa\u011flar. Daha hijyenik \u00e7\u00f6z\u00fcmler arayanlar i\u00e7in nano teknoloji yatak y\u00fczeyleri m\u00fckemmel bir se\u00e7imdir; bakteri olu\u015fumunu engeller ve y\u00fczeyi uzun s\u00fcre temiz tutar.<\/p>\n<p>Ak\u0131ll\u0131 \u0131s\u0131 kontrol\u00fc olan yataklar, gece boyunca v\u00fccut \u0131s\u0131n\u0131z\u0131 dengede tutarak terleme ve \u00fc\u015f\u00fcme sorunlar\u0131n\u0131 ortadan kald\u0131r\u0131r. Antibakteriyel y\u00fczeyli yataklar ise \u00f6zellikle \u00e7ocuk odalar\u0131 ve alerjik bireyler i\u00e7in koruyucu bir uyku ortam\u0131 sunar. Uyku s\u0131ras\u0131nda rahats\u0131zl\u0131klar\u0131 \u00f6nlemek i\u00e7in tasarlanan bas\u0131n\u00e7 noktas\u0131 azalt\u0131c\u0131 yatak se\u00e7enekleri, kan dola\u015f\u0131m\u0131n\u0131 d\u00fczenler ve kaslar\u0131 gev\u015fetir.<\/p>\n<p>Uykuya daha \u00e7ok \u00f6nem verenler i\u00e7in hava kanall\u0131 yatak yap\u0131s\u0131 ger\u00e7ekten dikkat \u00e7ekici. Bu sistem, yatak i\u00e7inde s\u00fcrekli bir hava ak\u0131\u015f\u0131 sa\u011fl\u0131yor, b\u00f6ylece daha ferah bir uyku deneyimi sunuyor. Ayr\u0131ca, \u00e7ift y\u00fczeyli kullan\u0131labilir yataklar, yaz ve k\u0131\u015f mevsimlerinde ge\u00e7i\u015f yaparken b\u00fcy\u00fck bir avantaj sa\u011fl\u0131yor. \u00c7ocuk geli\u015fim yataklar\u0131 ise, b\u00fcy\u00fcme \u00e7a\u011f\u0131ndaki \u00e7ocuklar\u0131n v\u00fccut sa\u011fl\u0131\u011f\u0131na \u00f6zel olarak tasarlanm\u0131\u015f. Ergonomik tasar\u0131ml\u0131 yataklar ise her ya\u015f grubuna hitap ediyor ve v\u00fccut b\u00f6lgelerine g\u00f6re farkl\u0131 destek sunarak fark yarat\u0131yor.<\/p>\n<p>E\u011fer misafirleriniz i\u00e7in pratik bir \u00e7\u00f6z\u00fcm ar\u0131yorsan\u0131z, kompakt misafir yataklar\u0131 harika bir tercih olabilir. Ekstra konfor arayanlar i\u00e7inse, konfor katman\u0131 daha fazla olan yataklar, klasik modellere g\u00f6re daha kal\u0131n, yumu\u015fak ve destekleyici bir yap\u0131ya sahip. Do\u011fal malzemeleri tercih edenler i\u00e7inse, pamuk ve bambu gibi sa\u011fl\u0131kl\u0131 bile\u015fenlerle \u00fcretilen do\u011fal lifli yataklar, hem cildinize hem de do\u011faya dost bir se\u00e7enek sunuyor.<\/p>\n<p>Sessiz bir uyku ar\u0131yorsan\u0131z, sessiz yay sistemine sahip yataklar \u00f6ne \u00e7\u0131k\u0131yor. Bu yay yap\u0131s\u0131, hareket ederken ses \u00e7\u0131karm\u0131yor ve partnerinizin uykusunu b\u00f6lm\u00fcyor. Y\u00fcksek yo\u011funluklu s\u00fcnger yataklar ise hem dayan\u0131kl\u0131 hem de uzun s\u00fcreli kullan\u0131mlarda bile formunu koruyor. T\u00fcm bu \u00f6zellikler bir araya geldi\u011finde, uzun \u00f6m\u00fcrl\u00fc bir yatak \u00e7\u00f6z\u00fcm\u00fc arayanlar i\u00e7in do\u011fru modelin ne kadar \u00f6nemli oldu\u011fu net bir \u015fekilde ortaya \u00e7\u0131k\u0131yor.<\/p>","protected":false},"excerpt":{"rendered":"<p>Do\u011fru bir yatak, sadece uyku konforu sa\u011flamakla kalmaz; ayn\u0131 zamanda sa\u011fl\u0131\u011f\u0131n\u0131z, enerjiniz ve g\u00fcnl\u00fck performans\u0131n\u0131z i\u00e7in de b\u00fcy\u00fck \u00f6nem ta\u015f\u0131r.<\/p>","protected":false},"author":1,"featured_media":8343,"comment_status":"closed","ping_status":"closed","sticky":false,"template":"","format":"standard","meta":{"footnotes":""},"categories":[369],"tags":[],"class_list":["post-11405","post","type-post","status-publish","format-standard","has-post-thumbnail","hentry","category-blog"],"yoast_head":"<!-- This site is optimized with the Yoast SEO plugin v27.4 - https:\/\/yoast.com\/product\/yoast-seo-wordpress\/ -->\n<title>Konfor, Sa\u011fl\u0131k ve Teknoloji: Do\u011fru Yatak Se\u00e7imi \u0130\u00e7in \u0130htiyac\u0131n\u0131z Olan Her \u015eey - Pierre Cardin Yatak<\/title>\n<meta name=\"robots\" content=\"index, follow, max-snippet:-1, max-image-preview:large, max-video-preview:-1\" \/>\n<link rel=\"canonical\" href=\"https:\/\/pierrecardinyatak.com.tr\/en\/konfor-saglik-ve-teknoloji-dogru-yatak-secimi-icin-ihtiyaciniz-olan-her-sey\/\" \/>\n<meta property=\"og:locale\" content=\"en_GB\" \/>\n<meta property=\"og:type\" content=\"article\" \/>\n<meta property=\"og:title\" content=\"Konfor, Sa\u011fl\u0131k ve Teknoloji: Do\u011fru Yatak Se\u00e7imi \u0130\u00e7in \u0130htiyac\u0131n\u0131z Olan Her \u015eey - Pierre Cardin Yatak\" \/>\n<meta property=\"og:description\" content=\"Do\u011fru bir yatak, sadece uyku konforu sa\u011flamakla kalmaz; ayn\u0131 zamanda sa\u011fl\u0131\u011f\u0131n\u0131z, enerjiniz ve g\u00fcnl\u00fck performans\u0131n\u0131z i\u00e7in de b\u00fcy\u00fck \u00f6nem ta\u015f\u0131r.\" \/>\n<meta property=\"og:url\" content=\"https:\/\/pierrecardinyatak.com.tr\/en\/konfor-saglik-ve-teknoloji-dogru-yatak-secimi-icin-ihtiyaciniz-olan-her-sey\/\" \/>\n<meta property=\"og:site_name\" content=\"Pierre Cardin Yatak\" \/>\n<meta property=\"article:publisher\" content=\"https:\/\/www.facebook.com\/pierrecardinyatak\" \/>\n<meta property=\"article:published_time\" content=\"2025-07-21T13:48:14+00:00\" \/>\n<meta property=\"article:modified_time\" content=\"2025-08-23T18:06:18+00:00\" \/>\n<meta property=\"og:image\" content=\"https:\/\/pierrecardinyatak.com.tr\/wp-content\/uploads\/2024\/01\/pierre-cardin-yatak-bleumarine-baza-11.jpg\" \/>\n\t<meta property=\"og:image:width\" content=\"1455\" \/>\n\t<meta property=\"og:image:height\" content=\"1090\" \/>\n\t<meta property=\"og:image:type\" content=\"image\/jpeg\" \/>\n<meta name=\"author\" content=\"admin\" \/>\n<meta name=\"twitter:card\" content=\"summary_large_image\" \/>\n<meta name=\"twitter:creator\" content=\"@pcardinbedding\" \/>\n<meta name=\"twitter:site\" content=\"@pcardinbedding\" \/>\n<meta name=\"twitter:label1\" content=\"Written by\" \/>\n\t<meta name=\"twitter:data1\" content=\"admin\" \/>\n\t<meta name=\"twitter:label2\" content=\"Estimated reading time\" \/>\n\t<meta name=\"twitter:data2\" content=\"3 minutes\" \/>\n<script type=\"application\/ld+json\" class=\"yoast-schema-graph\">{\"@context\":\"https:\\\/\\\/schema.org\",\"@graph\":[{\"@type\":\"Article\",\"@id\":\"https:\\\/\\\/pierrecardinyatak.com.tr\\\/konfor-saglik-ve-teknoloji-dogru-yatak-secimi-icin-ihtiyaciniz-olan-her-sey\\\/#article\",\"isPartOf\":{\"@id\":\"https:\\\/\\\/pierrecardinyatak.com.tr\\\/konfor-saglik-ve-teknoloji-dogru-yatak-secimi-icin-ihtiyaciniz-olan-her-sey\\\/\"},\"author\":{\"name\":\"admin\",\"@id\":\"https:\\\/\\\/pierrecardinyatak.com.tr\\\/#\\\/schema\\\/person\\\/1c182155c79ef557a479bd374b58f902\"},\"headline\":\"Konfor, Sa\u011fl\u0131k ve Teknoloji: Do\u011fru Yatak Se\u00e7imi \u0130\u00e7in \u0130htiyac\u0131n\u0131z Olan Her \u015eey\",\"datePublished\":\"2025-07-21T13:48:14+00:00\",\"dateModified\":\"2025-08-23T18:06:18+00:00\",\"mainEntityOfPage\":{\"@id\":\"https:\\\/\\\/pierrecardinyatak.com.tr\\\/konfor-saglik-ve-teknoloji-dogru-yatak-secimi-icin-ihtiyaciniz-olan-her-sey\\\/\"},\"wordCount\":574,\"image\":{\"@id\":\"https:\\\/\\\/pierrecardinyatak.com.tr\\\/konfor-saglik-ve-teknoloji-dogru-yatak-secimi-icin-ihtiyaciniz-olan-her-sey\\\/#primaryimage\"},\"thumbnailUrl\":\"https:\\\/\\\/pierrecardinyatak.com.tr\\\/wp-content\\\/uploads\\\/2024\\\/01\\\/pierre-cardin-yatak-bleumarine-baza-11.jpg\",\"articleSection\":[\"Blog\"],\"inLanguage\":\"en-GB\"},{\"@type\":\"WebPage\",\"@id\":\"https:\\\/\\\/pierrecardinyatak.com.tr\\\/konfor-saglik-ve-teknoloji-dogru-yatak-secimi-icin-ihtiyaciniz-olan-her-sey\\\/\",\"url\":\"https:\\\/\\\/pierrecardinyatak.com.tr\\\/konfor-saglik-ve-teknoloji-dogru-yatak-secimi-icin-ihtiyaciniz-olan-her-sey\\\/\",\"name\":\"Konfor, Sa\u011fl\u0131k ve Teknoloji: Do\u011fru Yatak Se\u00e7imi \u0130\u00e7in \u0130htiyac\u0131n\u0131z Olan Her \u015eey - Pierre Cardin Yatak\",\"isPartOf\":{\"@id\":\"https:\\\/\\\/pierrecardinyatak.com.tr\\\/#website\"},\"primaryImageOfPage\":{\"@id\":\"https:\\\/\\\/pierrecardinyatak.com.tr\\\/konfor-saglik-ve-teknoloji-dogru-yatak-secimi-icin-ihtiyaciniz-olan-her-sey\\\/#primaryimage\"},\"image\":{\"@id\":\"https:\\\/\\\/pierrecardinyatak.com.tr\\\/konfor-saglik-ve-teknoloji-dogru-yatak-secimi-icin-ihtiyaciniz-olan-her-sey\\\/#primaryimage\"},\"thumbnailUrl\":\"https:\\\/\\\/pierrecardinyatak.com.tr\\\/wp-content\\\/uploads\\\/2024\\\/01\\\/pierre-cardin-yatak-bleumarine-baza-11.jpg\",\"datePublished\":\"2025-07-21T13:48:14+00:00\",\"dateModified\":\"2025-08-23T18:06:18+00:00\",\"author\":{\"@id\":\"https:\\\/\\\/pierrecardinyatak.com.tr\\\/#\\\/schema\\\/person\\\/1c182155c79ef557a479bd374b58f902\"},\"breadcrumb\":{\"@id\":\"https:\\\/\\\/pierrecardinyatak.com.tr\\\/konfor-saglik-ve-teknoloji-dogru-yatak-secimi-icin-ihtiyaciniz-olan-her-sey\\\/#breadcrumb\"},\"inLanguage\":\"en-GB\",\"potentialAction\":[{\"@type\":\"ReadAction\",\"target\":[\"https:\\\/\\\/pierrecardinyatak.com.tr\\\/konfor-saglik-ve-teknoloji-dogru-yatak-secimi-icin-ihtiyaciniz-olan-her-sey\\\/\"]}]},{\"@type\":\"ImageObject\",\"inLanguage\":\"en-GB\",\"@id\":\"https:\\\/\\\/pierrecardinyatak.com.tr\\\/konfor-saglik-ve-teknoloji-dogru-yatak-secimi-icin-ihtiyaciniz-olan-her-sey\\\/#primaryimage\",\"url\":\"https:\\\/\\\/pierrecardinyatak.com.tr\\\/wp-content\\\/uploads\\\/2024\\\/01\\\/pierre-cardin-yatak-bleumarine-baza-11.jpg\",\"contentUrl\":\"https:\\\/\\\/pierrecardinyatak.com.tr\\\/wp-content\\\/uploads\\\/2024\\\/01\\\/pierre-cardin-yatak-bleumarine-baza-11.jpg\",\"width\":1455,\"height\":1090,\"caption\":\"\u015e\u0131k ve konforlu Bleumarine yatak, evinizde fark yarat\u0131r.\"},{\"@type\":\"BreadcrumbList\",\"@id\":\"https:\\\/\\\/pierrecardinyatak.com.tr\\\/konfor-saglik-ve-teknoloji-dogru-yatak-secimi-icin-ihtiyaciniz-olan-her-sey\\\/#breadcrumb\",\"itemListElement\":[{\"@type\":\"ListItem\",\"position\":1,\"name\":\"Anasayfa\",\"item\":\"https:\\\/\\\/pierrecardinyatak.com.tr\\\/\"},{\"@type\":\"ListItem\",\"position\":2,\"name\":\"Konfor, Sa\u011fl\u0131k ve Teknoloji: Do\u011fru Yatak Se\u00e7imi \u0130\u00e7in \u0130htiyac\u0131n\u0131z Olan Her \u015eey\"}]},{\"@type\":\"WebSite\",\"@id\":\"https:\\\/\\\/pierrecardinyatak.com.tr\\\/#website\",\"url\":\"https:\\\/\\\/pierrecardinyatak.com.tr\\\/\",\"name\":\"Pierre Cardin Yatak\",\"description\":\"-\",\"potentialAction\":[{\"@type\":\"SearchAction\",\"target\":{\"@type\":\"EntryPoint\",\"urlTemplate\":\"https:\\\/\\\/pierrecardinyatak.com.tr\\\/?s={search_term_string}\"},\"query-input\":{\"@type\":\"PropertyValueSpecification\",\"valueRequired\":true,\"valueName\":\"search_term_string\"}}],\"inLanguage\":\"en-GB\"},{\"@type\":\"Person\",\"@id\":\"https:\\\/\\\/pierrecardinyatak.com.tr\\\/#\\\/schema\\\/person\\\/1c182155c79ef557a479bd374b58f902\",\"name\":\"admin\",\"image\":{\"@type\":\"ImageObject\",\"inLanguage\":\"en-GB\",\"@id\":\"https:\\\/\\\/secure.gravatar.com\\\/avatar\\\/3a0c75d6a4a7b2213bf32cead72e590c8f6aa56e5c7c70ea801e74aa7a9372bc?s=96&d=mm&r=g\",\"url\":\"https:\\\/\\\/secure.gravatar.com\\\/avatar\\\/3a0c75d6a4a7b2213bf32cead72e590c8f6aa56e5c7c70ea801e74aa7a9372bc?s=96&d=mm&r=g\",\"contentUrl\":\"https:\\\/\\\/secure.gravatar.com\\\/avatar\\\/3a0c75d6a4a7b2213bf32cead72e590c8f6aa56e5c7c70ea801e74aa7a9372bc?s=96&d=mm&r=g\",\"caption\":\"admin\"},\"sameAs\":[\"https:\\\/\\\/pierrecardinbedding.com.tr\"],\"url\":\"https:\\\/\\\/pierrecardinyatak.com.tr\\\/en\\\/author\\\/admin\\\/\"}]}<\/script>\n<!-- \/ Yoast SEO plugin. -->","yoast_head_json":{"title":"Konfor, Sa\u011fl\u0131k ve Teknoloji: Do\u011fru Yatak Se\u00e7imi \u0130\u00e7in \u0130htiyac\u0131n\u0131z Olan Her \u015eey - Pierre Cardin Yatak","robots":{"index":"index","follow":"follow","max-snippet":"max-snippet:-1","max-image-preview":"max-image-preview:large","max-video-preview":"max-video-preview:-1"},"canonical":"https:\/\/pierrecardinyatak.com.tr\/en\/konfor-saglik-ve-teknoloji-dogru-yatak-secimi-icin-ihtiyaciniz-olan-her-sey\/","og_locale":"en_GB","og_type":"article","og_title":"Konfor, Sa\u011fl\u0131k ve Teknoloji: Do\u011fru Yatak Se\u00e7imi \u0130\u00e7in \u0130htiyac\u0131n\u0131z Olan Her \u015eey - Pierre Cardin Yatak","og_description":"Do\u011fru bir yatak, sadece uyku konforu sa\u011flamakla kalmaz; ayn\u0131 zamanda sa\u011fl\u0131\u011f\u0131n\u0131z, enerjiniz ve g\u00fcnl\u00fck performans\u0131n\u0131z i\u00e7in de b\u00fcy\u00fck \u00f6nem ta\u015f\u0131r.","og_url":"https:\/\/pierrecardinyatak.com.tr\/en\/konfor-saglik-ve-teknoloji-dogru-yatak-secimi-icin-ihtiyaciniz-olan-her-sey\/","og_site_name":"Pierre Cardin Yatak","article_publisher":"https:\/\/www.facebook.com\/pierrecardinyatak","article_published_time":"2025-07-21T13:48:14+00:00","article_modified_time":"2025-08-23T18:06:18+00:00","og_image":[{"width":1455,"height":1090,"url":"https:\/\/pierrecardinyatak.com.tr\/wp-content\/uploads\/2024\/01\/pierre-cardin-yatak-bleumarine-baza-11.jpg","type":"image\/jpeg"}],"author":"admin","twitter_card":"summary_large_image","twitter_creator":"@pcardinbedding","twitter_site":"@pcardinbedding","twitter_misc":{"Written by":"admin","Estimated reading time":"3 minutes"},"schema":{"@context":"https:\/\/schema.org","@graph":[{"@type":"Article","@id":"https:\/\/pierrecardinyatak.com.tr\/konfor-saglik-ve-teknoloji-dogru-yatak-secimi-icin-ihtiyaciniz-olan-her-sey\/#article","isPartOf":{"@id":"https:\/\/pierrecardinyatak.com.tr\/konfor-saglik-ve-teknoloji-dogru-yatak-secimi-icin-ihtiyaciniz-olan-her-sey\/"},"author":{"name":"admin","@id":"https:\/\/pierrecardinyatak.com.tr\/#\/schema\/person\/1c182155c79ef557a479bd374b58f902"},"headline":"Konfor, Sa\u011fl\u0131k ve Teknoloji: Do\u011fru Yatak Se\u00e7imi \u0130\u00e7in \u0130htiyac\u0131n\u0131z Olan Her \u015eey","datePublished":"2025-07-21T13:48:14+00:00","dateModified":"2025-08-23T18:06:18+00:00","mainEntityOfPage":{"@id":"https:\/\/pierrecardinyatak.com.tr\/konfor-saglik-ve-teknoloji-dogru-yatak-secimi-icin-ihtiyaciniz-olan-her-sey\/"},"wordCount":574,"image":{"@id":"https:\/\/pierrecardinyatak.com.tr\/konfor-saglik-ve-teknoloji-dogru-yatak-secimi-icin-ihtiyaciniz-olan-her-sey\/#primaryimage"},"thumbnailUrl":"https:\/\/pierrecardinyatak.com.tr\/wp-content\/uploads\/2024\/01\/pierre-cardin-yatak-bleumarine-baza-11.jpg","articleSection":["Blog"],"inLanguage":"en-GB"},{"@type":"WebPage","@id":"https:\/\/pierrecardinyatak.com.tr\/konfor-saglik-ve-teknoloji-dogru-yatak-secimi-icin-ihtiyaciniz-olan-her-sey\/","url":"https:\/\/pierrecardinyatak.com.tr\/konfor-saglik-ve-teknoloji-dogru-yatak-secimi-icin-ihtiyaciniz-olan-her-sey\/","name":"Konfor, Sa\u011fl\u0131k ve Teknoloji: Do\u011fru Yatak Se\u00e7imi \u0130\u00e7in \u0130htiyac\u0131n\u0131z Olan Her \u015eey - Pierre Cardin Yatak","isPartOf":{"@id":"https:\/\/pierrecardinyatak.com.tr\/#website"},"primaryImageOfPage":{"@id":"https:\/\/pierrecardinyatak.com.tr\/konfor-saglik-ve-teknoloji-dogru-yatak-secimi-icin-ihtiyaciniz-olan-her-sey\/#primaryimage"},"image":{"@id":"https:\/\/pierrecardinyatak.com.tr\/konfor-saglik-ve-teknoloji-dogru-yatak-secimi-icin-ihtiyaciniz-olan-her-sey\/#primaryimage"},"thumbnailUrl":"https:\/\/pierrecardinyatak.com.tr\/wp-content\/uploads\/2024\/01\/pierre-cardin-yatak-bleumarine-baza-11.jpg","datePublished":"2025-07-21T13:48:14+00:00","dateModified":"2025-08-23T18:06:18+00:00","author":{"@id":"https:\/\/pierrecardinyatak.com.tr\/#\/schema\/person\/1c182155c79ef557a479bd374b58f902"},"breadcrumb":{"@id":"https:\/\/pierrecardinyatak.com.tr\/konfor-saglik-ve-teknoloji-dogru-yatak-secimi-icin-ihtiyaciniz-olan-her-sey\/#breadcrumb"},"inLanguage":"en-GB","potentialAction":[{"@type":"ReadAction","target":["https:\/\/pierrecardinyatak.com.tr\/konfor-saglik-ve-teknoloji-dogru-yatak-secimi-icin-ihtiyaciniz-olan-her-sey\/"]}]},{"@type":"ImageObject","inLanguage":"en-GB","@id":"https:\/\/pierrecardinyatak.com.tr\/konfor-saglik-ve-teknoloji-dogru-yatak-secimi-icin-ihtiyaciniz-olan-her-sey\/#primaryimage","url":"https:\/\/pierrecardinyatak.com.tr\/wp-content\/uploads\/2024\/01\/pierre-cardin-yatak-bleumarine-baza-11.jpg","contentUrl":"https:\/\/pierrecardinyatak.com.tr\/wp-content\/uploads\/2024\/01\/pierre-cardin-yatak-bleumarine-baza-11.jpg","width":1455,"height":1090,"caption":"\u015e\u0131k ve konforlu Bleumarine yatak, evinizde fark yarat\u0131r."},{"@type":"BreadcrumbList","@id":"https:\/\/pierrecardinyatak.com.tr\/konfor-saglik-ve-teknoloji-dogru-yatak-secimi-icin-ihtiyaciniz-olan-her-sey\/#breadcrumb","itemListElement":[{"@type":"ListItem","position":1,"name":"Anasayfa","item":"https:\/\/pierrecardinyatak.com.tr\/"},{"@type":"ListItem","position":2,"name":"Konfor, Sa\u011fl\u0131k ve Teknoloji: Do\u011fru Yatak Se\u00e7imi \u0130\u00e7in \u0130htiyac\u0131n\u0131z Olan Her \u015eey"}]},{"@type":"WebSite","@id":"https:\/\/pierrecardinyatak.com.tr\/#website","url":"https:\/\/pierrecardinyatak.com.tr\/","name":"Pierre Cardin Bed","description":"-","potentialAction":[{"@type":"SearchAction","target":{"@type":"EntryPoint","urlTemplate":"https:\/\/pierrecardinyatak.com.tr\/?s={search_term_string}"},"query-input":{"@type":"PropertyValueSpecification","valueRequired":true,"valueName":"search_term_string"}}],"inLanguage":"en-GB"},{"@type":"Person","@id":"https:\/\/pierrecardinyatak.com.tr\/#\/schema\/person\/1c182155c79ef557a479bd374b58f902","name":"admin","image":{"@type":"ImageObject","inLanguage":"en-GB","@id":"https:\/\/secure.gravatar.com\/avatar\/3a0c75d6a4a7b2213bf32cead72e590c8f6aa56e5c7c70ea801e74aa7a9372bc?s=96&d=mm&r=g","url":"https:\/\/secure.gravatar.com\/avatar\/3a0c75d6a4a7b2213bf32cead72e590c8f6aa56e5c7c70ea801e74aa7a9372bc?s=96&d=mm&r=g","contentUrl":"https:\/\/secure.gravatar.com\/avatar\/3a0c75d6a4a7b2213bf32cead72e590c8f6aa56e5c7c70ea801e74aa7a9372bc?s=96&d=mm&r=g","caption":"admin"},"sameAs":["https:\/\/pierrecardinbedding.com.tr"],"url":"https:\/\/pierrecardinyatak.com.tr\/en\/author\/admin\/"}]}},"_links":{"self":[{"href":"https:\/\/pierrecardinyatak.com.tr\/en\/wp-json\/wp\/v2\/posts\/11405","targetHints":{"allow":["GET"]}}],"collection":[{"href":"https:\/\/pierrecardinyatak.com.tr\/en\/wp-json\/wp\/v2\/posts"}],"about":[{"href":"https:\/\/pierrecardinyatak.com.tr\/en\/wp-json\/wp\/v2\/types\/post"}],"author":[{"embeddable":true,"href":"https:\/\/pierrecardinyatak.com.tr\/en\/wp-json\/wp\/v2\/users\/1"}],"replies":[{"embeddable":true,"href":"https:\/\/pierrecardinyatak.com.tr\/en\/wp-json\/wp\/v2\/comments?post=11405"}],"version-history":[{"count":0,"href":"https:\/\/pierrecardinyatak.com.tr\/en\/wp-json\/wp\/v2\/posts\/11405\/revisions"}],"wp:featuredmedia":[{"embeddable":true,"href":"https:\/\/pierrecardinyatak.com.tr\/en\/wp-json\/wp\/v2\/media\/8343"}],"wp:attachment":[{"href":"https:\/\/pierrecardinyatak.com.tr\/en\/wp-json\/wp\/v2\/media?parent=11405"}],"wp:term":[{"taxonomy":"category","embeddable":true,"href":"https:\/\/pierrecardinyatak.com.tr\/en\/wp-json\/wp\/v2\/categories?post=11405"},{"taxonomy":"post_tag","embeddable":true,"href":"https:\/\/pierrecardinyatak.com.tr\/en\/wp-json\/wp\/v2\/tags?post=11405"}],"curies":[{"name":"wp","href":"https:\/\/api.w.org\/{rel}","templated":true}]}}