{"id":10977,"date":"2025-06-17T09:33:16","date_gmt":"2025-06-17T06:33:16","guid":{"rendered":"https:\/\/pierrecardinyatak.com.tr\/?p=10977"},"modified":"2025-06-17T11:09:37","modified_gmt":"2025-06-17T08:09:37","slug":"uykunun-gercek-anlamini-kesfedin-yatak-odasinda-konforun-yeni-tanimi","status":"publish","type":"post","link":"https:\/\/pierrecardinyatak.com.tr\/en\/uykunun-gercek-anlamini-kesfedin-yatak-odasinda-konforun-yeni-tanimi\/","title":{"rendered":"Uykunun Ger\u00e7ek Anlam\u0131n\u0131 Ke\u015ffedin: Yatak Odas\u0131nda Konforun Yeni Tan\u0131m\u0131"},"content":{"rendered":"<p data-start=\"332\" data-end=\"673\">Her g\u00fcn yeniden ba\u015flamak i\u00e7in iyi bir uykuya ihtiya\u00e7 duyuyoruz. Bu d\u00f6ng\u00fcn\u00fcn ba\u015flad\u0131\u011f\u0131 yer ise yatak odas\u0131\u2026 Ancak ger\u00e7ek anlamda dinlenmek, sadece bir odaya sahip olmakla de\u011fil, o oday\u0131 do\u011fru \u00fcr\u00fcnlerle donatmakla m\u00fcmk\u00fcn olur. \u0130\u015fte burada \u00e7ift ki\u015filik yatak, yatak baza ba\u015fl\u0131k seti, ortopedik yatak gibi se\u00e7imler kritik hale gelir.<\/p>\n<h3 data-start=\"675\" data-end=\"737\">Sabahlar\u0131 Yorgun Uyan\u0131yorsan\u0131z, Sorun Yata\u011f\u0131n\u0131zda Olabilir<\/h3>\n<p data-start=\"739\" data-end=\"1020\">Geceleri 8 saat uyuyorsunuz ama hala yorgun uyan\u0131yorsan\u0131z, bunun nedeni v\u00fccudunuzu desteklemeyen bir yatakta yatman\u0131z olabilir. Omurgan\u0131z\u0131 gece boyunca yanl\u0131\u015f pozisyonda tutan bir yatak, fark\u0131nda olmadan kaslar\u0131n\u0131z\u0131 zorlar ve sabahlar\u0131 ba\u015f a\u011fr\u0131s\u0131yla uyanman\u0131za bile neden olabilir.<\/p>\n<p data-start=\"1022\" data-end=\"1249\">En iyi ortopedik yatak, v\u00fccudunuzun do\u011fal e\u011frisine uyum sa\u011flayarak bu sorunu ortadan kald\u0131r\u0131r. Visco, lateks ya da yayl\u0131 sistemlerle geli\u015ftirilen bu yataklar, hem sa\u011fl\u0131k hem konfor arayanlar i\u00e7in \u00f6zel olarak tasarlanm\u0131\u015ft\u0131r.<\/p>\n<h3 data-start=\"1251\" data-end=\"1309\">Baza ve Ba\u015fl\u0131k: Yatak Odas\u0131n\u0131n G\u00f6r\u00fcnmeyen Kahramanlar\u0131<\/h3>\n<p data-start=\"1311\" data-end=\"1554\">Sadece yatak se\u00e7mek yetmez. Onu tamamlayan bir baza ve ba\u015fl\u0131k seti, hem \u015f\u0131kl\u0131k hem de fonksiyonellik sunar. Bazal\u0131 modeller, \u00f6zellikle dar alanlarda ekstra depolama alan\u0131 yarat\u0131rken; ba\u015fl\u0131klar, yatak odas\u0131na karakter ve estetik kazand\u0131r\u0131r.<\/p>\n<p data-start=\"1556\" data-end=\"1823\">\u00d6zellikle minimalist \u00e7izgilerden ho\u015flananlar i\u00e7in sade kuma\u015f kaplamal\u0131 modern ba\u015fl\u0131klar, klasik sevenler i\u00e7in ise kadife veya deri dokulu ba\u015fl\u0131klar b\u00fcy\u00fck fark yarat\u0131r. Yatak baza ba\u015fl\u0131k seti tercih etmek, g\u00f6rsel b\u00fct\u00fcnl\u00fc\u011f\u00fc sa\u011flad\u0131\u011f\u0131 gibi ekonomik avantaj da sunar.<\/p>\n<h3 data-start=\"1825\" data-end=\"1883\">\u00c7ift Ki\u015filik Yatak Se\u00e7erken Dikkat Edilmesi Gerekenler<\/h3>\n<p data-start=\"1885\" data-end=\"2233\">\u00c7ift ki\u015filik yatak se\u00e7erken sadece boyut de\u011fil; uyku al\u0131\u015fkanl\u0131klar\u0131 da dikkate al\u0131nmal\u0131. Partnerinizle ayn\u0131 yatakta farkl\u0131 pozisyonlarda uyuyorsan\u0131z veya biri \u00e7ok hareketliyse, bu durum uykunuzu b\u00f6lebilir. Burada ba\u011f\u0131ms\u0131z yay sistemleri, \u00e7ift katmanl\u0131 yap\u0131lar ve zon destekli yataklar devreye girer. B\u00f6ylece biri d\u00f6nerken di\u011feri rahats\u0131z olmaz.<\/p>\n<p data-start=\"2235\" data-end=\"2394\">Ayr\u0131ca 150&#215;200 cm gibi standart \u00f6l\u00e7\u00fcler yerine 160&#215;200 cm veya 180&#215;200 cm gibi daha geni\u015f yataklar tercih ederek, daha ferah bir uyku alan\u0131 olu\u015fturabilirsiniz.<\/p>\n<h3 data-start=\"2396\" data-end=\"2442\">Yatak Odas\u0131 Tak\u0131m\u0131: T\u00fcm Par\u00e7alar Bir Arada<\/h3>\n<p data-start=\"2444\" data-end=\"2733\">Yatak, baza ve ba\u015fl\u0131\u011f\u0131n yan\u0131 s\u0131ra, yatak odas\u0131 tak\u0131m\u0131 da dekoratif tamamlay\u0131c\u0131d\u0131r. Komodin, gard\u0131rop, \u015fifonyer gibi mobilyalar\u0131n birbiriyle uyumlu olmas\u0131, alan\u0131n d\u00fczenli ve estetik g\u00f6r\u00fcnmesini sa\u011flar. Ayn\u0131 seriden par\u00e7alar se\u00e7mek, renk ve stil b\u00fct\u00fcnl\u00fc\u011f\u00fc a\u00e7\u0131s\u0131ndan b\u00fcy\u00fck avantaj sa\u011flar.<\/p>\n<p data-start=\"2735\" data-end=\"2889\">Ah\u015fap tonlardan lake y\u00fczeylere, country tarz\u0131ndan modern minimalizme kadar geni\u015f se\u00e7eneklerle kendi tarz\u0131n\u0131z\u0131 yans\u0131tan bir yatak odas\u0131 olu\u015fturabilirsiniz.<\/p>","protected":false},"excerpt":{"rendered":"<p>Her g\u00fcn yeniden ba\u015flamak i\u00e7in iyi bir uykuya ihtiya\u00e7 duyuyoruz. Bu d\u00f6ng\u00fcn\u00fcn ba\u015flad\u0131\u011f\u0131 yer ise yatak odas\u0131\u2026 Ancak ger\u00e7ek anlamda<\/p>","protected":false},"author":1,"featured_media":9954,"comment_status":"closed","ping_status":"closed","sticky":false,"template":"","format":"standard","meta":{"footnotes":""},"categories":[369],"tags":[],"class_list":["post-10977","post","type-post","status-publish","format-standard","has-post-thumbnail","hentry","category-blog"],"yoast_head":"<!-- This site is optimized with the Yoast SEO plugin v27.4 - https:\/\/yoast.com\/product\/yoast-seo-wordpress\/ -->\n<title>Uykunun Ger\u00e7ek Anlam\u0131n\u0131 Ke\u015ffedin: Yatak Odas\u0131nda Konforun Yeni Tan\u0131m\u0131 - Pierre Cardin Yatak<\/title>\n<meta name=\"robots\" content=\"index, follow, max-snippet:-1, max-image-preview:large, max-video-preview:-1\" \/>\n<link rel=\"canonical\" href=\"https:\/\/pierrecardinyatak.com.tr\/en\/uykunun-gercek-anlamini-kesfedin-yatak-odasinda-konforun-yeni-tanimi\/\" \/>\n<meta property=\"og:locale\" content=\"en_GB\" \/>\n<meta property=\"og:type\" content=\"article\" \/>\n<meta property=\"og:title\" content=\"Uykunun Ger\u00e7ek Anlam\u0131n\u0131 Ke\u015ffedin: Yatak Odas\u0131nda Konforun Yeni Tan\u0131m\u0131 - Pierre Cardin Yatak\" \/>\n<meta property=\"og:description\" content=\"Her g\u00fcn yeniden ba\u015flamak i\u00e7in iyi bir uykuya ihtiya\u00e7 duyuyoruz. Bu d\u00f6ng\u00fcn\u00fcn ba\u015flad\u0131\u011f\u0131 yer ise yatak odas\u0131\u2026 Ancak ger\u00e7ek anlamda\" \/>\n<meta property=\"og:url\" content=\"https:\/\/pierrecardinyatak.com.tr\/en\/uykunun-gercek-anlamini-kesfedin-yatak-odasinda-konforun-yeni-tanimi\/\" \/>\n<meta property=\"og:site_name\" content=\"Pierre Cardin Yatak\" \/>\n<meta property=\"article:publisher\" content=\"https:\/\/www.facebook.com\/pierrecardinyatak\" \/>\n<meta property=\"article:published_time\" content=\"2025-06-17T06:33:16+00:00\" \/>\n<meta property=\"article:modified_time\" content=\"2025-06-17T08:09:37+00:00\" \/>\n<meta property=\"og:image\" content=\"https:\/\/pierrecardinyatak.com.tr\/wp-content\/uploads\/2025\/05\/urun-woollia19.jpg\" \/>\n\t<meta property=\"og:image:width\" content=\"1789\" \/>\n\t<meta property=\"og:image:height\" content=\"1007\" \/>\n\t<meta property=\"og:image:type\" content=\"image\/jpeg\" \/>\n<meta name=\"author\" content=\"admin\" \/>\n<meta name=\"twitter:card\" content=\"summary_large_image\" \/>\n<meta name=\"twitter:creator\" content=\"@pcardinbedding\" \/>\n<meta name=\"twitter:site\" content=\"@pcardinbedding\" \/>\n<meta name=\"twitter:label1\" content=\"Written by\" \/>\n\t<meta name=\"twitter:data1\" content=\"admin\" \/>\n\t<meta name=\"twitter:label2\" content=\"Estimated reading time\" \/>\n\t<meta name=\"twitter:data2\" content=\"3 minutes\" \/>\n<script type=\"application\/ld+json\" class=\"yoast-schema-graph\">{\"@context\":\"https:\\\/\\\/schema.org\",\"@graph\":[{\"@type\":\"Article\",\"@id\":\"https:\\\/\\\/pierrecardinyatak.com.tr\\\/uykunun-gercek-anlamini-kesfedin-yatak-odasinda-konforun-yeni-tanimi\\\/#article\",\"isPartOf\":{\"@id\":\"https:\\\/\\\/pierrecardinyatak.com.tr\\\/uykunun-gercek-anlamini-kesfedin-yatak-odasinda-konforun-yeni-tanimi\\\/\"},\"author\":{\"name\":\"admin\",\"@id\":\"https:\\\/\\\/pierrecardinyatak.com.tr\\\/#\\\/schema\\\/person\\\/1c182155c79ef557a479bd374b58f902\"},\"headline\":\"Uykunun Ger\u00e7ek Anlam\u0131n\u0131 Ke\u015ffedin: Yatak Odas\u0131nda Konforun Yeni Tan\u0131m\u0131\",\"datePublished\":\"2025-06-17T06:33:16+00:00\",\"dateModified\":\"2025-06-17T08:09:37+00:00\",\"mainEntityOfPage\":{\"@id\":\"https:\\\/\\\/pierrecardinyatak.com.tr\\\/uykunun-gercek-anlamini-kesfedin-yatak-odasinda-konforun-yeni-tanimi\\\/\"},\"wordCount\":482,\"image\":{\"@id\":\"https:\\\/\\\/pierrecardinyatak.com.tr\\\/uykunun-gercek-anlamini-kesfedin-yatak-odasinda-konforun-yeni-tanimi\\\/#primaryimage\"},\"thumbnailUrl\":\"https:\\\/\\\/pierrecardinyatak.com.tr\\\/wp-content\\\/uploads\\\/2025\\\/05\\\/urun-woollia19.jpg\",\"articleSection\":[\"Blog\"],\"inLanguage\":\"en-GB\"},{\"@type\":\"WebPage\",\"@id\":\"https:\\\/\\\/pierrecardinyatak.com.tr\\\/uykunun-gercek-anlamini-kesfedin-yatak-odasinda-konforun-yeni-tanimi\\\/\",\"url\":\"https:\\\/\\\/pierrecardinyatak.com.tr\\\/uykunun-gercek-anlamini-kesfedin-yatak-odasinda-konforun-yeni-tanimi\\\/\",\"name\":\"Uykunun Ger\u00e7ek Anlam\u0131n\u0131 Ke\u015ffedin: Yatak Odas\u0131nda Konforun Yeni Tan\u0131m\u0131 - Pierre Cardin Yatak\",\"isPartOf\":{\"@id\":\"https:\\\/\\\/pierrecardinyatak.com.tr\\\/#website\"},\"primaryImageOfPage\":{\"@id\":\"https:\\\/\\\/pierrecardinyatak.com.tr\\\/uykunun-gercek-anlamini-kesfedin-yatak-odasinda-konforun-yeni-tanimi\\\/#primaryimage\"},\"image\":{\"@id\":\"https:\\\/\\\/pierrecardinyatak.com.tr\\\/uykunun-gercek-anlamini-kesfedin-yatak-odasinda-konforun-yeni-tanimi\\\/#primaryimage\"},\"thumbnailUrl\":\"https:\\\/\\\/pierrecardinyatak.com.tr\\\/wp-content\\\/uploads\\\/2025\\\/05\\\/urun-woollia19.jpg\",\"datePublished\":\"2025-06-17T06:33:16+00:00\",\"dateModified\":\"2025-06-17T08:09:37+00:00\",\"author\":{\"@id\":\"https:\\\/\\\/pierrecardinyatak.com.tr\\\/#\\\/schema\\\/person\\\/1c182155c79ef557a479bd374b58f902\"},\"breadcrumb\":{\"@id\":\"https:\\\/\\\/pierrecardinyatak.com.tr\\\/uykunun-gercek-anlamini-kesfedin-yatak-odasinda-konforun-yeni-tanimi\\\/#breadcrumb\"},\"inLanguage\":\"en-GB\",\"potentialAction\":[{\"@type\":\"ReadAction\",\"target\":[\"https:\\\/\\\/pierrecardinyatak.com.tr\\\/uykunun-gercek-anlamini-kesfedin-yatak-odasinda-konforun-yeni-tanimi\\\/\"]}]},{\"@type\":\"ImageObject\",\"inLanguage\":\"en-GB\",\"@id\":\"https:\\\/\\\/pierrecardinyatak.com.tr\\\/uykunun-gercek-anlamini-kesfedin-yatak-odasinda-konforun-yeni-tanimi\\\/#primaryimage\",\"url\":\"https:\\\/\\\/pierrecardinyatak.com.tr\\\/wp-content\\\/uploads\\\/2025\\\/05\\\/urun-woollia19.jpg\",\"contentUrl\":\"https:\\\/\\\/pierrecardinyatak.com.tr\\\/wp-content\\\/uploads\\\/2025\\\/05\\\/urun-woollia19.jpg\",\"width\":1789,\"height\":1007},{\"@type\":\"BreadcrumbList\",\"@id\":\"https:\\\/\\\/pierrecardinyatak.com.tr\\\/uykunun-gercek-anlamini-kesfedin-yatak-odasinda-konforun-yeni-tanimi\\\/#breadcrumb\",\"itemListElement\":[{\"@type\":\"ListItem\",\"position\":1,\"name\":\"Anasayfa\",\"item\":\"https:\\\/\\\/pierrecardinyatak.com.tr\\\/\"},{\"@type\":\"ListItem\",\"position\":2,\"name\":\"Uykunun Ger\u00e7ek Anlam\u0131n\u0131 Ke\u015ffedin: Yatak Odas\u0131nda Konforun Yeni Tan\u0131m\u0131\"}]},{\"@type\":\"WebSite\",\"@id\":\"https:\\\/\\\/pierrecardinyatak.com.tr\\\/#website\",\"url\":\"https:\\\/\\\/pierrecardinyatak.com.tr\\\/\",\"name\":\"Pierre Cardin Yatak\",\"description\":\"-\",\"potentialAction\":[{\"@type\":\"SearchAction\",\"target\":{\"@type\":\"EntryPoint\",\"urlTemplate\":\"https:\\\/\\\/pierrecardinyatak.com.tr\\\/?s={search_term_string}\"},\"query-input\":{\"@type\":\"PropertyValueSpecification\",\"valueRequired\":true,\"valueName\":\"search_term_string\"}}],\"inLanguage\":\"en-GB\"},{\"@type\":\"Person\",\"@id\":\"https:\\\/\\\/pierrecardinyatak.com.tr\\\/#\\\/schema\\\/person\\\/1c182155c79ef557a479bd374b58f902\",\"name\":\"admin\",\"image\":{\"@type\":\"ImageObject\",\"inLanguage\":\"en-GB\",\"@id\":\"https:\\\/\\\/secure.gravatar.com\\\/avatar\\\/3a0c75d6a4a7b2213bf32cead72e590c8f6aa56e5c7c70ea801e74aa7a9372bc?s=96&d=mm&r=g\",\"url\":\"https:\\\/\\\/secure.gravatar.com\\\/avatar\\\/3a0c75d6a4a7b2213bf32cead72e590c8f6aa56e5c7c70ea801e74aa7a9372bc?s=96&d=mm&r=g\",\"contentUrl\":\"https:\\\/\\\/secure.gravatar.com\\\/avatar\\\/3a0c75d6a4a7b2213bf32cead72e590c8f6aa56e5c7c70ea801e74aa7a9372bc?s=96&d=mm&r=g\",\"caption\":\"admin\"},\"sameAs\":[\"https:\\\/\\\/pierrecardinbedding.com.tr\"],\"url\":\"https:\\\/\\\/pierrecardinyatak.com.tr\\\/en\\\/author\\\/admin\\\/\"}]}<\/script>\n<!-- \/ Yoast SEO plugin. -->","yoast_head_json":{"title":"Uykunun Ger\u00e7ek Anlam\u0131n\u0131 Ke\u015ffedin: Yatak Odas\u0131nda Konforun Yeni Tan\u0131m\u0131 - Pierre Cardin Yatak","robots":{"index":"index","follow":"follow","max-snippet":"max-snippet:-1","max-image-preview":"max-image-preview:large","max-video-preview":"max-video-preview:-1"},"canonical":"https:\/\/pierrecardinyatak.com.tr\/en\/uykunun-gercek-anlamini-kesfedin-yatak-odasinda-konforun-yeni-tanimi\/","og_locale":"en_GB","og_type":"article","og_title":"Uykunun Ger\u00e7ek Anlam\u0131n\u0131 Ke\u015ffedin: Yatak Odas\u0131nda Konforun Yeni Tan\u0131m\u0131 - Pierre Cardin Yatak","og_description":"Her g\u00fcn yeniden ba\u015flamak i\u00e7in iyi bir uykuya ihtiya\u00e7 duyuyoruz. Bu d\u00f6ng\u00fcn\u00fcn ba\u015flad\u0131\u011f\u0131 yer ise yatak odas\u0131\u2026 Ancak ger\u00e7ek anlamda","og_url":"https:\/\/pierrecardinyatak.com.tr\/en\/uykunun-gercek-anlamini-kesfedin-yatak-odasinda-konforun-yeni-tanimi\/","og_site_name":"Pierre Cardin Yatak","article_publisher":"https:\/\/www.facebook.com\/pierrecardinyatak","article_published_time":"2025-06-17T06:33:16+00:00","article_modified_time":"2025-06-17T08:09:37+00:00","og_image":[{"width":1789,"height":1007,"url":"https:\/\/pierrecardinyatak.com.tr\/wp-content\/uploads\/2025\/05\/urun-woollia19.jpg","type":"image\/jpeg"}],"author":"admin","twitter_card":"summary_large_image","twitter_creator":"@pcardinbedding","twitter_site":"@pcardinbedding","twitter_misc":{"Written by":"admin","Estimated reading time":"3 minutes"},"schema":{"@context":"https:\/\/schema.org","@graph":[{"@type":"Article","@id":"https:\/\/pierrecardinyatak.com.tr\/uykunun-gercek-anlamini-kesfedin-yatak-odasinda-konforun-yeni-tanimi\/#article","isPartOf":{"@id":"https:\/\/pierrecardinyatak.com.tr\/uykunun-gercek-anlamini-kesfedin-yatak-odasinda-konforun-yeni-tanimi\/"},"author":{"name":"admin","@id":"https:\/\/pierrecardinyatak.com.tr\/#\/schema\/person\/1c182155c79ef557a479bd374b58f902"},"headline":"Uykunun Ger\u00e7ek Anlam\u0131n\u0131 Ke\u015ffedin: Yatak Odas\u0131nda Konforun Yeni Tan\u0131m\u0131","datePublished":"2025-06-17T06:33:16+00:00","dateModified":"2025-06-17T08:09:37+00:00","mainEntityOfPage":{"@id":"https:\/\/pierrecardinyatak.com.tr\/uykunun-gercek-anlamini-kesfedin-yatak-odasinda-konforun-yeni-tanimi\/"},"wordCount":482,"image":{"@id":"https:\/\/pierrecardinyatak.com.tr\/uykunun-gercek-anlamini-kesfedin-yatak-odasinda-konforun-yeni-tanimi\/#primaryimage"},"thumbnailUrl":"https:\/\/pierrecardinyatak.com.tr\/wp-content\/uploads\/2025\/05\/urun-woollia19.jpg","articleSection":["Blog"],"inLanguage":"en-GB"},{"@type":"WebPage","@id":"https:\/\/pierrecardinyatak.com.tr\/uykunun-gercek-anlamini-kesfedin-yatak-odasinda-konforun-yeni-tanimi\/","url":"https:\/\/pierrecardinyatak.com.tr\/uykunun-gercek-anlamini-kesfedin-yatak-odasinda-konforun-yeni-tanimi\/","name":"Uykunun Ger\u00e7ek Anlam\u0131n\u0131 Ke\u015ffedin: Yatak Odas\u0131nda Konforun Yeni Tan\u0131m\u0131 - Pierre Cardin Yatak","isPartOf":{"@id":"https:\/\/pierrecardinyatak.com.tr\/#website"},"primaryImageOfPage":{"@id":"https:\/\/pierrecardinyatak.com.tr\/uykunun-gercek-anlamini-kesfedin-yatak-odasinda-konforun-yeni-tanimi\/#primaryimage"},"image":{"@id":"https:\/\/pierrecardinyatak.com.tr\/uykunun-gercek-anlamini-kesfedin-yatak-odasinda-konforun-yeni-tanimi\/#primaryimage"},"thumbnailUrl":"https:\/\/pierrecardinyatak.com.tr\/wp-content\/uploads\/2025\/05\/urun-woollia19.jpg","datePublished":"2025-06-17T06:33:16+00:00","dateModified":"2025-06-17T08:09:37+00:00","author":{"@id":"https:\/\/pierrecardinyatak.com.tr\/#\/schema\/person\/1c182155c79ef557a479bd374b58f902"},"breadcrumb":{"@id":"https:\/\/pierrecardinyatak.com.tr\/uykunun-gercek-anlamini-kesfedin-yatak-odasinda-konforun-yeni-tanimi\/#breadcrumb"},"inLanguage":"en-GB","potentialAction":[{"@type":"ReadAction","target":["https:\/\/pierrecardinyatak.com.tr\/uykunun-gercek-anlamini-kesfedin-yatak-odasinda-konforun-yeni-tanimi\/"]}]},{"@type":"ImageObject","inLanguage":"en-GB","@id":"https:\/\/pierrecardinyatak.com.tr\/uykunun-gercek-anlamini-kesfedin-yatak-odasinda-konforun-yeni-tanimi\/#primaryimage","url":"https:\/\/pierrecardinyatak.com.tr\/wp-content\/uploads\/2025\/05\/urun-woollia19.jpg","contentUrl":"https:\/\/pierrecardinyatak.com.tr\/wp-content\/uploads\/2025\/05\/urun-woollia19.jpg","width":1789,"height":1007},{"@type":"BreadcrumbList","@id":"https:\/\/pierrecardinyatak.com.tr\/uykunun-gercek-anlamini-kesfedin-yatak-odasinda-konforun-yeni-tanimi\/#breadcrumb","itemListElement":[{"@type":"ListItem","position":1,"name":"Anasayfa","item":"https:\/\/pierrecardinyatak.com.tr\/"},{"@type":"ListItem","position":2,"name":"Uykunun Ger\u00e7ek Anlam\u0131n\u0131 Ke\u015ffedin: Yatak Odas\u0131nda Konforun Yeni Tan\u0131m\u0131"}]},{"@type":"WebSite","@id":"https:\/\/pierrecardinyatak.com.tr\/#website","url":"https:\/\/pierrecardinyatak.com.tr\/","name":"Pierre Cardin Bed","description":"-","potentialAction":[{"@type":"SearchAction","target":{"@type":"EntryPoint","urlTemplate":"https:\/\/pierrecardinyatak.com.tr\/?s={search_term_string}"},"query-input":{"@type":"PropertyValueSpecification","valueRequired":true,"valueName":"search_term_string"}}],"inLanguage":"en-GB"},{"@type":"Person","@id":"https:\/\/pierrecardinyatak.com.tr\/#\/schema\/person\/1c182155c79ef557a479bd374b58f902","name":"admin","image":{"@type":"ImageObject","inLanguage":"en-GB","@id":"https:\/\/secure.gravatar.com\/avatar\/3a0c75d6a4a7b2213bf32cead72e590c8f6aa56e5c7c70ea801e74aa7a9372bc?s=96&d=mm&r=g","url":"https:\/\/secure.gravatar.com\/avatar\/3a0c75d6a4a7b2213bf32cead72e590c8f6aa56e5c7c70ea801e74aa7a9372bc?s=96&d=mm&r=g","contentUrl":"https:\/\/secure.gravatar.com\/avatar\/3a0c75d6a4a7b2213bf32cead72e590c8f6aa56e5c7c70ea801e74aa7a9372bc?s=96&d=mm&r=g","caption":"admin"},"sameAs":["https:\/\/pierrecardinbedding.com.tr"],"url":"https:\/\/pierrecardinyatak.com.tr\/en\/author\/admin\/"}]}},"_links":{"self":[{"href":"https:\/\/pierrecardinyatak.com.tr\/en\/wp-json\/wp\/v2\/posts\/10977","targetHints":{"allow":["GET"]}}],"collection":[{"href":"https:\/\/pierrecardinyatak.com.tr\/en\/wp-json\/wp\/v2\/posts"}],"about":[{"href":"https:\/\/pierrecardinyatak.com.tr\/en\/wp-json\/wp\/v2\/types\/post"}],"author":[{"embeddable":true,"href":"https:\/\/pierrecardinyatak.com.tr\/en\/wp-json\/wp\/v2\/users\/1"}],"replies":[{"embeddable":true,"href":"https:\/\/pierrecardinyatak.com.tr\/en\/wp-json\/wp\/v2\/comments?post=10977"}],"version-history":[{"count":0,"href":"https:\/\/pierrecardinyatak.com.tr\/en\/wp-json\/wp\/v2\/posts\/10977\/revisions"}],"wp:featuredmedia":[{"embeddable":true,"href":"https:\/\/pierrecardinyatak.com.tr\/en\/wp-json\/wp\/v2\/media\/9954"}],"wp:attachment":[{"href":"https:\/\/pierrecardinyatak.com.tr\/en\/wp-json\/wp\/v2\/media?parent=10977"}],"wp:term":[{"taxonomy":"category","embeddable":true,"href":"https:\/\/pierrecardinyatak.com.tr\/en\/wp-json\/wp\/v2\/categories?post=10977"},{"taxonomy":"post_tag","embeddable":true,"href":"https:\/\/pierrecardinyatak.com.tr\/en\/wp-json\/wp\/v2\/tags?post=10977"}],"curies":[{"name":"wp","href":"https:\/\/api.w.org\/{rel}","templated":true}]}}