{"id":11701,"date":"2025-08-21T14:56:02","date_gmt":"2025-08-21T11:56:02","guid":{"rendered":"https:\/\/pierrecardinyatak.com.tr\/?p=11701"},"modified":"2025-08-23T21:06:18","modified_gmt":"2025-08-23T18:06:18","slug":"yatagin-secimi-uykunun-sirri","status":"publish","type":"post","link":"https:\/\/pierrecardinyatak.com.tr\/az\/yatagin-secimi-uykunun-sirri\/","title":{"rendered":"Yata\u011f\u0131n Se\u00e7imi, Uykunun S\u0131rr\u0131"},"content":{"rendered":"<p>Bir yatak, sadece geceleri uyumak i\u00e7in kullan\u0131lan bir mobilya de\u011fil; sabah nas\u0131l uyanaca\u011f\u0131m\u0131z\u0131 ve g\u00fcn\u00fcm\u00fcz\u00fcn nas\u0131l ge\u00e7ece\u011fini belirleyen gizli bir unsurdur. Belki de uzun zamand\u0131r s\u0131rt\u0131ndaki a\u011fr\u0131lar\u0131n nedeni, yanl\u0131\u015f se\u00e7ilmi\u015f bir yatakt\u0131r. Ya da y\u0131llard\u0131r yorgun uyanmana sebep olan \u015fey, sana uygun olmayan bir sertlikteki modeldir.<\/p>\n<p>Bir odan\u0131n k\u00f6\u015fesinde duran tek ki\u015filik yatak, \u00fcniversiteye yeni ad\u0131m atan bir gencin yaln\u0131zl\u0131\u011fa al\u0131\u015fma s\u00fcrecine e\u015flik ederken, kar\u015f\u0131s\u0131ndaki \u00e7ift ki\u015filik yatak, evlili\u011fin ve payla\u015f\u0131lan hayatlar\u0131n simgesidir. Bebek yata\u011f\u0131, bir annenin g\u00f6zlerinin i\u00e7ine bakarak ge\u00e7irdi\u011fi ilk uykular\u0131 ta\u015f\u0131rken, \u00e7ocuk yata\u011f\u0131 ise oyunlarla dolu g\u00fcnd\u00fczlerin ard\u0131ndan huzurlu gecelerin garantisini sunar.<\/p>\n<p>Baz\u0131 insanlar sert yatak aray\u0131\u015f\u0131ndad\u0131r; v\u00fccutlar\u0131n\u0131n dimdik durmas\u0131n\u0131 ve omurgalar\u0131n\u0131n sabit kalmas\u0131n\u0131 isterler. Di\u011ferleri ise yumu\u015fak yatak konforunda kaybolmay\u0131 tercih eder. Baz\u0131lar\u0131 i\u00e7in ortopedik yatak, doktorun \u00f6nerdi\u011fi tek \u00e7\u00f6z\u00fcmken, bir ba\u015fkas\u0131 i\u00e7in visco veya memory foam yatak, geceleri uykusuz kalmalar\u0131na neden olan d\u00f6n\u00fcp durmalar\u0131 sona erdirir.<\/p>\n<p>Do\u011fall\u0131\u011f\u0131 sevenler i\u00e7in lateks yatak, nefes alan yap\u0131s\u0131yla yaz gecelerinde serinlik sunar. Teknolojiyle konforu birle\u015ftirmek isteyenler i\u00e7in hybrid yatak vard\u0131r; yayl\u0131 sistemin dayan\u0131kl\u0131l\u0131\u011f\u0131n\u0131 visco rahatl\u0131\u011f\u0131yla bulu\u015fturur. Pratikli\u011fi arayanlar i\u00e7in ise roll pack yatak kutusundan \u00e7\u0131kar \u00e7\u0131kmaz yata\u011fa d\u00f6n\u00fc\u015f\u00fcr, ta\u015f\u0131nmas\u0131 kolayd\u0131r.<\/p>\n<p>Her yatak asl\u0131nda bir karaktere hitap eder. Hijyene \u00f6nem verenler antialerjik yatak ya da antibakteriyel yatak arar. Do\u011fal ya\u015famdan vazge\u00e7meyenler do\u011fal yatak tercih eder. Otel konforunu evine ta\u015f\u0131mak isteyenler i\u00e7in ise otel tipi yatak do\u011fru se\u00e7imdir.<\/p>\n<p>Bir yatak odas\u0131na girdi\u011finde g\u00f6rd\u00fc\u011f\u00fcn sadece kuma\u015fla kapl\u0131 bir dikd\u00f6rtgen de\u011fildir. O, uykunun, sa\u011fl\u0131\u011f\u0131n ve hatta hayat kalitesinin ta kendisidir. Yatak fiyatlar\u0131 elbette de\u011fi\u015fir; ama sabahlar\u0131 a\u011fr\u0131s\u0131z, din\u00e7 ve huzurlu kalkman\u0131n bedeli hi\u00e7bir etiketle \u00f6l\u00e7\u00fclemez.<\/p>","protected":false},"excerpt":{"rendered":"<p>Bir yatak, sadece geceleri uyumak i\u00e7in kullan\u0131lan bir mobilya de\u011fil; sabah nas\u0131l uyanaca\u011f\u0131m\u0131z\u0131 ve g\u00fcn\u00fcm\u00fcz\u00fcn nas\u0131l ge\u00e7ece\u011fini belirleyen gizli bir<\/p>","protected":false},"author":1,"featured_media":11426,"comment_status":"closed","ping_status":"closed","sticky":false,"template":"","format":"standard","meta":{"footnotes":""},"categories":[369],"tags":[],"class_list":["post-11701","post","type-post","status-publish","format-standard","has-post-thumbnail","hentry","category-blog"],"yoast_head":"<!-- This site is optimized with the Yoast SEO plugin v27.4 - https:\/\/yoast.com\/product\/yoast-seo-wordpress\/ -->\n<title>Yata\u011f\u0131n Se\u00e7imi, Uykunun S\u0131rr\u0131 - Pierre Cardin Yatak<\/title>\n<meta name=\"robots\" content=\"index, follow, max-snippet:-1, max-image-preview:large, max-video-preview:-1\" \/>\n<link rel=\"canonical\" href=\"https:\/\/pierrecardinyatak.com.tr\/az\/yatagin-secimi-uykunun-sirri\/\" \/>\n<meta property=\"og:locale\" content=\"az_AZ\" \/>\n<meta property=\"og:type\" content=\"article\" \/>\n<meta property=\"og:title\" content=\"Yata\u011f\u0131n Se\u00e7imi, Uykunun S\u0131rr\u0131 - Pierre Cardin Yatak\" \/>\n<meta property=\"og:description\" content=\"Bir yatak, sadece geceleri uyumak i\u00e7in kullan\u0131lan bir mobilya de\u011fil; sabah nas\u0131l uyanaca\u011f\u0131m\u0131z\u0131 ve g\u00fcn\u00fcm\u00fcz\u00fcn nas\u0131l ge\u00e7ece\u011fini belirleyen gizli bir\" \/>\n<meta property=\"og:url\" content=\"https:\/\/pierrecardinyatak.com.tr\/az\/yatagin-secimi-uykunun-sirri\/\" \/>\n<meta property=\"og:site_name\" content=\"Pierre Cardin Yatak\" \/>\n<meta property=\"article:publisher\" content=\"https:\/\/www.facebook.com\/pierrecardinyatak\" \/>\n<meta property=\"article:published_time\" content=\"2025-08-21T11:56:02+00:00\" \/>\n<meta property=\"article:modified_time\" content=\"2025-08-23T18:06:18+00:00\" \/>\n<meta property=\"og:image\" content=\"https:\/\/pierrecardinyatak.com.tr\/wp-content\/uploads\/2025\/07\/001_LUCEBEDD_13833-copy.webp\" \/>\n\t<meta property=\"og:image:width\" content=\"1612\" \/>\n\t<meta property=\"og:image:height\" content=\"1116\" \/>\n\t<meta property=\"og:image:type\" content=\"image\/webp\" \/>\n<meta name=\"author\" content=\"admin\" \/>\n<meta name=\"twitter:card\" content=\"summary_large_image\" \/>\n<meta name=\"twitter:creator\" content=\"@pcardinbedding\" \/>\n<meta name=\"twitter:site\" content=\"@pcardinbedding\" \/>\n<meta name=\"twitter:label1\" content=\"Written by\" \/>\n\t<meta name=\"twitter:data1\" content=\"admin\" \/>\n\t<meta name=\"twitter:label2\" content=\"Est. reading time\" \/>\n\t<meta name=\"twitter:data2\" content=\"2 minutes\" \/>\n<script type=\"application\/ld+json\" class=\"yoast-schema-graph\">{\"@context\":\"https:\\\/\\\/schema.org\",\"@graph\":[{\"@type\":\"Article\",\"@id\":\"https:\\\/\\\/pierrecardinyatak.com.tr\\\/yatagin-secimi-uykunun-sirri\\\/#article\",\"isPartOf\":{\"@id\":\"https:\\\/\\\/pierrecardinyatak.com.tr\\\/yatagin-secimi-uykunun-sirri\\\/\"},\"author\":{\"name\":\"admin\",\"@id\":\"https:\\\/\\\/pierrecardinyatak.com.tr\\\/#\\\/schema\\\/person\\\/1c182155c79ef557a479bd374b58f902\"},\"headline\":\"Yata\u011f\u0131n Se\u00e7imi, Uykunun S\u0131rr\u0131\",\"datePublished\":\"2025-08-21T11:56:02+00:00\",\"dateModified\":\"2025-08-23T18:06:18+00:00\",\"mainEntityOfPage\":{\"@id\":\"https:\\\/\\\/pierrecardinyatak.com.tr\\\/yatagin-secimi-uykunun-sirri\\\/\"},\"wordCount\":370,\"image\":{\"@id\":\"https:\\\/\\\/pierrecardinyatak.com.tr\\\/yatagin-secimi-uykunun-sirri\\\/#primaryimage\"},\"thumbnailUrl\":\"https:\\\/\\\/pierrecardinyatak.com.tr\\\/wp-content\\\/uploads\\\/2025\\\/07\\\/001_LUCEBEDD_13833-copy.webp\",\"articleSection\":[\"Blog\"],\"inLanguage\":\"az\"},{\"@type\":\"WebPage\",\"@id\":\"https:\\\/\\\/pierrecardinyatak.com.tr\\\/yatagin-secimi-uykunun-sirri\\\/\",\"url\":\"https:\\\/\\\/pierrecardinyatak.com.tr\\\/yatagin-secimi-uykunun-sirri\\\/\",\"name\":\"Yata\u011f\u0131n Se\u00e7imi, Uykunun S\u0131rr\u0131 - Pierre Cardin Yatak\",\"isPartOf\":{\"@id\":\"https:\\\/\\\/pierrecardinyatak.com.tr\\\/#website\"},\"primaryImageOfPage\":{\"@id\":\"https:\\\/\\\/pierrecardinyatak.com.tr\\\/yatagin-secimi-uykunun-sirri\\\/#primaryimage\"},\"image\":{\"@id\":\"https:\\\/\\\/pierrecardinyatak.com.tr\\\/yatagin-secimi-uykunun-sirri\\\/#primaryimage\"},\"thumbnailUrl\":\"https:\\\/\\\/pierrecardinyatak.com.tr\\\/wp-content\\\/uploads\\\/2025\\\/07\\\/001_LUCEBEDD_13833-copy.webp\",\"datePublished\":\"2025-08-21T11:56:02+00:00\",\"dateModified\":\"2025-08-23T18:06:18+00:00\",\"author\":{\"@id\":\"https:\\\/\\\/pierrecardinyatak.com.tr\\\/#\\\/schema\\\/person\\\/1c182155c79ef557a479bd374b58f902\"},\"breadcrumb\":{\"@id\":\"https:\\\/\\\/pierrecardinyatak.com.tr\\\/yatagin-secimi-uykunun-sirri\\\/#breadcrumb\"},\"inLanguage\":\"az\",\"potentialAction\":[{\"@type\":\"ReadAction\",\"target\":[\"https:\\\/\\\/pierrecardinyatak.com.tr\\\/yatagin-secimi-uykunun-sirri\\\/\"]}]},{\"@type\":\"ImageObject\",\"inLanguage\":\"az\",\"@id\":\"https:\\\/\\\/pierrecardinyatak.com.tr\\\/yatagin-secimi-uykunun-sirri\\\/#primaryimage\",\"url\":\"https:\\\/\\\/pierrecardinyatak.com.tr\\\/wp-content\\\/uploads\\\/2025\\\/07\\\/001_LUCEBEDD_13833-copy.webp\",\"contentUrl\":\"https:\\\/\\\/pierrecardinyatak.com.tr\\\/wp-content\\\/uploads\\\/2025\\\/07\\\/001_LUCEBEDD_13833-copy.webp\",\"width\":1612,\"height\":1116},{\"@type\":\"BreadcrumbList\",\"@id\":\"https:\\\/\\\/pierrecardinyatak.com.tr\\\/yatagin-secimi-uykunun-sirri\\\/#breadcrumb\",\"itemListElement\":[{\"@type\":\"ListItem\",\"position\":1,\"name\":\"Anasayfa\",\"item\":\"https:\\\/\\\/pierrecardinyatak.com.tr\\\/\"},{\"@type\":\"ListItem\",\"position\":2,\"name\":\"Yata\u011f\u0131n Se\u00e7imi, Uykunun S\u0131rr\u0131\"}]},{\"@type\":\"WebSite\",\"@id\":\"https:\\\/\\\/pierrecardinyatak.com.tr\\\/#website\",\"url\":\"https:\\\/\\\/pierrecardinyatak.com.tr\\\/\",\"name\":\"Pierre Cardin Yatak\",\"description\":\"-\",\"potentialAction\":[{\"@type\":\"SearchAction\",\"target\":{\"@type\":\"EntryPoint\",\"urlTemplate\":\"https:\\\/\\\/pierrecardinyatak.com.tr\\\/?s={search_term_string}\"},\"query-input\":{\"@type\":\"PropertyValueSpecification\",\"valueRequired\":true,\"valueName\":\"search_term_string\"}}],\"inLanguage\":\"az\"},{\"@type\":\"Person\",\"@id\":\"https:\\\/\\\/pierrecardinyatak.com.tr\\\/#\\\/schema\\\/person\\\/1c182155c79ef557a479bd374b58f902\",\"name\":\"admin\",\"image\":{\"@type\":\"ImageObject\",\"inLanguage\":\"az\",\"@id\":\"https:\\\/\\\/secure.gravatar.com\\\/avatar\\\/3a0c75d6a4a7b2213bf32cead72e590c8f6aa56e5c7c70ea801e74aa7a9372bc?s=96&d=mm&r=g\",\"url\":\"https:\\\/\\\/secure.gravatar.com\\\/avatar\\\/3a0c75d6a4a7b2213bf32cead72e590c8f6aa56e5c7c70ea801e74aa7a9372bc?s=96&d=mm&r=g\",\"contentUrl\":\"https:\\\/\\\/secure.gravatar.com\\\/avatar\\\/3a0c75d6a4a7b2213bf32cead72e590c8f6aa56e5c7c70ea801e74aa7a9372bc?s=96&d=mm&r=g\",\"caption\":\"admin\"},\"sameAs\":[\"https:\\\/\\\/pierrecardinbedding.com.tr\"],\"url\":\"https:\\\/\\\/pierrecardinyatak.com.tr\\\/az\\\/author\\\/admin\\\/\"}]}<\/script>\n<!-- \/ Yoast SEO plugin. -->","yoast_head_json":{"title":"Yata\u011f\u0131n Se\u00e7imi, Uykunun S\u0131rr\u0131 - Pierre Cardin Yatak","robots":{"index":"index","follow":"follow","max-snippet":"max-snippet:-1","max-image-preview":"max-image-preview:large","max-video-preview":"max-video-preview:-1"},"canonical":"https:\/\/pierrecardinyatak.com.tr\/az\/yatagin-secimi-uykunun-sirri\/","og_locale":"az_AZ","og_type":"article","og_title":"Yata\u011f\u0131n Se\u00e7imi, Uykunun S\u0131rr\u0131 - Pierre Cardin Yatak","og_description":"Bir yatak, sadece geceleri uyumak i\u00e7in kullan\u0131lan bir mobilya de\u011fil; sabah nas\u0131l uyanaca\u011f\u0131m\u0131z\u0131 ve g\u00fcn\u00fcm\u00fcz\u00fcn nas\u0131l ge\u00e7ece\u011fini belirleyen gizli bir","og_url":"https:\/\/pierrecardinyatak.com.tr\/az\/yatagin-secimi-uykunun-sirri\/","og_site_name":"Pierre Cardin Yatak","article_publisher":"https:\/\/www.facebook.com\/pierrecardinyatak","article_published_time":"2025-08-21T11:56:02+00:00","article_modified_time":"2025-08-23T18:06:18+00:00","og_image":[{"width":1612,"height":1116,"url":"https:\/\/pierrecardinyatak.com.tr\/wp-content\/uploads\/2025\/07\/001_LUCEBEDD_13833-copy.webp","type":"image\/webp"}],"author":"admin","twitter_card":"summary_large_image","twitter_creator":"@pcardinbedding","twitter_site":"@pcardinbedding","twitter_misc":{"Written by":"admin","Est. reading time":"2 minutes"},"schema":{"@context":"https:\/\/schema.org","@graph":[{"@type":"Article","@id":"https:\/\/pierrecardinyatak.com.tr\/yatagin-secimi-uykunun-sirri\/#article","isPartOf":{"@id":"https:\/\/pierrecardinyatak.com.tr\/yatagin-secimi-uykunun-sirri\/"},"author":{"name":"admin","@id":"https:\/\/pierrecardinyatak.com.tr\/#\/schema\/person\/1c182155c79ef557a479bd374b58f902"},"headline":"Yata\u011f\u0131n Se\u00e7imi, Uykunun S\u0131rr\u0131","datePublished":"2025-08-21T11:56:02+00:00","dateModified":"2025-08-23T18:06:18+00:00","mainEntityOfPage":{"@id":"https:\/\/pierrecardinyatak.com.tr\/yatagin-secimi-uykunun-sirri\/"},"wordCount":370,"image":{"@id":"https:\/\/pierrecardinyatak.com.tr\/yatagin-secimi-uykunun-sirri\/#primaryimage"},"thumbnailUrl":"https:\/\/pierrecardinyatak.com.tr\/wp-content\/uploads\/2025\/07\/001_LUCEBEDD_13833-copy.webp","articleSection":["Blog"],"inLanguage":"az"},{"@type":"WebPage","@id":"https:\/\/pierrecardinyatak.com.tr\/yatagin-secimi-uykunun-sirri\/","url":"https:\/\/pierrecardinyatak.com.tr\/yatagin-secimi-uykunun-sirri\/","name":"Yata\u011f\u0131n Se\u00e7imi, Uykunun S\u0131rr\u0131 - Pierre Cardin Yatak","isPartOf":{"@id":"https:\/\/pierrecardinyatak.com.tr\/#website"},"primaryImageOfPage":{"@id":"https:\/\/pierrecardinyatak.com.tr\/yatagin-secimi-uykunun-sirri\/#primaryimage"},"image":{"@id":"https:\/\/pierrecardinyatak.com.tr\/yatagin-secimi-uykunun-sirri\/#primaryimage"},"thumbnailUrl":"https:\/\/pierrecardinyatak.com.tr\/wp-content\/uploads\/2025\/07\/001_LUCEBEDD_13833-copy.webp","datePublished":"2025-08-21T11:56:02+00:00","dateModified":"2025-08-23T18:06:18+00:00","author":{"@id":"https:\/\/pierrecardinyatak.com.tr\/#\/schema\/person\/1c182155c79ef557a479bd374b58f902"},"breadcrumb":{"@id":"https:\/\/pierrecardinyatak.com.tr\/yatagin-secimi-uykunun-sirri\/#breadcrumb"},"inLanguage":"az","potentialAction":[{"@type":"ReadAction","target":["https:\/\/pierrecardinyatak.com.tr\/yatagin-secimi-uykunun-sirri\/"]}]},{"@type":"ImageObject","inLanguage":"az","@id":"https:\/\/pierrecardinyatak.com.tr\/yatagin-secimi-uykunun-sirri\/#primaryimage","url":"https:\/\/pierrecardinyatak.com.tr\/wp-content\/uploads\/2025\/07\/001_LUCEBEDD_13833-copy.webp","contentUrl":"https:\/\/pierrecardinyatak.com.tr\/wp-content\/uploads\/2025\/07\/001_LUCEBEDD_13833-copy.webp","width":1612,"height":1116},{"@type":"BreadcrumbList","@id":"https:\/\/pierrecardinyatak.com.tr\/yatagin-secimi-uykunun-sirri\/#breadcrumb","itemListElement":[{"@type":"ListItem","position":1,"name":"Anasayfa","item":"https:\/\/pierrecardinyatak.com.tr\/"},{"@type":"ListItem","position":2,"name":"Yata\u011f\u0131n Se\u00e7imi, Uykunun S\u0131rr\u0131"}]},{"@type":"WebSite","@id":"https:\/\/pierrecardinyatak.com.tr\/#website","url":"https:\/\/pierrecardinyatak.com.tr\/","name":"Pierre Cardin Yatak","description":"-","potentialAction":[{"@type":"SearchAction","target":{"@type":"EntryPoint","urlTemplate":"https:\/\/pierrecardinyatak.com.tr\/?s={search_term_string}"},"query-input":{"@type":"PropertyValueSpecification","valueRequired":true,"valueName":"search_term_string"}}],"inLanguage":"az"},{"@type":"Person","@id":"https:\/\/pierrecardinyatak.com.tr\/#\/schema\/person\/1c182155c79ef557a479bd374b58f902","name":"admin","image":{"@type":"ImageObject","inLanguage":"az","@id":"https:\/\/secure.gravatar.com\/avatar\/3a0c75d6a4a7b2213bf32cead72e590c8f6aa56e5c7c70ea801e74aa7a9372bc?s=96&d=mm&r=g","url":"https:\/\/secure.gravatar.com\/avatar\/3a0c75d6a4a7b2213bf32cead72e590c8f6aa56e5c7c70ea801e74aa7a9372bc?s=96&d=mm&r=g","contentUrl":"https:\/\/secure.gravatar.com\/avatar\/3a0c75d6a4a7b2213bf32cead72e590c8f6aa56e5c7c70ea801e74aa7a9372bc?s=96&d=mm&r=g","caption":"admin"},"sameAs":["https:\/\/pierrecardinbedding.com.tr"],"url":"https:\/\/pierrecardinyatak.com.tr\/az\/author\/admin\/"}]}},"_links":{"self":[{"href":"https:\/\/pierrecardinyatak.com.tr\/az\/wp-json\/wp\/v2\/posts\/11701","targetHints":{"allow":["GET"]}}],"collection":[{"href":"https:\/\/pierrecardinyatak.com.tr\/az\/wp-json\/wp\/v2\/posts"}],"about":[{"href":"https:\/\/pierrecardinyatak.com.tr\/az\/wp-json\/wp\/v2\/types\/post"}],"author":[{"embeddable":true,"href":"https:\/\/pierrecardinyatak.com.tr\/az\/wp-json\/wp\/v2\/users\/1"}],"replies":[{"embeddable":true,"href":"https:\/\/pierrecardinyatak.com.tr\/az\/wp-json\/wp\/v2\/comments?post=11701"}],"version-history":[{"count":0,"href":"https:\/\/pierrecardinyatak.com.tr\/az\/wp-json\/wp\/v2\/posts\/11701\/revisions"}],"wp:featuredmedia":[{"embeddable":true,"href":"https:\/\/pierrecardinyatak.com.tr\/az\/wp-json\/wp\/v2\/media\/11426"}],"wp:attachment":[{"href":"https:\/\/pierrecardinyatak.com.tr\/az\/wp-json\/wp\/v2\/media?parent=11701"}],"wp:term":[{"taxonomy":"category","embeddable":true,"href":"https:\/\/pierrecardinyatak.com.tr\/az\/wp-json\/wp\/v2\/categories?post=11701"},{"taxonomy":"post_tag","embeddable":true,"href":"https:\/\/pierrecardinyatak.com.tr\/az\/wp-json\/wp\/v2\/tags?post=11701"}],"curies":[{"name":"wp","href":"https:\/\/api.w.org\/{rel}","templated":true}]}}