{"id":13270,"date":"2025-12-07T14:48:23","date_gmt":"2025-12-07T11:48:23","guid":{"rendered":"https:\/\/pierrecardinyatak.com.tr\/?p=13270"},"modified":"2026-02-12T11:18:46","modified_gmt":"2026-02-12T08:18:46","slug":"yatak-odasinda-konforun-yeni-tanimi","status":"publish","type":"post","link":"https:\/\/pierrecardinyatak.com.tr\/ar\/yatak-odasinda-konforun-yeni-tanimi\/","title":{"rendered":"Yatak Odas\u0131nda Konforun Yeni Tan\u0131m\u0131"},"content":{"rendered":"<p>G\u00fcn\u00fcm\u00fcz ya\u015fam\u0131nda yatak odas\u0131, sadece uyku alan\u0131 olman\u0131n \u00f6tesine ge\u00e7erek konforun, esteti\u011fin ve ki\u015fisel ya\u015fam kalitesinin kalbinde yer al\u0131yor. Bu y\u00fczden, yatak odas\u0131 konfor ipu\u00e7lar\u0131, \u00e7ift ki\u015filik ortopedik yatak \u00f6nerileri, tek ki\u015filik rahat yatak se\u00e7enekleri ve do\u011fru dekorasyon kombinasyonlar\u0131 arayanlar\u0131n say\u0131s\u0131 her ge\u00e7en g\u00fcn art\u0131yor.<\/p>\n<p>2025 koleksiyonlar\u0131nda dikkat \u00e7eken yeni nesil yataklar; omurga dostu yap\u0131lar\u0131, nefes alabilen kuma\u015f teknolojileri ve dayan\u0131kl\u0131 s\u00fcnger katmanlar\u0131yla daha sa\u011fl\u0131kl\u0131 bir uyku deneyimi sunuyor. \u00d6zellikle ortopedik yataklar, haf\u0131zal\u0131 k\u00f6p\u00fck modelleri, visco s\u00fcnger teknolojisi ve modern yay sistemleri, gece boyunca v\u00fccut bas\u0131nc\u0131n\u0131 dengeleyerek dinlendirici bir uyku sa\u011fl\u0131yor. Bu yeniliklerle birlikte, ev tekstili ve yatak koleksiyonu \u00fcr\u00fcnleri de odan\u0131n b\u00fct\u00fcnl\u00fc\u011f\u00fcn\u00fc tamamlayan \u00f6nemli bir unsur haline geliyor.<\/p>\n<p>Dekorasyon a\u00e7\u0131s\u0131ndan, 2025\u2019in en dikkat \u00e7ekici yakla\u015f\u0131m\u0131 \u201csade ama etkili\u201d konseptler. Yatak odas\u0131 seti tamamlama, dolap ve baza kombinasyonu olu\u015fturma, yatak odas\u0131 mobilya \u00f6nerileri ve renk uyumu gibi detaylar, kullan\u0131c\u0131lar\u0131n ya\u015fam alanlar\u0131n\u0131 daha fonksiyonel ve estetik hale getirmelerine yard\u0131mc\u0131 oluyor. Ayn\u0131 zamanda, 2025 yatak odas\u0131 kataloglar\u0131; modern \u00e7izgiler, do\u011fal malzemeler ve minimal detaylarla yenilik\u00e7i bir atmosfer yarat\u0131yor.<\/p>\n<p>Klasik mobilya tak\u0131mlar\u0131n\u0131n yerini, ki\u015fiye \u00f6zel kombinasyonlarla olu\u015fturulan daha modern \u00e7\u00f6z\u00fcmler al\u0131yor. Bu noktada, yatak odas\u0131 i\u00e7 mimari fikirleri, dekorasyon bloglar\u0131, yatak odas\u0131 yenileme \u00f6nerileri ve 2025\u2019in moda renkleri, ilham arayan kullan\u0131c\u0131lar\u0131n ba\u015fvurdu\u011fu kaynaklar aras\u0131nda yer al\u0131yor.<\/p>\n<p>Al\u0131\u015fveri\u015f yaparken g\u00fcvenlik ve fiyat kar\u015f\u0131la\u015ft\u0131rmas\u0131 ger\u00e7ekten b\u00fcy\u00fck bir \u00f6nem ta\u015f\u0131yor. Yatak fiyatlar\u0131 2025 TL civar\u0131nda, bu da b\u00fct\u00e7e dostu se\u00e7enekleri \u00f6ne \u00e7\u0131kar\u0131yor; ayr\u0131ca yatak baza ba\u015fl\u0131k yorumlar\u0131, kullan\u0131c\u0131lar\u0131n daha bilin\u00e7li se\u00e7imler yapmas\u0131na yard\u0131mc\u0131 oluyor. Online al\u0131\u015fveri\u015fin artmas\u0131yla birlikte, g\u00fcvenli online yatak sat\u0131\u015f siteleri, geni\u015f \u00fcr\u00fcn yelpazesi ve h\u0131zl\u0131 teslimat avantajlar\u0131yla pop\u00fcler hale geldi.<\/p>\n<p>Kurulum ve sonras\u0131ndaki hizmetler de 2025 t\u00fcketicisinin \u00f6ncelikleri aras\u0131nda yer al\u0131yor. Yatak odas\u0131 kurulum ve montaj\u0131, \u00fcr\u00fcn\u00fcn do\u011fru kullan\u0131m\u0131 ve uzun \u00f6m\u00fcrl\u00fc olmas\u0131 a\u00e7\u0131s\u0131ndan kritik bir \u00f6neme sahip. Her \u00fcr\u00fcn i\u00e7in sunulan yatak garanti ve servis bilgisi, sat\u0131n alma sonras\u0131 s\u00fcreci daha g\u00fcvenli hale getirirken, kullan\u0131c\u0131 memnuniyetini de art\u0131r\u0131yor.<\/p>\n<p>Ayr\u0131ca, modern uyku k\u00fclt\u00fcr\u00fcnde hijyen ve bak\u0131m unsurlar\u0131 giderek daha fazla \u00f6nem kazan\u0131yor. Uyku hijyeni ve yatak se\u00e7imi \u00fczerine yap\u0131lan ara\u015ft\u0131rmalar, do\u011fru yata\u011f\u0131n ya\u015fam kalitesi \u00fczerindeki etkisini net bir \u015fekilde ortaya koyuyor. Kaliteli bir uyku i\u00e7in do\u011fru yatak, hem fiziksel rahatl\u0131k hem de zihinsel yenilenme a\u00e7\u0131s\u0131ndan temel bir ihtiya\u00e7 haline geliyor.<\/p>\n<p>Sonu\u00e7 olarak, yatak odas\u0131nda konfor, teknoloji, tasar\u0131m ve fonksiyonelli\u011fin birle\u015fimiyle ortaya \u00e7\u0131k\u0131yor. 2025 trendleri, bu unsurlar\u0131 bir araya getirerek kullan\u0131c\u0131lar\u0131n ya\u015fam alanlar\u0131n\u0131 daha sa\u011fl\u0131kl\u0131, estetik ve huzurlu hale getiriyor.<\/p>","protected":false},"excerpt":{"rendered":"<p>G\u00fcn\u00fcm\u00fcz ya\u015fam\u0131nda yatak odas\u0131, sadece uyku alan\u0131 olman\u0131n \u00f6tesine ge\u00e7erek konforun, esteti\u011fin ve ki\u015fisel ya\u015fam kalitesinin kalbinde yer al\u0131yor. Bu<\/p>","protected":false},"author":1,"featured_media":9538,"comment_status":"closed","ping_status":"closed","sticky":false,"template":"","format":"standard","meta":{"footnotes":""},"categories":[369],"tags":[],"class_list":["post-13270","post","type-post","status-publish","format-standard","has-post-thumbnail","hentry","category-blog"],"yoast_head":"<!-- This site is optimized with the Yoast SEO plugin v27.4 - https:\/\/yoast.com\/product\/yoast-seo-wordpress\/ -->\n<title>Yatak Odas\u0131nda Konforun Yeni Tan\u0131m\u0131 - Pierre Cardin Yatak<\/title>\n<meta name=\"robots\" content=\"index, follow, max-snippet:-1, max-image-preview:large, max-video-preview:-1\" \/>\n<link rel=\"canonical\" href=\"https:\/\/pierrecardinyatak.com.tr\/ar\/yatak-odasinda-konforun-yeni-tanimi\/\" \/>\n<meta property=\"og:locale\" content=\"ar_AR\" \/>\n<meta property=\"og:type\" content=\"article\" \/>\n<meta property=\"og:title\" content=\"Yatak Odas\u0131nda Konforun Yeni Tan\u0131m\u0131 - Pierre Cardin Yatak\" \/>\n<meta property=\"og:description\" content=\"G\u00fcn\u00fcm\u00fcz ya\u015fam\u0131nda yatak odas\u0131, sadece uyku alan\u0131 olman\u0131n \u00f6tesine ge\u00e7erek konforun, esteti\u011fin ve ki\u015fisel ya\u015fam kalitesinin kalbinde yer al\u0131yor. Bu\" \/>\n<meta property=\"og:url\" content=\"https:\/\/pierrecardinyatak.com.tr\/ar\/yatak-odasinda-konforun-yeni-tanimi\/\" \/>\n<meta property=\"og:site_name\" content=\"Pierre Cardin Yatak\" \/>\n<meta property=\"article:publisher\" content=\"https:\/\/www.facebook.com\/pierrecardinyatak\" \/>\n<meta property=\"article:published_time\" content=\"2025-12-07T11:48:23+00:00\" \/>\n<meta property=\"article:modified_time\" content=\"2026-02-12T08:18:46+00:00\" \/>\n<meta property=\"og:image\" content=\"https:\/\/pierrecardinyatak.com.tr\/wp-content\/uploads\/2022\/11\/MION-5.jpg\" \/>\n\t<meta property=\"og:image:width\" content=\"1948\" \/>\n\t<meta property=\"og:image:height\" content=\"1095\" \/>\n\t<meta property=\"og:image:type\" content=\"image\/jpeg\" \/>\n<meta name=\"author\" content=\"admin\" \/>\n<meta name=\"twitter:card\" content=\"summary_large_image\" \/>\n<meta name=\"twitter:creator\" content=\"@pcardinbedding\" \/>\n<meta name=\"twitter:site\" content=\"@pcardinbedding\" \/>\n<meta name=\"twitter:label1\" content=\"\u0643\u064f\u062a\u0628 \u0628\u0648\u0627\u0633\u0637\u0629\" \/>\n\t<meta name=\"twitter:data1\" content=\"admin\" \/>\n\t<meta name=\"twitter:label2\" content=\"\u0648\u0642\u062a \u0627\u0644\u0642\u0631\u0627\u0621\u0629 \u0627\u0644\u0645\u064f\u0642\u062f\u0651\u0631\" \/>\n\t<meta name=\"twitter:data2\" content=\"3 \u062f\u0642\u0627\u0626\u0642\" \/>\n<script type=\"application\/ld+json\" class=\"yoast-schema-graph\">{\"@context\":\"https:\\\/\\\/schema.org\",\"@graph\":[{\"@type\":\"Article\",\"@id\":\"https:\\\/\\\/pierrecardinyatak.com.tr\\\/yatak-odasinda-konforun-yeni-tanimi\\\/#article\",\"isPartOf\":{\"@id\":\"https:\\\/\\\/pierrecardinyatak.com.tr\\\/yatak-odasinda-konforun-yeni-tanimi\\\/\"},\"author\":{\"name\":\"admin\",\"@id\":\"https:\\\/\\\/pierrecardinyatak.com.tr\\\/#\\\/schema\\\/person\\\/1c182155c79ef557a479bd374b58f902\"},\"headline\":\"Yatak Odas\u0131nda Konforun Yeni Tan\u0131m\u0131\",\"datePublished\":\"2025-12-07T11:48:23+00:00\",\"dateModified\":\"2026-02-12T08:18:46+00:00\",\"mainEntityOfPage\":{\"@id\":\"https:\\\/\\\/pierrecardinyatak.com.tr\\\/yatak-odasinda-konforun-yeni-tanimi\\\/\"},\"wordCount\":539,\"image\":{\"@id\":\"https:\\\/\\\/pierrecardinyatak.com.tr\\\/yatak-odasinda-konforun-yeni-tanimi\\\/#primaryimage\"},\"thumbnailUrl\":\"https:\\\/\\\/pierrecardinyatak.com.tr\\\/wp-content\\\/uploads\\\/2022\\\/11\\\/MION-5.jpg\",\"articleSection\":[\"Blog\"],\"inLanguage\":\"ar\"},{\"@type\":\"WebPage\",\"@id\":\"https:\\\/\\\/pierrecardinyatak.com.tr\\\/yatak-odasinda-konforun-yeni-tanimi\\\/\",\"url\":\"https:\\\/\\\/pierrecardinyatak.com.tr\\\/yatak-odasinda-konforun-yeni-tanimi\\\/\",\"name\":\"Yatak Odas\u0131nda Konforun Yeni Tan\u0131m\u0131 - Pierre Cardin Yatak\",\"isPartOf\":{\"@id\":\"https:\\\/\\\/pierrecardinyatak.com.tr\\\/#website\"},\"primaryImageOfPage\":{\"@id\":\"https:\\\/\\\/pierrecardinyatak.com.tr\\\/yatak-odasinda-konforun-yeni-tanimi\\\/#primaryimage\"},\"image\":{\"@id\":\"https:\\\/\\\/pierrecardinyatak.com.tr\\\/yatak-odasinda-konforun-yeni-tanimi\\\/#primaryimage\"},\"thumbnailUrl\":\"https:\\\/\\\/pierrecardinyatak.com.tr\\\/wp-content\\\/uploads\\\/2022\\\/11\\\/MION-5.jpg\",\"datePublished\":\"2025-12-07T11:48:23+00:00\",\"dateModified\":\"2026-02-12T08:18:46+00:00\",\"author\":{\"@id\":\"https:\\\/\\\/pierrecardinyatak.com.tr\\\/#\\\/schema\\\/person\\\/1c182155c79ef557a479bd374b58f902\"},\"breadcrumb\":{\"@id\":\"https:\\\/\\\/pierrecardinyatak.com.tr\\\/yatak-odasinda-konforun-yeni-tanimi\\\/#breadcrumb\"},\"inLanguage\":\"ar\",\"potentialAction\":[{\"@type\":\"ReadAction\",\"target\":[\"https:\\\/\\\/pierrecardinyatak.com.tr\\\/yatak-odasinda-konforun-yeni-tanimi\\\/\"]}]},{\"@type\":\"ImageObject\",\"inLanguage\":\"ar\",\"@id\":\"https:\\\/\\\/pierrecardinyatak.com.tr\\\/yatak-odasinda-konforun-yeni-tanimi\\\/#primaryimage\",\"url\":\"https:\\\/\\\/pierrecardinyatak.com.tr\\\/wp-content\\\/uploads\\\/2022\\\/11\\\/MION-5.jpg\",\"contentUrl\":\"https:\\\/\\\/pierrecardinyatak.com.tr\\\/wp-content\\\/uploads\\\/2022\\\/11\\\/MION-5.jpg\",\"width\":1948,\"height\":1095},{\"@type\":\"BreadcrumbList\",\"@id\":\"https:\\\/\\\/pierrecardinyatak.com.tr\\\/yatak-odasinda-konforun-yeni-tanimi\\\/#breadcrumb\",\"itemListElement\":[{\"@type\":\"ListItem\",\"position\":1,\"name\":\"Anasayfa\",\"item\":\"https:\\\/\\\/pierrecardinyatak.com.tr\\\/\"},{\"@type\":\"ListItem\",\"position\":2,\"name\":\"Yatak Odas\u0131nda Konforun Yeni Tan\u0131m\u0131\"}]},{\"@type\":\"WebSite\",\"@id\":\"https:\\\/\\\/pierrecardinyatak.com.tr\\\/#website\",\"url\":\"https:\\\/\\\/pierrecardinyatak.com.tr\\\/\",\"name\":\"Pierre Cardin Yatak\",\"description\":\"-\",\"potentialAction\":[{\"@type\":\"SearchAction\",\"target\":{\"@type\":\"EntryPoint\",\"urlTemplate\":\"https:\\\/\\\/pierrecardinyatak.com.tr\\\/?s={search_term_string}\"},\"query-input\":{\"@type\":\"PropertyValueSpecification\",\"valueRequired\":true,\"valueName\":\"search_term_string\"}}],\"inLanguage\":\"ar\"},{\"@type\":\"Person\",\"@id\":\"https:\\\/\\\/pierrecardinyatak.com.tr\\\/#\\\/schema\\\/person\\\/1c182155c79ef557a479bd374b58f902\",\"name\":\"admin\",\"image\":{\"@type\":\"ImageObject\",\"inLanguage\":\"ar\",\"@id\":\"https:\\\/\\\/secure.gravatar.com\\\/avatar\\\/3a0c75d6a4a7b2213bf32cead72e590c8f6aa56e5c7c70ea801e74aa7a9372bc?s=96&d=mm&r=g\",\"url\":\"https:\\\/\\\/secure.gravatar.com\\\/avatar\\\/3a0c75d6a4a7b2213bf32cead72e590c8f6aa56e5c7c70ea801e74aa7a9372bc?s=96&d=mm&r=g\",\"contentUrl\":\"https:\\\/\\\/secure.gravatar.com\\\/avatar\\\/3a0c75d6a4a7b2213bf32cead72e590c8f6aa56e5c7c70ea801e74aa7a9372bc?s=96&d=mm&r=g\",\"caption\":\"admin\"},\"sameAs\":[\"https:\\\/\\\/pierrecardinbedding.com.tr\"],\"url\":\"https:\\\/\\\/pierrecardinyatak.com.tr\\\/ar\\\/author\\\/admin\\\/\"}]}<\/script>\n<!-- \/ Yoast SEO plugin. -->","yoast_head_json":{"title":"Yatak Odas\u0131nda Konforun Yeni Tan\u0131m\u0131 - Pierre Cardin Yatak","robots":{"index":"index","follow":"follow","max-snippet":"max-snippet:-1","max-image-preview":"max-image-preview:large","max-video-preview":"max-video-preview:-1"},"canonical":"https:\/\/pierrecardinyatak.com.tr\/ar\/yatak-odasinda-konforun-yeni-tanimi\/","og_locale":"ar_AR","og_type":"article","og_title":"Yatak Odas\u0131nda Konforun Yeni Tan\u0131m\u0131 - Pierre Cardin Yatak","og_description":"G\u00fcn\u00fcm\u00fcz ya\u015fam\u0131nda yatak odas\u0131, sadece uyku alan\u0131 olman\u0131n \u00f6tesine ge\u00e7erek konforun, esteti\u011fin ve ki\u015fisel ya\u015fam kalitesinin kalbinde yer al\u0131yor. Bu","og_url":"https:\/\/pierrecardinyatak.com.tr\/ar\/yatak-odasinda-konforun-yeni-tanimi\/","og_site_name":"Pierre Cardin Yatak","article_publisher":"https:\/\/www.facebook.com\/pierrecardinyatak","article_published_time":"2025-12-07T11:48:23+00:00","article_modified_time":"2026-02-12T08:18:46+00:00","og_image":[{"width":1948,"height":1095,"url":"https:\/\/pierrecardinyatak.com.tr\/wp-content\/uploads\/2022\/11\/MION-5.jpg","type":"image\/jpeg"}],"author":"admin","twitter_card":"summary_large_image","twitter_creator":"@pcardinbedding","twitter_site":"@pcardinbedding","twitter_misc":{"\u0643\u064f\u062a\u0628 \u0628\u0648\u0627\u0633\u0637\u0629":"admin","\u0648\u0642\u062a \u0627\u0644\u0642\u0631\u0627\u0621\u0629 \u0627\u0644\u0645\u064f\u0642\u062f\u0651\u0631":"3 \u062f\u0642\u0627\u0626\u0642"},"schema":{"@context":"https:\/\/schema.org","@graph":[{"@type":"Article","@id":"https:\/\/pierrecardinyatak.com.tr\/yatak-odasinda-konforun-yeni-tanimi\/#article","isPartOf":{"@id":"https:\/\/pierrecardinyatak.com.tr\/yatak-odasinda-konforun-yeni-tanimi\/"},"author":{"name":"admin","@id":"https:\/\/pierrecardinyatak.com.tr\/#\/schema\/person\/1c182155c79ef557a479bd374b58f902"},"headline":"Yatak Odas\u0131nda Konforun Yeni Tan\u0131m\u0131","datePublished":"2025-12-07T11:48:23+00:00","dateModified":"2026-02-12T08:18:46+00:00","mainEntityOfPage":{"@id":"https:\/\/pierrecardinyatak.com.tr\/yatak-odasinda-konforun-yeni-tanimi\/"},"wordCount":539,"image":{"@id":"https:\/\/pierrecardinyatak.com.tr\/yatak-odasinda-konforun-yeni-tanimi\/#primaryimage"},"thumbnailUrl":"https:\/\/pierrecardinyatak.com.tr\/wp-content\/uploads\/2022\/11\/MION-5.jpg","articleSection":["Blog"],"inLanguage":"ar"},{"@type":"WebPage","@id":"https:\/\/pierrecardinyatak.com.tr\/yatak-odasinda-konforun-yeni-tanimi\/","url":"https:\/\/pierrecardinyatak.com.tr\/yatak-odasinda-konforun-yeni-tanimi\/","name":"Yatak Odas\u0131nda Konforun Yeni Tan\u0131m\u0131 - Pierre Cardin Yatak","isPartOf":{"@id":"https:\/\/pierrecardinyatak.com.tr\/#website"},"primaryImageOfPage":{"@id":"https:\/\/pierrecardinyatak.com.tr\/yatak-odasinda-konforun-yeni-tanimi\/#primaryimage"},"image":{"@id":"https:\/\/pierrecardinyatak.com.tr\/yatak-odasinda-konforun-yeni-tanimi\/#primaryimage"},"thumbnailUrl":"https:\/\/pierrecardinyatak.com.tr\/wp-content\/uploads\/2022\/11\/MION-5.jpg","datePublished":"2025-12-07T11:48:23+00:00","dateModified":"2026-02-12T08:18:46+00:00","author":{"@id":"https:\/\/pierrecardinyatak.com.tr\/#\/schema\/person\/1c182155c79ef557a479bd374b58f902"},"breadcrumb":{"@id":"https:\/\/pierrecardinyatak.com.tr\/yatak-odasinda-konforun-yeni-tanimi\/#breadcrumb"},"inLanguage":"ar","potentialAction":[{"@type":"ReadAction","target":["https:\/\/pierrecardinyatak.com.tr\/yatak-odasinda-konforun-yeni-tanimi\/"]}]},{"@type":"ImageObject","inLanguage":"ar","@id":"https:\/\/pierrecardinyatak.com.tr\/yatak-odasinda-konforun-yeni-tanimi\/#primaryimage","url":"https:\/\/pierrecardinyatak.com.tr\/wp-content\/uploads\/2022\/11\/MION-5.jpg","contentUrl":"https:\/\/pierrecardinyatak.com.tr\/wp-content\/uploads\/2022\/11\/MION-5.jpg","width":1948,"height":1095},{"@type":"BreadcrumbList","@id":"https:\/\/pierrecardinyatak.com.tr\/yatak-odasinda-konforun-yeni-tanimi\/#breadcrumb","itemListElement":[{"@type":"ListItem","position":1,"name":"Anasayfa","item":"https:\/\/pierrecardinyatak.com.tr\/"},{"@type":"ListItem","position":2,"name":"Yatak Odas\u0131nda Konforun Yeni Tan\u0131m\u0131"}]},{"@type":"WebSite","@id":"https:\/\/pierrecardinyatak.com.tr\/#website","url":"https:\/\/pierrecardinyatak.com.tr\/","name":"\u0633\u0631\u064a\u0631 \u0628\u064a\u064a\u0631 \u0643\u0627\u0631\u062f\u0627\u0646","description":"-","potentialAction":[{"@type":"SearchAction","target":{"@type":"EntryPoint","urlTemplate":"https:\/\/pierrecardinyatak.com.tr\/?s={search_term_string}"},"query-input":{"@type":"PropertyValueSpecification","valueRequired":true,"valueName":"search_term_string"}}],"inLanguage":"ar"},{"@type":"Person","@id":"https:\/\/pierrecardinyatak.com.tr\/#\/schema\/person\/1c182155c79ef557a479bd374b58f902","name":"\u0627\u0644\u0645\u0634\u0631\u0641","image":{"@type":"ImageObject","inLanguage":"ar","@id":"https:\/\/secure.gravatar.com\/avatar\/3a0c75d6a4a7b2213bf32cead72e590c8f6aa56e5c7c70ea801e74aa7a9372bc?s=96&d=mm&r=g","url":"https:\/\/secure.gravatar.com\/avatar\/3a0c75d6a4a7b2213bf32cead72e590c8f6aa56e5c7c70ea801e74aa7a9372bc?s=96&d=mm&r=g","contentUrl":"https:\/\/secure.gravatar.com\/avatar\/3a0c75d6a4a7b2213bf32cead72e590c8f6aa56e5c7c70ea801e74aa7a9372bc?s=96&d=mm&r=g","caption":"admin"},"sameAs":["https:\/\/pierrecardinbedding.com.tr"],"url":"https:\/\/pierrecardinyatak.com.tr\/ar\/author\/admin\/"}]}},"_links":{"self":[{"href":"https:\/\/pierrecardinyatak.com.tr\/ar\/wp-json\/wp\/v2\/posts\/13270","targetHints":{"allow":["GET"]}}],"collection":[{"href":"https:\/\/pierrecardinyatak.com.tr\/ar\/wp-json\/wp\/v2\/posts"}],"about":[{"href":"https:\/\/pierrecardinyatak.com.tr\/ar\/wp-json\/wp\/v2\/types\/post"}],"author":[{"embeddable":true,"href":"https:\/\/pierrecardinyatak.com.tr\/ar\/wp-json\/wp\/v2\/users\/1"}],"replies":[{"embeddable":true,"href":"https:\/\/pierrecardinyatak.com.tr\/ar\/wp-json\/wp\/v2\/comments?post=13270"}],"version-history":[{"count":0,"href":"https:\/\/pierrecardinyatak.com.tr\/ar\/wp-json\/wp\/v2\/posts\/13270\/revisions"}],"wp:featuredmedia":[{"embeddable":true,"href":"https:\/\/pierrecardinyatak.com.tr\/ar\/wp-json\/wp\/v2\/media\/9538"}],"wp:attachment":[{"href":"https:\/\/pierrecardinyatak.com.tr\/ar\/wp-json\/wp\/v2\/media?parent=13270"}],"wp:term":[{"taxonomy":"category","embeddable":true,"href":"https:\/\/pierrecardinyatak.com.tr\/ar\/wp-json\/wp\/v2\/categories?post=13270"},{"taxonomy":"post_tag","embeddable":true,"href":"https:\/\/pierrecardinyatak.com.tr\/ar\/wp-json\/wp\/v2\/tags?post=13270"}],"curies":[{"name":"wp","href":"https:\/\/api.w.org\/{rel}","templated":true}]}}