{"id":11401,"date":"2025-07-21T16:38:34","date_gmt":"2025-07-21T13:38:34","guid":{"rendered":"https:\/\/pierrecardinyatak.com.tr\/?p=11401"},"modified":"2025-08-23T21:06:18","modified_gmt":"2025-08-23T18:06:18","slug":"hem-konforlu-hem-saglikli-yatak-seciminde-yeni-trendler","status":"publish","type":"post","link":"https:\/\/pierrecardinyatak.com.tr\/ar\/hem-konforlu-hem-saglikli-yatak-seciminde-yeni-trendler\/","title":{"rendered":"Hem Konforlu Hem Sa\u011fl\u0131kl\u0131: Yatak Se\u00e7iminde Yeni Trendler"},"content":{"rendered":"<p>Uyku kalitesi, ya\u015fam kalitesinin en \u00f6nemli unsurlar\u0131ndan biridir. Do\u011fru yatak se\u00e7imi, hem fiziksel hem de zihinsel olarak yenilenmenin en etkili yollar\u0131ndan birini sunar. Son y\u0131llarda pop\u00fcler hale gelen ortopedik visco yatak modelleri, v\u00fccudun do\u011fal e\u011frisine m\u00fckemmel bir destek sa\u011flayarak kaslar\u0131 gev\u015fetir ve \u00f6zellikle bel ile s\u0131rt b\u00f6lgesinde rahatlama sa\u011flar. Haf\u0131za k\u00f6p\u00fc\u011f\u00fc yatak se\u00e7enekleri, ki\u015finin v\u00fccut yap\u0131s\u0131n\u0131 hat\u0131rlayarak ona \u00f6zel bir uyku deneyimi sunar. Uyku konforunu art\u0131ran yatak katmanlar\u0131, gece boyunca sabit bir pozisyonda rahat kalman\u0131z\u0131 kolayla\u015ft\u0131r\u0131r.<\/p>\n<p>Y\u00fcksek destekli yataklar\u0131 tercih edenler, uzun s\u00fcreli oturumlarda ve yan yat\u0131\u015f pozisyonlar\u0131nda konforlu bir y\u00fczey bulurlar. Mevsimlik yatak kuma\u015f\u0131, yaz\u0131n serin tutarken k\u0131\u015f\u0131n da s\u0131cak kalman\u0131z\u0131 sa\u011flayan dengeli bir yap\u0131 sunar. Alerjisi olanlar i\u00e7in \u00f6zel olarak tasarlanm\u0131\u015f hypoallergenic yatak yap\u0131lar\u0131, toz ve akar gibi alerjenlere kar\u015f\u0131 g\u00fcvenli bir uyku ortam\u0131 sa\u011flar. Hijyen odakl\u0131 kullan\u0131c\u0131lar i\u00e7in nano teknoloji ile \u00fcretilen yatak y\u00fczeyleri, mikrop ve k\u00f6t\u00fc koku olu\u015fumunu en aza indirir.<\/p>\n<p>V\u00fccut s\u0131cakl\u0131\u011f\u0131n\u0131 anl\u0131k olarak alg\u0131lay\u0131p dengeleyen ak\u0131ll\u0131 \u0131s\u0131 kontrol\u00fc yatak modelleri, \u00f6zellikle yaz aylar\u0131nda ve ge\u00e7i\u015f mevsimlerinde b\u00fcy\u00fck bir fark yarat\u0131r. Antibakteriyel y\u00fczeylere sahip yataklar, \u00e7ocuklu aileler veya hassas cilde sahip bireyler i\u00e7in m\u00fckemmel bir se\u00e7imdir. Bas\u0131n\u00e7 noktas\u0131 azalt\u0131c\u0131 yatak teknolojisi, kan dola\u015f\u0131m\u0131n\u0131 destekler ve sabah uyand\u0131\u011f\u0131n\u0131zda uyu\u015fma hissini ortadan kald\u0131r\u0131r. Hava kanall\u0131 yatak sistemleri ise geceleri terlemeden serin kalman\u0131za yard\u0131mc\u0131 olur.<\/p>\n<p>\u00c7ift y\u00fczeyli kullan\u0131labilir yatak modelleri, hem yaz hem de k\u0131\u015f i\u00e7in olduk\u00e7a i\u015flevsel ve uzun \u00f6m\u00fcrl\u00fcd\u00fcr. \u00c7ocuk geli\u015fim yataklar\u0131, b\u00fcy\u00fcme \u00e7a\u011f\u0131ndaki minikler i\u00e7in omurga sa\u011fl\u0131\u011f\u0131n\u0131 destekleyecek \u015fekilde \u00f6zel olarak tasarlanm\u0131\u015ft\u0131r. Ergonomik tasar\u0131ml\u0131 yatak se\u00e7enekleri, ba\u015f, s\u0131rt ve bacak b\u00f6lgelerine b\u00f6lgesel destek sunarak t\u00fcm v\u00fccuda dengeli bir uyku deneyimi sa\u011flar. Alan s\u0131k\u0131nt\u0131s\u0131 \u00e7ekenler i\u00e7in tasarlanan kompakt misafir yataklar\u0131, kullan\u0131\u015fl\u0131l\u0131k ve konforu bir araya getirir.<\/p>\n<p>Katman say\u0131s\u0131 ve malzeme yo\u011funlu\u011fu art\u0131r\u0131lm\u0131\u015f konfor katman\u0131na sahip yatak modelleri, otel konforunu arayanlar i\u00e7in m\u00fckemmel bir tercihtir. Do\u011fal lifli yatak se\u00e7enekleri, kimyasal i\u00e7ermeyen pamuk ve bambu gibi malzemelerle \u00e7evre dostu ve cilt dostu bir uyku deneyimi sunar. Sessiz yay sistemine sahip yataklar, gece boyunca hareketlerin di\u011fer ki\u015fiyi rahats\u0131z etmesini \u00f6nler. Y\u00fcksek yo\u011funluklu s\u00fcnger yatak yap\u0131lar\u0131 ise zamanla \u00e7\u00f6kme yapmadan uzun y\u0131llar boyunca ayn\u0131 konforu korur. T\u00fcm bu \u00f6zellikleriyle, uzun \u00f6m\u00fcrl\u00fc bir yatak arayanlar i\u00e7in ideal se\u00e7enekler sunulmaktad\u0131r.<\/p>","protected":false},"excerpt":{"rendered":"<p>Uyku kalitesi, ya\u015fam kalitesinin en \u00f6nemli unsurlar\u0131ndan biridir. Do\u011fru yatak se\u00e7imi, hem fiziksel hem de zihinsel olarak yenilenmenin en etkili<\/p>","protected":false},"author":1,"featured_media":9687,"comment_status":"closed","ping_status":"closed","sticky":false,"template":"","format":"standard","meta":{"footnotes":""},"categories":[369],"tags":[],"class_list":["post-11401","post","type-post","status-publish","format-standard","has-post-thumbnail","hentry","category-blog"],"yoast_head":"<!-- This site is optimized with the Yoast SEO plugin v27.4 - https:\/\/yoast.com\/product\/yoast-seo-wordpress\/ -->\n<title>Hem Konforlu Hem Sa\u011fl\u0131kl\u0131: Yatak Se\u00e7iminde Yeni Trendler - Pierre Cardin Yatak<\/title>\n<meta name=\"robots\" content=\"index, follow, max-snippet:-1, max-image-preview:large, max-video-preview:-1\" \/>\n<link rel=\"canonical\" href=\"https:\/\/pierrecardinyatak.com.tr\/ar\/hem-konforlu-hem-saglikli-yatak-seciminde-yeni-trendler\/\" \/>\n<meta property=\"og:locale\" content=\"ar_AR\" \/>\n<meta property=\"og:type\" content=\"article\" \/>\n<meta property=\"og:title\" content=\"Hem Konforlu Hem Sa\u011fl\u0131kl\u0131: Yatak Se\u00e7iminde Yeni Trendler - Pierre Cardin Yatak\" \/>\n<meta property=\"og:description\" content=\"Uyku kalitesi, ya\u015fam kalitesinin en \u00f6nemli unsurlar\u0131ndan biridir. Do\u011fru yatak se\u00e7imi, hem fiziksel hem de zihinsel olarak yenilenmenin en etkili\" \/>\n<meta property=\"og:url\" content=\"https:\/\/pierrecardinyatak.com.tr\/ar\/hem-konforlu-hem-saglikli-yatak-seciminde-yeni-trendler\/\" \/>\n<meta property=\"og:site_name\" content=\"Pierre Cardin Yatak\" \/>\n<meta property=\"article:publisher\" content=\"https:\/\/www.facebook.com\/pierrecardinyatak\" \/>\n<meta property=\"article:published_time\" content=\"2025-07-21T13:38:34+00:00\" \/>\n<meta property=\"article:modified_time\" content=\"2025-08-23T18:06:18+00:00\" \/>\n<meta property=\"og:image\" content=\"https:\/\/pierrecardinyatak.com.tr\/wp-content\/uploads\/2025\/05\/urun-latexia3.jpg\" \/>\n\t<meta property=\"og:image:width\" content=\"1210\" \/>\n\t<meta property=\"og:image:height\" content=\"1135\" \/>\n\t<meta property=\"og:image:type\" content=\"image\/jpeg\" \/>\n<meta name=\"author\" content=\"admin\" \/>\n<meta name=\"twitter:card\" content=\"summary_large_image\" \/>\n<meta name=\"twitter:creator\" content=\"@pcardinbedding\" \/>\n<meta name=\"twitter:site\" content=\"@pcardinbedding\" \/>\n<meta name=\"twitter:label1\" content=\"\u0643\u064f\u062a\u0628 \u0628\u0648\u0627\u0633\u0637\u0629\" \/>\n\t<meta name=\"twitter:data1\" content=\"admin\" \/>\n\t<meta name=\"twitter:label2\" content=\"\u0648\u0642\u062a \u0627\u0644\u0642\u0631\u0627\u0621\u0629 \u0627\u0644\u0645\u064f\u0642\u062f\u0651\u0631\" \/>\n\t<meta name=\"twitter:data2\" content=\"3 \u062f\u0642\u0627\u0626\u0642\" \/>\n<script type=\"application\/ld+json\" class=\"yoast-schema-graph\">{\"@context\":\"https:\\\/\\\/schema.org\",\"@graph\":[{\"@type\":\"Article\",\"@id\":\"https:\\\/\\\/pierrecardinyatak.com.tr\\\/hem-konforlu-hem-saglikli-yatak-seciminde-yeni-trendler\\\/#article\",\"isPartOf\":{\"@id\":\"https:\\\/\\\/pierrecardinyatak.com.tr\\\/hem-konforlu-hem-saglikli-yatak-seciminde-yeni-trendler\\\/\"},\"author\":{\"name\":\"admin\",\"@id\":\"https:\\\/\\\/pierrecardinyatak.com.tr\\\/#\\\/schema\\\/person\\\/1c182155c79ef557a479bd374b58f902\"},\"headline\":\"Hem Konforlu Hem Sa\u011fl\u0131kl\u0131: Yatak Se\u00e7iminde Yeni Trendler\",\"datePublished\":\"2025-07-21T13:38:34+00:00\",\"dateModified\":\"2025-08-23T18:06:18+00:00\",\"mainEntityOfPage\":{\"@id\":\"https:\\\/\\\/pierrecardinyatak.com.tr\\\/hem-konforlu-hem-saglikli-yatak-seciminde-yeni-trendler\\\/\"},\"wordCount\":490,\"image\":{\"@id\":\"https:\\\/\\\/pierrecardinyatak.com.tr\\\/hem-konforlu-hem-saglikli-yatak-seciminde-yeni-trendler\\\/#primaryimage\"},\"thumbnailUrl\":\"https:\\\/\\\/pierrecardinyatak.com.tr\\\/wp-content\\\/uploads\\\/2025\\\/05\\\/urun-latexia3.jpg\",\"articleSection\":[\"Blog\"],\"inLanguage\":\"ar\"},{\"@type\":\"WebPage\",\"@id\":\"https:\\\/\\\/pierrecardinyatak.com.tr\\\/hem-konforlu-hem-saglikli-yatak-seciminde-yeni-trendler\\\/\",\"url\":\"https:\\\/\\\/pierrecardinyatak.com.tr\\\/hem-konforlu-hem-saglikli-yatak-seciminde-yeni-trendler\\\/\",\"name\":\"Hem Konforlu Hem Sa\u011fl\u0131kl\u0131: Yatak Se\u00e7iminde Yeni Trendler - Pierre Cardin Yatak\",\"isPartOf\":{\"@id\":\"https:\\\/\\\/pierrecardinyatak.com.tr\\\/#website\"},\"primaryImageOfPage\":{\"@id\":\"https:\\\/\\\/pierrecardinyatak.com.tr\\\/hem-konforlu-hem-saglikli-yatak-seciminde-yeni-trendler\\\/#primaryimage\"},\"image\":{\"@id\":\"https:\\\/\\\/pierrecardinyatak.com.tr\\\/hem-konforlu-hem-saglikli-yatak-seciminde-yeni-trendler\\\/#primaryimage\"},\"thumbnailUrl\":\"https:\\\/\\\/pierrecardinyatak.com.tr\\\/wp-content\\\/uploads\\\/2025\\\/05\\\/urun-latexia3.jpg\",\"datePublished\":\"2025-07-21T13:38:34+00:00\",\"dateModified\":\"2025-08-23T18:06:18+00:00\",\"author\":{\"@id\":\"https:\\\/\\\/pierrecardinyatak.com.tr\\\/#\\\/schema\\\/person\\\/1c182155c79ef557a479bd374b58f902\"},\"breadcrumb\":{\"@id\":\"https:\\\/\\\/pierrecardinyatak.com.tr\\\/hem-konforlu-hem-saglikli-yatak-seciminde-yeni-trendler\\\/#breadcrumb\"},\"inLanguage\":\"ar\",\"potentialAction\":[{\"@type\":\"ReadAction\",\"target\":[\"https:\\\/\\\/pierrecardinyatak.com.tr\\\/hem-konforlu-hem-saglikli-yatak-seciminde-yeni-trendler\\\/\"]}]},{\"@type\":\"ImageObject\",\"inLanguage\":\"ar\",\"@id\":\"https:\\\/\\\/pierrecardinyatak.com.tr\\\/hem-konforlu-hem-saglikli-yatak-seciminde-yeni-trendler\\\/#primaryimage\",\"url\":\"https:\\\/\\\/pierrecardinyatak.com.tr\\\/wp-content\\\/uploads\\\/2025\\\/05\\\/urun-latexia3.jpg\",\"contentUrl\":\"https:\\\/\\\/pierrecardinyatak.com.tr\\\/wp-content\\\/uploads\\\/2025\\\/05\\\/urun-latexia3.jpg\",\"width\":1210,\"height\":1135},{\"@type\":\"BreadcrumbList\",\"@id\":\"https:\\\/\\\/pierrecardinyatak.com.tr\\\/hem-konforlu-hem-saglikli-yatak-seciminde-yeni-trendler\\\/#breadcrumb\",\"itemListElement\":[{\"@type\":\"ListItem\",\"position\":1,\"name\":\"Anasayfa\",\"item\":\"https:\\\/\\\/pierrecardinyatak.com.tr\\\/\"},{\"@type\":\"ListItem\",\"position\":2,\"name\":\"Hem Konforlu Hem Sa\u011fl\u0131kl\u0131: Yatak Se\u00e7iminde Yeni Trendler\"}]},{\"@type\":\"WebSite\",\"@id\":\"https:\\\/\\\/pierrecardinyatak.com.tr\\\/#website\",\"url\":\"https:\\\/\\\/pierrecardinyatak.com.tr\\\/\",\"name\":\"Pierre Cardin Yatak\",\"description\":\"-\",\"potentialAction\":[{\"@type\":\"SearchAction\",\"target\":{\"@type\":\"EntryPoint\",\"urlTemplate\":\"https:\\\/\\\/pierrecardinyatak.com.tr\\\/?s={search_term_string}\"},\"query-input\":{\"@type\":\"PropertyValueSpecification\",\"valueRequired\":true,\"valueName\":\"search_term_string\"}}],\"inLanguage\":\"ar\"},{\"@type\":\"Person\",\"@id\":\"https:\\\/\\\/pierrecardinyatak.com.tr\\\/#\\\/schema\\\/person\\\/1c182155c79ef557a479bd374b58f902\",\"name\":\"admin\",\"image\":{\"@type\":\"ImageObject\",\"inLanguage\":\"ar\",\"@id\":\"https:\\\/\\\/secure.gravatar.com\\\/avatar\\\/3a0c75d6a4a7b2213bf32cead72e590c8f6aa56e5c7c70ea801e74aa7a9372bc?s=96&d=mm&r=g\",\"url\":\"https:\\\/\\\/secure.gravatar.com\\\/avatar\\\/3a0c75d6a4a7b2213bf32cead72e590c8f6aa56e5c7c70ea801e74aa7a9372bc?s=96&d=mm&r=g\",\"contentUrl\":\"https:\\\/\\\/secure.gravatar.com\\\/avatar\\\/3a0c75d6a4a7b2213bf32cead72e590c8f6aa56e5c7c70ea801e74aa7a9372bc?s=96&d=mm&r=g\",\"caption\":\"admin\"},\"sameAs\":[\"https:\\\/\\\/pierrecardinbedding.com.tr\"],\"url\":\"https:\\\/\\\/pierrecardinyatak.com.tr\\\/ar\\\/author\\\/admin\\\/\"}]}<\/script>\n<!-- \/ Yoast SEO plugin. -->","yoast_head_json":{"title":"Hem Konforlu Hem Sa\u011fl\u0131kl\u0131: Yatak Se\u00e7iminde Yeni Trendler - Pierre Cardin Yatak","robots":{"index":"index","follow":"follow","max-snippet":"max-snippet:-1","max-image-preview":"max-image-preview:large","max-video-preview":"max-video-preview:-1"},"canonical":"https:\/\/pierrecardinyatak.com.tr\/ar\/hem-konforlu-hem-saglikli-yatak-seciminde-yeni-trendler\/","og_locale":"ar_AR","og_type":"article","og_title":"Hem Konforlu Hem Sa\u011fl\u0131kl\u0131: Yatak Se\u00e7iminde Yeni Trendler - Pierre Cardin Yatak","og_description":"Uyku kalitesi, ya\u015fam kalitesinin en \u00f6nemli unsurlar\u0131ndan biridir. Do\u011fru yatak se\u00e7imi, hem fiziksel hem de zihinsel olarak yenilenmenin en etkili","og_url":"https:\/\/pierrecardinyatak.com.tr\/ar\/hem-konforlu-hem-saglikli-yatak-seciminde-yeni-trendler\/","og_site_name":"Pierre Cardin Yatak","article_publisher":"https:\/\/www.facebook.com\/pierrecardinyatak","article_published_time":"2025-07-21T13:38:34+00:00","article_modified_time":"2025-08-23T18:06:18+00:00","og_image":[{"width":1210,"height":1135,"url":"https:\/\/pierrecardinyatak.com.tr\/wp-content\/uploads\/2025\/05\/urun-latexia3.jpg","type":"image\/jpeg"}],"author":"admin","twitter_card":"summary_large_image","twitter_creator":"@pcardinbedding","twitter_site":"@pcardinbedding","twitter_misc":{"\u0643\u064f\u062a\u0628 \u0628\u0648\u0627\u0633\u0637\u0629":"admin","\u0648\u0642\u062a \u0627\u0644\u0642\u0631\u0627\u0621\u0629 \u0627\u0644\u0645\u064f\u0642\u062f\u0651\u0631":"3 \u062f\u0642\u0627\u0626\u0642"},"schema":{"@context":"https:\/\/schema.org","@graph":[{"@type":"Article","@id":"https:\/\/pierrecardinyatak.com.tr\/hem-konforlu-hem-saglikli-yatak-seciminde-yeni-trendler\/#article","isPartOf":{"@id":"https:\/\/pierrecardinyatak.com.tr\/hem-konforlu-hem-saglikli-yatak-seciminde-yeni-trendler\/"},"author":{"name":"admin","@id":"https:\/\/pierrecardinyatak.com.tr\/#\/schema\/person\/1c182155c79ef557a479bd374b58f902"},"headline":"Hem Konforlu Hem Sa\u011fl\u0131kl\u0131: Yatak Se\u00e7iminde Yeni Trendler","datePublished":"2025-07-21T13:38:34+00:00","dateModified":"2025-08-23T18:06:18+00:00","mainEntityOfPage":{"@id":"https:\/\/pierrecardinyatak.com.tr\/hem-konforlu-hem-saglikli-yatak-seciminde-yeni-trendler\/"},"wordCount":490,"image":{"@id":"https:\/\/pierrecardinyatak.com.tr\/hem-konforlu-hem-saglikli-yatak-seciminde-yeni-trendler\/#primaryimage"},"thumbnailUrl":"https:\/\/pierrecardinyatak.com.tr\/wp-content\/uploads\/2025\/05\/urun-latexia3.jpg","articleSection":["Blog"],"inLanguage":"ar"},{"@type":"WebPage","@id":"https:\/\/pierrecardinyatak.com.tr\/hem-konforlu-hem-saglikli-yatak-seciminde-yeni-trendler\/","url":"https:\/\/pierrecardinyatak.com.tr\/hem-konforlu-hem-saglikli-yatak-seciminde-yeni-trendler\/","name":"Hem Konforlu Hem Sa\u011fl\u0131kl\u0131: Yatak Se\u00e7iminde Yeni Trendler - Pierre Cardin Yatak","isPartOf":{"@id":"https:\/\/pierrecardinyatak.com.tr\/#website"},"primaryImageOfPage":{"@id":"https:\/\/pierrecardinyatak.com.tr\/hem-konforlu-hem-saglikli-yatak-seciminde-yeni-trendler\/#primaryimage"},"image":{"@id":"https:\/\/pierrecardinyatak.com.tr\/hem-konforlu-hem-saglikli-yatak-seciminde-yeni-trendler\/#primaryimage"},"thumbnailUrl":"https:\/\/pierrecardinyatak.com.tr\/wp-content\/uploads\/2025\/05\/urun-latexia3.jpg","datePublished":"2025-07-21T13:38:34+00:00","dateModified":"2025-08-23T18:06:18+00:00","author":{"@id":"https:\/\/pierrecardinyatak.com.tr\/#\/schema\/person\/1c182155c79ef557a479bd374b58f902"},"breadcrumb":{"@id":"https:\/\/pierrecardinyatak.com.tr\/hem-konforlu-hem-saglikli-yatak-seciminde-yeni-trendler\/#breadcrumb"},"inLanguage":"ar","potentialAction":[{"@type":"ReadAction","target":["https:\/\/pierrecardinyatak.com.tr\/hem-konforlu-hem-saglikli-yatak-seciminde-yeni-trendler\/"]}]},{"@type":"ImageObject","inLanguage":"ar","@id":"https:\/\/pierrecardinyatak.com.tr\/hem-konforlu-hem-saglikli-yatak-seciminde-yeni-trendler\/#primaryimage","url":"https:\/\/pierrecardinyatak.com.tr\/wp-content\/uploads\/2025\/05\/urun-latexia3.jpg","contentUrl":"https:\/\/pierrecardinyatak.com.tr\/wp-content\/uploads\/2025\/05\/urun-latexia3.jpg","width":1210,"height":1135},{"@type":"BreadcrumbList","@id":"https:\/\/pierrecardinyatak.com.tr\/hem-konforlu-hem-saglikli-yatak-seciminde-yeni-trendler\/#breadcrumb","itemListElement":[{"@type":"ListItem","position":1,"name":"Anasayfa","item":"https:\/\/pierrecardinyatak.com.tr\/"},{"@type":"ListItem","position":2,"name":"Hem Konforlu Hem Sa\u011fl\u0131kl\u0131: Yatak Se\u00e7iminde Yeni Trendler"}]},{"@type":"WebSite","@id":"https:\/\/pierrecardinyatak.com.tr\/#website","url":"https:\/\/pierrecardinyatak.com.tr\/","name":"\u0633\u0631\u064a\u0631 \u0628\u064a\u064a\u0631 \u0643\u0627\u0631\u062f\u0627\u0646","description":"-","potentialAction":[{"@type":"SearchAction","target":{"@type":"EntryPoint","urlTemplate":"https:\/\/pierrecardinyatak.com.tr\/?s={search_term_string}"},"query-input":{"@type":"PropertyValueSpecification","valueRequired":true,"valueName":"search_term_string"}}],"inLanguage":"ar"},{"@type":"Person","@id":"https:\/\/pierrecardinyatak.com.tr\/#\/schema\/person\/1c182155c79ef557a479bd374b58f902","name":"\u0627\u0644\u0645\u0634\u0631\u0641","image":{"@type":"ImageObject","inLanguage":"ar","@id":"https:\/\/secure.gravatar.com\/avatar\/3a0c75d6a4a7b2213bf32cead72e590c8f6aa56e5c7c70ea801e74aa7a9372bc?s=96&d=mm&r=g","url":"https:\/\/secure.gravatar.com\/avatar\/3a0c75d6a4a7b2213bf32cead72e590c8f6aa56e5c7c70ea801e74aa7a9372bc?s=96&d=mm&r=g","contentUrl":"https:\/\/secure.gravatar.com\/avatar\/3a0c75d6a4a7b2213bf32cead72e590c8f6aa56e5c7c70ea801e74aa7a9372bc?s=96&d=mm&r=g","caption":"admin"},"sameAs":["https:\/\/pierrecardinbedding.com.tr"],"url":"https:\/\/pierrecardinyatak.com.tr\/ar\/author\/admin\/"}]}},"_links":{"self":[{"href":"https:\/\/pierrecardinyatak.com.tr\/ar\/wp-json\/wp\/v2\/posts\/11401","targetHints":{"allow":["GET"]}}],"collection":[{"href":"https:\/\/pierrecardinyatak.com.tr\/ar\/wp-json\/wp\/v2\/posts"}],"about":[{"href":"https:\/\/pierrecardinyatak.com.tr\/ar\/wp-json\/wp\/v2\/types\/post"}],"author":[{"embeddable":true,"href":"https:\/\/pierrecardinyatak.com.tr\/ar\/wp-json\/wp\/v2\/users\/1"}],"replies":[{"embeddable":true,"href":"https:\/\/pierrecardinyatak.com.tr\/ar\/wp-json\/wp\/v2\/comments?post=11401"}],"version-history":[{"count":0,"href":"https:\/\/pierrecardinyatak.com.tr\/ar\/wp-json\/wp\/v2\/posts\/11401\/revisions"}],"wp:featuredmedia":[{"embeddable":true,"href":"https:\/\/pierrecardinyatak.com.tr\/ar\/wp-json\/wp\/v2\/media\/9687"}],"wp:attachment":[{"href":"https:\/\/pierrecardinyatak.com.tr\/ar\/wp-json\/wp\/v2\/media?parent=11401"}],"wp:term":[{"taxonomy":"category","embeddable":true,"href":"https:\/\/pierrecardinyatak.com.tr\/ar\/wp-json\/wp\/v2\/categories?post=11401"},{"taxonomy":"post_tag","embeddable":true,"href":"https:\/\/pierrecardinyatak.com.tr\/ar\/wp-json\/wp\/v2\/tags?post=11401"}],"curies":[{"name":"wp","href":"https:\/\/api.w.org\/{rel}","templated":true}]}}