{"id":11392,"date":"2025-07-21T15:59:30","date_gmt":"2025-07-21T12:59:30","guid":{"rendered":"https:\/\/pierrecardinyatak.com.tr\/?p=11392"},"modified":"2025-08-20T17:26:03","modified_gmt":"2025-08-20T14:26:03","slug":"yeni-nesil-yasam-tarzina-uyumlu-yataklar-dogallik-konfor-ve-duyarlilik-bir-arada","status":"publish","type":"post","link":"https:\/\/pierrecardinyatak.com.tr\/ar\/yeni-nesil-yasam-tarzina-uyumlu-yataklar-dogallik-konfor-ve-duyarlilik-bir-arada\/","title":{"rendered":"Yeni Nesil Ya\u015fam Tarz\u0131na Uyumlu Yataklar: Do\u011fall\u0131k, Konfor ve Duyarl\u0131l\u0131k Bir Arada"},"content":{"rendered":"<p>Art\u0131k yatak se\u00e7imi sadece konforla s\u0131n\u0131rl\u0131 de\u011fil. Kullan\u0131c\u0131lar, do\u011faya sayg\u0131l\u0131, ki\u015fisel ihtiya\u00e7lara uygun, tarzlar\u0131na hitap eden ve i\u015flevsel \u00fcr\u00fcnleri tercih ediyor. E\u011fer sen de s\u0131radan yataklardan s\u0131k\u0131ld\u0131ysan, seni kendine \u00e7ekecek \u00f6zg\u00fcn \u00e7\u00f6z\u00fcmlerle tan\u0131\u015fmaya davet ediyoruz.<\/p>\n<p>Vegana Uygun Yatak Malzemesi: Vicdan Rahat, Uyku Huzurlu<\/p>\n<p>Hayvansal i\u00e7erik i\u00e7ermeyen, etik \u00fcretim s\u00fcre\u00e7lerinden ge\u00e7mi\u015f \u00fcr\u00fcnler ar\u0131yorsan, vegana uygun yatak malzemesi tam senin i\u00e7in. Lateks, pamuk, bambu ve hindistan cevizi lifi gibi bitkisel kaynakl\u0131 malzemelerle \u00fcretilen bu yataklar, hem sa\u011fl\u0131\u011f\u0131n\u0131 hem de vicdan\u0131n\u0131 rahatlat\u0131r.<\/p>\n<p>\u00c7evre Dostu Yatak: Gezegen \u0130\u00e7in Daha \u0130yi Bir Uyku<\/p>\n<p>Karbon ayak izini azaltmak isteyenler i\u00e7in \u00e7evre dostu yatak modelleri harika bir tercih. Geri d\u00f6n\u00fc\u015ft\u00fcr\u00fclebilir ambalajlar, do\u011fa dostu lateks, FSC sertifikal\u0131 ah\u015fap par\u00e7alar ve organik kuma\u015flarla \u00fcretilen bu yataklar, s\u00fcrd\u00fcr\u00fclebilir ya\u015fam\u0131n sessiz kahramanlar\u0131d\u0131r.<\/p>\n<p>Do\u011fal \u0130\u00e7erikli Uyku Pedi: Kimyasals\u0131z ve G\u00fcvenli Destek<\/p>\n<p>Uyku s\u0131ras\u0131nda cildinin nefes almas\u0131n\u0131 ve rahatlamas\u0131n\u0131 isteyenler i\u00e7in do\u011fal i\u00e7erikli uyku pedi m\u00fckemmel bir tamamlay\u0131c\u0131d\u0131r. Aloe vera, lavanta \u00f6z\u00fc veya bambu elyaf\u0131 i\u00e7eren pedler, hem hijyenik hem de sakinle\u015ftirici bir etki sunar. Kimyasal i\u00e7ermeyen yap\u0131lar\u0131 sayesinde hassas ciltler i\u00e7in de uygundur.<\/p>\n<p>Meditasyon Destekli Yatak: Zihinsel Rahatlama \u0130\u00e7in Tasarland\u0131<\/p>\n<p>G\u00fcn\u00fcn stresini yata\u011fa ta\u015f\u0131mak istemeyenler i\u00e7in meditasyon destekli yatak modelleri tam bir kurtar\u0131c\u0131. Hafif titre\u015fim, ses yal\u0131t\u0131m\u0131, \u00f6zel koku kaps\u00fclleri ve uyku \u00f6ncesi nefes ritmi uyumu sa\u011flayan teknolojilerle uykuya dalmay\u0131 kolayla\u015ft\u0131r\u0131yor, zihni sakinle\u015ftiriyor. \u00d6zellikle yoga, mindfulness veya nefes \u00e7al\u0131\u015fmalar\u0131 yapanlar i\u00e7in m\u00fckemmel bir se\u00e7enek.<\/p>\n<p>Home Office \u0130\u00e7in Dinlenme Yata\u011f\u0131: G\u00fcn Boyu Performans, Ak\u015famlar\u0131 Rahatl\u0131k<\/p>\n<p>Evden \u00e7al\u0131\u015fanlar art\u0131k ofis sandalyesi yerine home office i\u00e7in dinlenme yata\u011f\u0131n\u0131 tercih ediyor. G\u00fcnd\u00fcz k\u0131sa molalarda uzanmak, ak\u015fam \u00e7al\u0131\u015f\u0131rken destek almak ya da \u00f6\u011fle \u015fekerlemesi yapmak i\u00e7in ideal olan bu modeller, hem kompakt hem de ergonomik. Hem dinlenip hem de odaklanmak i\u00e7in tek bir yatakta \u00e7ift fonksiyon!<\/p>\n<p>\u00d6\u011frenci Odalar\u0131 \u0130\u00e7in Kompakt Yatak: Alan Kazand\u0131ran Konfor<\/p>\n<p>K\u00fc\u00e7\u00fck alanlarda b\u00fcy\u00fck i\u015fler ba\u015faran bir \u00e7\u00f6z\u00fcm: \u00f6\u011frenci odalar\u0131 i\u00e7in kompakt yatak. Katlanabilir, saklama alan\u0131 bulunan veya \u00e7ok ama\u00e7l\u0131 kullan\u0131labilen bu yataklar, hem yer tasarrufu sa\u011fl\u0131yor hem de konfor sunuyor. Uygun fiyatl\u0131, dayan\u0131kl\u0131 ve yerle dost!<\/p>","protected":false},"excerpt":{"rendered":"<p>Art\u0131k yatak se\u00e7imi sadece konforla s\u0131n\u0131rl\u0131 de\u011fil. Kullan\u0131c\u0131lar, do\u011faya sayg\u0131l\u0131, ki\u015fisel ihtiya\u00e7lara uygun, tarzlar\u0131na hitap eden ve i\u015flevsel \u00fcr\u00fcnleri tercih<\/p>","protected":false},"author":1,"featured_media":9818,"comment_status":"closed","ping_status":"closed","sticky":false,"template":"","format":"standard","meta":{"footnotes":""},"categories":[369],"tags":[],"class_list":["post-11392","post","type-post","status-publish","format-standard","has-post-thumbnail","hentry","category-blog"],"yoast_head":"<!-- This site is optimized with the Yoast SEO plugin v27.4 - https:\/\/yoast.com\/product\/yoast-seo-wordpress\/ -->\n<title>Yeni Nesil Ya\u015fam Tarz\u0131na Uyumlu Yataklar: Do\u011fall\u0131k, Konfor ve Duyarl\u0131l\u0131k Bir Arada - Pierre Cardin Yatak<\/title>\n<meta name=\"robots\" content=\"index, follow, max-snippet:-1, max-image-preview:large, max-video-preview:-1\" \/>\n<link rel=\"canonical\" href=\"https:\/\/pierrecardinyatak.com.tr\/ar\/yeni-nesil-yasam-tarzina-uyumlu-yataklar-dogallik-konfor-ve-duyarlilik-bir-arada\/\" \/>\n<meta property=\"og:locale\" content=\"ar_AR\" \/>\n<meta property=\"og:type\" content=\"article\" \/>\n<meta property=\"og:title\" content=\"Yeni Nesil Ya\u015fam Tarz\u0131na Uyumlu Yataklar: Do\u011fall\u0131k, Konfor ve Duyarl\u0131l\u0131k Bir Arada - Pierre Cardin Yatak\" \/>\n<meta property=\"og:description\" content=\"Art\u0131k yatak se\u00e7imi sadece konforla s\u0131n\u0131rl\u0131 de\u011fil. Kullan\u0131c\u0131lar, do\u011faya sayg\u0131l\u0131, ki\u015fisel ihtiya\u00e7lara uygun, tarzlar\u0131na hitap eden ve i\u015flevsel \u00fcr\u00fcnleri tercih\" \/>\n<meta property=\"og:url\" content=\"https:\/\/pierrecardinyatak.com.tr\/ar\/yeni-nesil-yasam-tarzina-uyumlu-yataklar-dogallik-konfor-ve-duyarlilik-bir-arada\/\" \/>\n<meta property=\"og:site_name\" content=\"Pierre Cardin Yatak\" \/>\n<meta property=\"article:publisher\" content=\"https:\/\/www.facebook.com\/pierrecardinyatak\" \/>\n<meta property=\"article:published_time\" content=\"2025-07-21T12:59:30+00:00\" \/>\n<meta property=\"article:modified_time\" content=\"2025-08-20T14:26:03+00:00\" \/>\n<meta property=\"og:image\" content=\"https:\/\/pierrecardinyatak.com.tr\/wp-content\/uploads\/2025\/05\/urun-maia5.jpg\" \/>\n\t<meta property=\"og:image:width\" content=\"1299\" \/>\n\t<meta property=\"og:image:height\" content=\"1299\" \/>\n\t<meta property=\"og:image:type\" content=\"image\/jpeg\" \/>\n<meta name=\"author\" content=\"admin\" \/>\n<meta name=\"twitter:card\" content=\"summary_large_image\" \/>\n<meta name=\"twitter:creator\" content=\"@pcardinbedding\" \/>\n<meta name=\"twitter:site\" content=\"@pcardinbedding\" \/>\n<meta name=\"twitter:label1\" content=\"\u0643\u064f\u062a\u0628 \u0628\u0648\u0627\u0633\u0637\u0629\" \/>\n\t<meta name=\"twitter:data1\" content=\"admin\" \/>\n\t<meta name=\"twitter:label2\" content=\"\u0648\u0642\u062a \u0627\u0644\u0642\u0631\u0627\u0621\u0629 \u0627\u0644\u0645\u064f\u0642\u062f\u0651\u0631\" \/>\n\t<meta name=\"twitter:data2\" content=\"3 \u062f\u0642\u0627\u0626\u0642\" \/>\n<script type=\"application\/ld+json\" class=\"yoast-schema-graph\">{\"@context\":\"https:\\\/\\\/schema.org\",\"@graph\":[{\"@type\":\"Article\",\"@id\":\"https:\\\/\\\/pierrecardinyatak.com.tr\\\/yeni-nesil-yasam-tarzina-uyumlu-yataklar-dogallik-konfor-ve-duyarlilik-bir-arada\\\/#article\",\"isPartOf\":{\"@id\":\"https:\\\/\\\/pierrecardinyatak.com.tr\\\/yeni-nesil-yasam-tarzina-uyumlu-yataklar-dogallik-konfor-ve-duyarlilik-bir-arada\\\/\"},\"author\":{\"name\":\"admin\",\"@id\":\"https:\\\/\\\/pierrecardinyatak.com.tr\\\/#\\\/schema\\\/person\\\/1c182155c79ef557a479bd374b58f902\"},\"headline\":\"Yeni Nesil Ya\u015fam Tarz\u0131na Uyumlu Yataklar: Do\u011fall\u0131k, Konfor ve Duyarl\u0131l\u0131k Bir Arada\",\"datePublished\":\"2025-07-21T12:59:30+00:00\",\"dateModified\":\"2025-08-20T14:26:03+00:00\",\"mainEntityOfPage\":{\"@id\":\"https:\\\/\\\/pierrecardinyatak.com.tr\\\/yeni-nesil-yasam-tarzina-uyumlu-yataklar-dogallik-konfor-ve-duyarlilik-bir-arada\\\/\"},\"wordCount\":456,\"image\":{\"@id\":\"https:\\\/\\\/pierrecardinyatak.com.tr\\\/yeni-nesil-yasam-tarzina-uyumlu-yataklar-dogallik-konfor-ve-duyarlilik-bir-arada\\\/#primaryimage\"},\"thumbnailUrl\":\"https:\\\/\\\/pierrecardinyatak.com.tr\\\/wp-content\\\/uploads\\\/2025\\\/05\\\/urun-maia5.jpg\",\"articleSection\":[\"Blog\"],\"inLanguage\":\"ar\"},{\"@type\":\"WebPage\",\"@id\":\"https:\\\/\\\/pierrecardinyatak.com.tr\\\/yeni-nesil-yasam-tarzina-uyumlu-yataklar-dogallik-konfor-ve-duyarlilik-bir-arada\\\/\",\"url\":\"https:\\\/\\\/pierrecardinyatak.com.tr\\\/yeni-nesil-yasam-tarzina-uyumlu-yataklar-dogallik-konfor-ve-duyarlilik-bir-arada\\\/\",\"name\":\"Yeni Nesil Ya\u015fam Tarz\u0131na Uyumlu Yataklar: Do\u011fall\u0131k, Konfor ve Duyarl\u0131l\u0131k Bir Arada - Pierre Cardin Yatak\",\"isPartOf\":{\"@id\":\"https:\\\/\\\/pierrecardinyatak.com.tr\\\/#website\"},\"primaryImageOfPage\":{\"@id\":\"https:\\\/\\\/pierrecardinyatak.com.tr\\\/yeni-nesil-yasam-tarzina-uyumlu-yataklar-dogallik-konfor-ve-duyarlilik-bir-arada\\\/#primaryimage\"},\"image\":{\"@id\":\"https:\\\/\\\/pierrecardinyatak.com.tr\\\/yeni-nesil-yasam-tarzina-uyumlu-yataklar-dogallik-konfor-ve-duyarlilik-bir-arada\\\/#primaryimage\"},\"thumbnailUrl\":\"https:\\\/\\\/pierrecardinyatak.com.tr\\\/wp-content\\\/uploads\\\/2025\\\/05\\\/urun-maia5.jpg\",\"datePublished\":\"2025-07-21T12:59:30+00:00\",\"dateModified\":\"2025-08-20T14:26:03+00:00\",\"author\":{\"@id\":\"https:\\\/\\\/pierrecardinyatak.com.tr\\\/#\\\/schema\\\/person\\\/1c182155c79ef557a479bd374b58f902\"},\"breadcrumb\":{\"@id\":\"https:\\\/\\\/pierrecardinyatak.com.tr\\\/yeni-nesil-yasam-tarzina-uyumlu-yataklar-dogallik-konfor-ve-duyarlilik-bir-arada\\\/#breadcrumb\"},\"inLanguage\":\"ar\",\"potentialAction\":[{\"@type\":\"ReadAction\",\"target\":[\"https:\\\/\\\/pierrecardinyatak.com.tr\\\/yeni-nesil-yasam-tarzina-uyumlu-yataklar-dogallik-konfor-ve-duyarlilik-bir-arada\\\/\"]}]},{\"@type\":\"ImageObject\",\"inLanguage\":\"ar\",\"@id\":\"https:\\\/\\\/pierrecardinyatak.com.tr\\\/yeni-nesil-yasam-tarzina-uyumlu-yataklar-dogallik-konfor-ve-duyarlilik-bir-arada\\\/#primaryimage\",\"url\":\"https:\\\/\\\/pierrecardinyatak.com.tr\\\/wp-content\\\/uploads\\\/2025\\\/05\\\/urun-maia5.jpg\",\"contentUrl\":\"https:\\\/\\\/pierrecardinyatak.com.tr\\\/wp-content\\\/uploads\\\/2025\\\/05\\\/urun-maia5.jpg\",\"width\":1299,\"height\":1299},{\"@type\":\"BreadcrumbList\",\"@id\":\"https:\\\/\\\/pierrecardinyatak.com.tr\\\/yeni-nesil-yasam-tarzina-uyumlu-yataklar-dogallik-konfor-ve-duyarlilik-bir-arada\\\/#breadcrumb\",\"itemListElement\":[{\"@type\":\"ListItem\",\"position\":1,\"name\":\"Anasayfa\",\"item\":\"https:\\\/\\\/pierrecardinyatak.com.tr\\\/\"},{\"@type\":\"ListItem\",\"position\":2,\"name\":\"Yeni Nesil Ya\u015fam Tarz\u0131na Uyumlu Yataklar: Do\u011fall\u0131k, Konfor ve Duyarl\u0131l\u0131k Bir Arada\"}]},{\"@type\":\"WebSite\",\"@id\":\"https:\\\/\\\/pierrecardinyatak.com.tr\\\/#website\",\"url\":\"https:\\\/\\\/pierrecardinyatak.com.tr\\\/\",\"name\":\"Pierre Cardin Yatak\",\"description\":\"-\",\"potentialAction\":[{\"@type\":\"SearchAction\",\"target\":{\"@type\":\"EntryPoint\",\"urlTemplate\":\"https:\\\/\\\/pierrecardinyatak.com.tr\\\/?s={search_term_string}\"},\"query-input\":{\"@type\":\"PropertyValueSpecification\",\"valueRequired\":true,\"valueName\":\"search_term_string\"}}],\"inLanguage\":\"ar\"},{\"@type\":\"Person\",\"@id\":\"https:\\\/\\\/pierrecardinyatak.com.tr\\\/#\\\/schema\\\/person\\\/1c182155c79ef557a479bd374b58f902\",\"name\":\"admin\",\"image\":{\"@type\":\"ImageObject\",\"inLanguage\":\"ar\",\"@id\":\"https:\\\/\\\/secure.gravatar.com\\\/avatar\\\/3a0c75d6a4a7b2213bf32cead72e590c8f6aa56e5c7c70ea801e74aa7a9372bc?s=96&d=mm&r=g\",\"url\":\"https:\\\/\\\/secure.gravatar.com\\\/avatar\\\/3a0c75d6a4a7b2213bf32cead72e590c8f6aa56e5c7c70ea801e74aa7a9372bc?s=96&d=mm&r=g\",\"contentUrl\":\"https:\\\/\\\/secure.gravatar.com\\\/avatar\\\/3a0c75d6a4a7b2213bf32cead72e590c8f6aa56e5c7c70ea801e74aa7a9372bc?s=96&d=mm&r=g\",\"caption\":\"admin\"},\"sameAs\":[\"https:\\\/\\\/pierrecardinbedding.com.tr\"],\"url\":\"https:\\\/\\\/pierrecardinyatak.com.tr\\\/ar\\\/author\\\/admin\\\/\"}]}<\/script>\n<!-- \/ Yoast SEO plugin. -->","yoast_head_json":{"title":"Yeni Nesil Ya\u015fam Tarz\u0131na Uyumlu Yataklar: Do\u011fall\u0131k, Konfor ve Duyarl\u0131l\u0131k Bir Arada - Pierre Cardin Yatak","robots":{"index":"index","follow":"follow","max-snippet":"max-snippet:-1","max-image-preview":"max-image-preview:large","max-video-preview":"max-video-preview:-1"},"canonical":"https:\/\/pierrecardinyatak.com.tr\/ar\/yeni-nesil-yasam-tarzina-uyumlu-yataklar-dogallik-konfor-ve-duyarlilik-bir-arada\/","og_locale":"ar_AR","og_type":"article","og_title":"Yeni Nesil Ya\u015fam Tarz\u0131na Uyumlu Yataklar: Do\u011fall\u0131k, Konfor ve Duyarl\u0131l\u0131k Bir Arada - Pierre Cardin Yatak","og_description":"Art\u0131k yatak se\u00e7imi sadece konforla s\u0131n\u0131rl\u0131 de\u011fil. Kullan\u0131c\u0131lar, do\u011faya sayg\u0131l\u0131, ki\u015fisel ihtiya\u00e7lara uygun, tarzlar\u0131na hitap eden ve i\u015flevsel \u00fcr\u00fcnleri tercih","og_url":"https:\/\/pierrecardinyatak.com.tr\/ar\/yeni-nesil-yasam-tarzina-uyumlu-yataklar-dogallik-konfor-ve-duyarlilik-bir-arada\/","og_site_name":"Pierre Cardin Yatak","article_publisher":"https:\/\/www.facebook.com\/pierrecardinyatak","article_published_time":"2025-07-21T12:59:30+00:00","article_modified_time":"2025-08-20T14:26:03+00:00","og_image":[{"width":1299,"height":1299,"url":"https:\/\/pierrecardinyatak.com.tr\/wp-content\/uploads\/2025\/05\/urun-maia5.jpg","type":"image\/jpeg"}],"author":"admin","twitter_card":"summary_large_image","twitter_creator":"@pcardinbedding","twitter_site":"@pcardinbedding","twitter_misc":{"\u0643\u064f\u062a\u0628 \u0628\u0648\u0627\u0633\u0637\u0629":"admin","\u0648\u0642\u062a \u0627\u0644\u0642\u0631\u0627\u0621\u0629 \u0627\u0644\u0645\u064f\u0642\u062f\u0651\u0631":"3 \u062f\u0642\u0627\u0626\u0642"},"schema":{"@context":"https:\/\/schema.org","@graph":[{"@type":"Article","@id":"https:\/\/pierrecardinyatak.com.tr\/yeni-nesil-yasam-tarzina-uyumlu-yataklar-dogallik-konfor-ve-duyarlilik-bir-arada\/#article","isPartOf":{"@id":"https:\/\/pierrecardinyatak.com.tr\/yeni-nesil-yasam-tarzina-uyumlu-yataklar-dogallik-konfor-ve-duyarlilik-bir-arada\/"},"author":{"name":"admin","@id":"https:\/\/pierrecardinyatak.com.tr\/#\/schema\/person\/1c182155c79ef557a479bd374b58f902"},"headline":"Yeni Nesil Ya\u015fam Tarz\u0131na Uyumlu Yataklar: Do\u011fall\u0131k, Konfor ve Duyarl\u0131l\u0131k Bir Arada","datePublished":"2025-07-21T12:59:30+00:00","dateModified":"2025-08-20T14:26:03+00:00","mainEntityOfPage":{"@id":"https:\/\/pierrecardinyatak.com.tr\/yeni-nesil-yasam-tarzina-uyumlu-yataklar-dogallik-konfor-ve-duyarlilik-bir-arada\/"},"wordCount":456,"image":{"@id":"https:\/\/pierrecardinyatak.com.tr\/yeni-nesil-yasam-tarzina-uyumlu-yataklar-dogallik-konfor-ve-duyarlilik-bir-arada\/#primaryimage"},"thumbnailUrl":"https:\/\/pierrecardinyatak.com.tr\/wp-content\/uploads\/2025\/05\/urun-maia5.jpg","articleSection":["Blog"],"inLanguage":"ar"},{"@type":"WebPage","@id":"https:\/\/pierrecardinyatak.com.tr\/yeni-nesil-yasam-tarzina-uyumlu-yataklar-dogallik-konfor-ve-duyarlilik-bir-arada\/","url":"https:\/\/pierrecardinyatak.com.tr\/yeni-nesil-yasam-tarzina-uyumlu-yataklar-dogallik-konfor-ve-duyarlilik-bir-arada\/","name":"Yeni Nesil Ya\u015fam Tarz\u0131na Uyumlu Yataklar: Do\u011fall\u0131k, Konfor ve Duyarl\u0131l\u0131k Bir Arada - Pierre Cardin Yatak","isPartOf":{"@id":"https:\/\/pierrecardinyatak.com.tr\/#website"},"primaryImageOfPage":{"@id":"https:\/\/pierrecardinyatak.com.tr\/yeni-nesil-yasam-tarzina-uyumlu-yataklar-dogallik-konfor-ve-duyarlilik-bir-arada\/#primaryimage"},"image":{"@id":"https:\/\/pierrecardinyatak.com.tr\/yeni-nesil-yasam-tarzina-uyumlu-yataklar-dogallik-konfor-ve-duyarlilik-bir-arada\/#primaryimage"},"thumbnailUrl":"https:\/\/pierrecardinyatak.com.tr\/wp-content\/uploads\/2025\/05\/urun-maia5.jpg","datePublished":"2025-07-21T12:59:30+00:00","dateModified":"2025-08-20T14:26:03+00:00","author":{"@id":"https:\/\/pierrecardinyatak.com.tr\/#\/schema\/person\/1c182155c79ef557a479bd374b58f902"},"breadcrumb":{"@id":"https:\/\/pierrecardinyatak.com.tr\/yeni-nesil-yasam-tarzina-uyumlu-yataklar-dogallik-konfor-ve-duyarlilik-bir-arada\/#breadcrumb"},"inLanguage":"ar","potentialAction":[{"@type":"ReadAction","target":["https:\/\/pierrecardinyatak.com.tr\/yeni-nesil-yasam-tarzina-uyumlu-yataklar-dogallik-konfor-ve-duyarlilik-bir-arada\/"]}]},{"@type":"ImageObject","inLanguage":"ar","@id":"https:\/\/pierrecardinyatak.com.tr\/yeni-nesil-yasam-tarzina-uyumlu-yataklar-dogallik-konfor-ve-duyarlilik-bir-arada\/#primaryimage","url":"https:\/\/pierrecardinyatak.com.tr\/wp-content\/uploads\/2025\/05\/urun-maia5.jpg","contentUrl":"https:\/\/pierrecardinyatak.com.tr\/wp-content\/uploads\/2025\/05\/urun-maia5.jpg","width":1299,"height":1299},{"@type":"BreadcrumbList","@id":"https:\/\/pierrecardinyatak.com.tr\/yeni-nesil-yasam-tarzina-uyumlu-yataklar-dogallik-konfor-ve-duyarlilik-bir-arada\/#breadcrumb","itemListElement":[{"@type":"ListItem","position":1,"name":"Anasayfa","item":"https:\/\/pierrecardinyatak.com.tr\/"},{"@type":"ListItem","position":2,"name":"Yeni Nesil Ya\u015fam Tarz\u0131na Uyumlu Yataklar: Do\u011fall\u0131k, Konfor ve Duyarl\u0131l\u0131k Bir Arada"}]},{"@type":"WebSite","@id":"https:\/\/pierrecardinyatak.com.tr\/#website","url":"https:\/\/pierrecardinyatak.com.tr\/","name":"\u0633\u0631\u064a\u0631 \u0628\u064a\u064a\u0631 \u0643\u0627\u0631\u062f\u0627\u0646","description":"-","potentialAction":[{"@type":"SearchAction","target":{"@type":"EntryPoint","urlTemplate":"https:\/\/pierrecardinyatak.com.tr\/?s={search_term_string}"},"query-input":{"@type":"PropertyValueSpecification","valueRequired":true,"valueName":"search_term_string"}}],"inLanguage":"ar"},{"@type":"Person","@id":"https:\/\/pierrecardinyatak.com.tr\/#\/schema\/person\/1c182155c79ef557a479bd374b58f902","name":"\u0627\u0644\u0645\u0634\u0631\u0641","image":{"@type":"ImageObject","inLanguage":"ar","@id":"https:\/\/secure.gravatar.com\/avatar\/3a0c75d6a4a7b2213bf32cead72e590c8f6aa56e5c7c70ea801e74aa7a9372bc?s=96&d=mm&r=g","url":"https:\/\/secure.gravatar.com\/avatar\/3a0c75d6a4a7b2213bf32cead72e590c8f6aa56e5c7c70ea801e74aa7a9372bc?s=96&d=mm&r=g","contentUrl":"https:\/\/secure.gravatar.com\/avatar\/3a0c75d6a4a7b2213bf32cead72e590c8f6aa56e5c7c70ea801e74aa7a9372bc?s=96&d=mm&r=g","caption":"admin"},"sameAs":["https:\/\/pierrecardinbedding.com.tr"],"url":"https:\/\/pierrecardinyatak.com.tr\/ar\/author\/admin\/"}]}},"_links":{"self":[{"href":"https:\/\/pierrecardinyatak.com.tr\/ar\/wp-json\/wp\/v2\/posts\/11392","targetHints":{"allow":["GET"]}}],"collection":[{"href":"https:\/\/pierrecardinyatak.com.tr\/ar\/wp-json\/wp\/v2\/posts"}],"about":[{"href":"https:\/\/pierrecardinyatak.com.tr\/ar\/wp-json\/wp\/v2\/types\/post"}],"author":[{"embeddable":true,"href":"https:\/\/pierrecardinyatak.com.tr\/ar\/wp-json\/wp\/v2\/users\/1"}],"replies":[{"embeddable":true,"href":"https:\/\/pierrecardinyatak.com.tr\/ar\/wp-json\/wp\/v2\/comments?post=11392"}],"version-history":[{"count":0,"href":"https:\/\/pierrecardinyatak.com.tr\/ar\/wp-json\/wp\/v2\/posts\/11392\/revisions"}],"wp:featuredmedia":[{"embeddable":true,"href":"https:\/\/pierrecardinyatak.com.tr\/ar\/wp-json\/wp\/v2\/media\/9818"}],"wp:attachment":[{"href":"https:\/\/pierrecardinyatak.com.tr\/ar\/wp-json\/wp\/v2\/media?parent=11392"}],"wp:term":[{"taxonomy":"category","embeddable":true,"href":"https:\/\/pierrecardinyatak.com.tr\/ar\/wp-json\/wp\/v2\/categories?post=11392"},{"taxonomy":"post_tag","embeddable":true,"href":"https:\/\/pierrecardinyatak.com.tr\/ar\/wp-json\/wp\/v2\/tags?post=11392"}],"curies":[{"name":"wp","href":"https:\/\/api.w.org\/{rel}","templated":true}]}}