{"id":10991,"date":"2025-06-17T09:56:35","date_gmt":"2025-06-17T06:56:35","guid":{"rendered":"https:\/\/pierrecardinyatak.com.tr\/?p=10991"},"modified":"2025-06-17T11:09:04","modified_gmt":"2025-06-17T08:09:04","slug":"yeni-ev-kuruyorsaniz-yatak-odasi-seciminde-bilmeniz-gereken-her-sey","status":"publish","type":"post","link":"https:\/\/pierrecardinyatak.com.tr\/ar\/yeni-ev-kuruyorsaniz-yatak-odasi-seciminde-bilmeniz-gereken-her-sey\/","title":{"rendered":"Yeni Ev Kuruyorsan\u0131z: Yatak Odas\u0131 Se\u00e7iminde Bilmeniz Gereken Her \u015eey"},"content":{"rendered":"<p data-start=\"442\" data-end=\"810\">Yeni bir eve ta\u015f\u0131nmak, ayn\u0131 zamanda yeni bir ya\u015fam kurmakt\u0131r. Her e\u015fya bir karard\u0131r; hem estetik hem i\u015flev a\u00e7\u0131s\u0131ndan sizi y\u0131llarca etkileyecek se\u00e7imler yapars\u0131n\u0131z.<br data-start=\"605\" data-end=\"608\" \/>\u0130\u015fte bu kararlar\u0131n en \u00f6nemlilerinden biri de yatak odas\u0131 se\u00e7imidir. \u00c7\u00fcnk\u00fc g\u00fcn\u00fcn \u00fc\u00e7te birini ge\u00e7irdi\u011finiz bu \u00f6zel alanda kullan\u0131lan \u00fcr\u00fcnler sadece dekorasyon de\u011fil, do\u011frudan ya\u015fam kalitenizi etkiler.<\/p>\n<p data-start=\"812\" data-end=\"999\">Yeni evinize ta\u015f\u0131nmadan \u00f6nce, bu rehberle ideal \u00e7ift ki\u015filik yatak, yatak baza ba\u015fl\u0131k seti, ortopedik yatak ve yatak odas\u0131 tak\u0131m\u0131 se\u00e7imini en do\u011fru \u015fekilde yapabilirsiniz.<\/p>\n<h3 data-start=\"1006\" data-end=\"1053\">Yatak: Konforu De\u011fil, Gelece\u011finizi Se\u00e7in<\/h3>\n<p data-start=\"1055\" data-end=\"1289\">Yeni ev demek, yeni ba\u015flang\u0131\u00e7 demek. Bu nedenle en iyi yatak se\u00e7iminde g\u00f6rsellik kadar sa\u011fl\u0131\u011f\u0131 da merkeze almal\u0131s\u0131n\u0131z. Ucuz, kalitesiz ya da sadece yumu\u015fak oldu\u011fu i\u00e7in se\u00e7ilen yataklar, k\u0131sa s\u00fcrede bel-s\u0131rt problemlerine yol a\u00e7ar.<\/p>\n<p data-start=\"1291\" data-end=\"1307\">\u0130deal bir yatak:<\/p>\n<ul data-start=\"1309\" data-end=\"1467\">\n<li data-start=\"1309\" data-end=\"1334\">\n<p data-start=\"1311\" data-end=\"1334\">Omurgay\u0131 desteklemeli<\/p>\n<\/li>\n<li data-start=\"1335\" data-end=\"1351\">\n<p data-start=\"1337\" data-end=\"1351\">Terletmemeli<\/p>\n<\/li>\n<li data-start=\"1352\" data-end=\"1386\">\n<p data-start=\"1354\" data-end=\"1386\">5 y\u0131l ve \u00fczeri garanti sunmal\u0131<\/p>\n<\/li>\n<li data-start=\"1387\" data-end=\"1424\">\n<p data-start=\"1389\" data-end=\"1424\">Uyku pozisyonunuza g\u00f6re se\u00e7ilmeli<\/p>\n<\/li>\n<li data-start=\"1425\" data-end=\"1467\">\n<p data-start=\"1427\" data-end=\"1467\">Sessiz ve yaylanmayan bir yap\u0131 sunmal\u0131<\/p>\n<\/li>\n<\/ul>\n<p data-start=\"1469\" data-end=\"1607\">Evli \u00e7iftler i\u00e7in hareket izolasyonlu \u00e7ift ki\u015filik yatak modelleri \u00f6nerilir. B\u00f6ylece e\u015flerden biri d\u00f6nerken di\u011ferinin uykusu b\u00f6l\u00fcnmez.<\/p>\n<h3 data-start=\"1614\" data-end=\"1670\">Ortopedik Yatak: Omurgaya Yat\u0131r\u0131m<\/h3>\n<p data-start=\"1672\" data-end=\"1839\">Yatak se\u00e7iminizde &#8220;ortopedik&#8221; ifadesi sadece bir pazarlama terimi de\u011filse, ciddi bir avantaj sunar.<br data-start=\"1771\" data-end=\"1774\" \/>Ger\u00e7ek anlamda en iyi ortopedik yatak \u015funlar\u0131 yapabilmelidir:<\/p>\n<ul data-start=\"1841\" data-end=\"1966\">\n<li data-start=\"1841\" data-end=\"1874\">\n<p data-start=\"1843\" data-end=\"1874\">V\u00fccut bo\u015fluklar\u0131n\u0131 doldurmal\u0131<\/p>\n<\/li>\n<li data-start=\"1875\" data-end=\"1905\">\n<p data-start=\"1877\" data-end=\"1905\">Kaslarda bask\u0131 yaratmamal\u0131<\/p>\n<\/li>\n<li data-start=\"1906\" data-end=\"1931\">\n<p data-start=\"1908\" data-end=\"1931\">A\u011f\u0131rl\u0131\u011f\u0131 e\u015fit yaymal\u0131<\/p>\n<\/li>\n<li data-start=\"1932\" data-end=\"1966\">\n<p data-start=\"1934\" data-end=\"1966\">Uyku s\u0131ras\u0131nda duru\u015fu korumal\u0131<\/p>\n<\/li>\n<\/ul>\n<p data-start=\"1968\" data-end=\"2147\">Yeni ev kurarken ilk y\u0131llarda dikkat edilmeyen bu detay, uzun vadede b\u00fcy\u00fck fark yarat\u0131r. \u00d6zellikle stresli, yo\u011fun tempolu \u00e7iftler i\u00e7in kaliteli uyku; kaliteli evlili\u011fin temelidir.<\/p>\n<h3 data-start=\"2154\" data-end=\"2215\">Yatak Baza Ba\u015fl\u0131k Seti: Estetik ve Fonksiyon Bir Arada<\/h3>\n<p data-start=\"2217\" data-end=\"2447\">Ta\u015f\u0131nd\u0131\u011f\u0131n\u0131z evde depolama alan\u0131n\u0131z k\u0131s\u0131tl\u0131ysa, yatak baza ba\u015fl\u0131k seti hayat kurtar\u0131r.<br data-start=\"2307\" data-end=\"2310\" \/>Alt\u0131 sand\u0131kl\u0131 bazalar, yorgan, yast\u0131k, battaniye ve mevsimlik e\u015fyalar i\u00e7in m\u00fckemmel alan sunar. Ba\u015fl\u0131k k\u0131sm\u0131 ise odan\u0131n stilini belirler.<\/p>\n<ul data-start=\"2449\" data-end=\"2596\">\n<li data-start=\"2449\" data-end=\"2492\">\n<p data-start=\"2451\" data-end=\"2492\">Kadife, keten, deri gibi se\u00e7enekler<\/p>\n<\/li>\n<li data-start=\"2493\" data-end=\"2527\">\n<p data-start=\"2495\" data-end=\"2527\">Sessiz amortis\u00f6r mekanizmalar\u0131<\/p>\n<\/li>\n<li data-start=\"2528\" data-end=\"2561\">\n<p data-start=\"2530\" data-end=\"2561\">Kolay temizlik sunan kuma\u015flar<\/p>\n<\/li>\n<li data-start=\"2562\" data-end=\"2596\">\n<p data-start=\"2564\" data-end=\"2596\">Geni\u015f i\u00e7 hacim, sa\u011flam iskelet<\/p>\n<\/li>\n<\/ul>\n<p data-start=\"2598\" data-end=\"2705\">Ba\u015fl\u0131k k\u0131sm\u0131nda \u00f6zellikle duvarla kontrast olu\u015fturacak renkler se\u00e7erek dekorasyona derinlik katabilirsiniz.<\/p>\n<h3 data-start=\"2712\" data-end=\"2769\">Yatak Odas\u0131 Tak\u0131m\u0131: Par\u00e7a Par\u00e7a U\u011fra\u015fma, Uyumlu Al<\/h3>\n<p data-start=\"2771\" data-end=\"2920\">Yeni ev kurarken her \u015feyi tek tek se\u00e7mek ba\u015fta e\u011flenceli g\u00f6r\u00fcnse de zamanla yorucu olur. \u00d6zellikle mobilyalarda renk ve doku uyumunu sa\u011flamak zordur.<\/p>\n<p data-start=\"2922\" data-end=\"2955\">Bu y\u00fczden yatak odas\u0131 tak\u0131m\u0131:<\/p>\n<ul data-start=\"2957\" data-end=\"3072\">\n<li data-start=\"2957\" data-end=\"2982\">\n<p data-start=\"2959\" data-end=\"2982\">Size zaman kazand\u0131r\u0131r<\/p>\n<\/li>\n<li data-start=\"2983\" data-end=\"3016\">\n<p data-start=\"2985\" data-end=\"3016\">Renk ve stil b\u00fct\u00fcnl\u00fc\u011f\u00fc sa\u011flar<\/p>\n<\/li>\n<li data-start=\"3017\" data-end=\"3043\">\n<p data-start=\"3019\" data-end=\"3043\">Daha uygun fiyat sunar<\/p>\n<\/li>\n<li data-start=\"3044\" data-end=\"3072\">\n<p data-start=\"3046\" data-end=\"3072\">Kurulum kolayl\u0131\u011f\u0131 sa\u011flar<\/p>\n<\/li>\n<\/ul>\n<p data-start=\"3074\" data-end=\"3212\">Genellikle i\u00e7inde gard\u0131rop, komodin, \u015fifonyer ve ayna bulunur. Mod\u00fcler sistemlerde ihtiyaca g\u00f6re par\u00e7a ekleyebilir ya da \u00e7\u0131karabilirsiniz.<\/p>\n<h3 data-start=\"3219\" data-end=\"3272\">Yeni Evli \u00c7iftler i\u00e7in Yatak Odas\u0131 Tavsiyeleri<\/h3>\n<ul data-start=\"3274\" data-end=\"3644\">\n<li data-start=\"3274\" data-end=\"3367\">\n<p data-start=\"3276\" data-end=\"3367\">Farkl\u0131 s\u0131cakl\u0131kta uyuyan \u00e7iftler i\u00e7in nefes alabilen, \u00e7ift katmanl\u0131 yataklar tercih edin.<\/p>\n<\/li>\n<li data-start=\"3368\" data-end=\"3413\">\n<p data-start=\"3370\" data-end=\"3413\">Estetik kadar ergonomiyi \u00f6n planda tutun.<\/p>\n<\/li>\n<li data-start=\"3414\" data-end=\"3479\">\n<p data-start=\"3416\" data-end=\"3479\">Uzun s\u00fcreli kullan\u0131m i\u00e7in leke tutmayan kuma\u015flar tercih edin.<\/p>\n<\/li>\n<li data-start=\"3480\" data-end=\"3544\">\n<p data-start=\"3482\" data-end=\"3544\">Renk paletini a\u00e7\u0131k tonlarda se\u00e7erek ferah bir ortam yarat\u0131n.<\/p>\n<\/li>\n<li data-start=\"3545\" data-end=\"3644\">\n<p data-start=\"3547\" data-end=\"3644\">Mobilyalar\u0131n i\u00e7 hacmine dikkat edin. Geni\u015f gard\u0131rop, zamanla artacak e\u015fyalar i\u00e7in avantaj sa\u011flar.<\/p>\n<\/li>\n<\/ul>","protected":false},"excerpt":{"rendered":"<p>Yeni bir eve ta\u015f\u0131nmak, ayn\u0131 zamanda yeni bir ya\u015fam kurmakt\u0131r. Her e\u015fya bir karard\u0131r; hem estetik hem i\u015flev a\u00e7\u0131s\u0131ndan sizi<\/p>","protected":false},"author":1,"featured_media":9656,"comment_status":"closed","ping_status":"closed","sticky":false,"template":"","format":"standard","meta":{"footnotes":""},"categories":[369],"tags":[],"class_list":["post-10991","post","type-post","status-publish","format-standard","has-post-thumbnail","hentry","category-blog"],"yoast_head":"<!-- This site is optimized with the Yoast SEO plugin v27.4 - https:\/\/yoast.com\/product\/yoast-seo-wordpress\/ -->\n<title>Yeni Ev Kuruyorsan\u0131z: Yatak Odas\u0131 Se\u00e7iminde Bilmeniz Gereken Her \u015eey - Pierre Cardin Yatak<\/title>\n<meta name=\"robots\" content=\"index, follow, max-snippet:-1, max-image-preview:large, max-video-preview:-1\" \/>\n<link rel=\"canonical\" href=\"https:\/\/pierrecardinyatak.com.tr\/ar\/yeni-ev-kuruyorsaniz-yatak-odasi-seciminde-bilmeniz-gereken-her-sey\/\" \/>\n<meta property=\"og:locale\" content=\"ar_AR\" \/>\n<meta property=\"og:type\" content=\"article\" \/>\n<meta property=\"og:title\" content=\"Yeni Ev Kuruyorsan\u0131z: Yatak Odas\u0131 Se\u00e7iminde Bilmeniz Gereken Her \u015eey - Pierre Cardin Yatak\" \/>\n<meta property=\"og:description\" content=\"Yeni bir eve ta\u015f\u0131nmak, ayn\u0131 zamanda yeni bir ya\u015fam kurmakt\u0131r. Her e\u015fya bir karard\u0131r; hem estetik hem i\u015flev a\u00e7\u0131s\u0131ndan sizi\" \/>\n<meta property=\"og:url\" content=\"https:\/\/pierrecardinyatak.com.tr\/ar\/yeni-ev-kuruyorsaniz-yatak-odasi-seciminde-bilmeniz-gereken-her-sey\/\" \/>\n<meta property=\"og:site_name\" content=\"Pierre Cardin Yatak\" \/>\n<meta property=\"article:publisher\" content=\"https:\/\/www.facebook.com\/pierrecardinyatak\" \/>\n<meta property=\"article:published_time\" content=\"2025-06-17T06:56:35+00:00\" \/>\n<meta property=\"article:modified_time\" content=\"2025-06-17T08:09:04+00:00\" \/>\n<meta property=\"og:image\" content=\"https:\/\/pierrecardinyatak.com.tr\/wp-content\/uploads\/2025\/05\/urun-hawk3.jpg\" \/>\n\t<meta property=\"og:image:width\" content=\"1890\" \/>\n\t<meta property=\"og:image:height\" content=\"1772\" \/>\n\t<meta property=\"og:image:type\" content=\"image\/jpeg\" \/>\n<meta name=\"author\" content=\"admin\" \/>\n<meta name=\"twitter:card\" content=\"summary_large_image\" \/>\n<meta name=\"twitter:creator\" content=\"@pcardinbedding\" \/>\n<meta name=\"twitter:site\" content=\"@pcardinbedding\" \/>\n<meta name=\"twitter:label1\" content=\"\u0643\u064f\u062a\u0628 \u0628\u0648\u0627\u0633\u0637\u0629\" \/>\n\t<meta name=\"twitter:data1\" content=\"admin\" \/>\n\t<meta name=\"twitter:label2\" content=\"\u0648\u0642\u062a \u0627\u0644\u0642\u0631\u0627\u0621\u0629 \u0627\u0644\u0645\u064f\u0642\u062f\u0651\u0631\" \/>\n\t<meta name=\"twitter:data2\" content=\"3 \u062f\u0642\u0627\u0626\u0642\" \/>\n<script type=\"application\/ld+json\" class=\"yoast-schema-graph\">{\"@context\":\"https:\\\/\\\/schema.org\",\"@graph\":[{\"@type\":\"Article\",\"@id\":\"https:\\\/\\\/pierrecardinyatak.com.tr\\\/yeni-ev-kuruyorsaniz-yatak-odasi-seciminde-bilmeniz-gereken-her-sey\\\/#article\",\"isPartOf\":{\"@id\":\"https:\\\/\\\/pierrecardinyatak.com.tr\\\/yeni-ev-kuruyorsaniz-yatak-odasi-seciminde-bilmeniz-gereken-her-sey\\\/\"},\"author\":{\"name\":\"admin\",\"@id\":\"https:\\\/\\\/pierrecardinyatak.com.tr\\\/#\\\/schema\\\/person\\\/1c182155c79ef557a479bd374b58f902\"},\"headline\":\"Yeni Ev Kuruyorsan\u0131z: Yatak Odas\u0131 Se\u00e7iminde Bilmeniz Gereken Her \u015eey\",\"datePublished\":\"2025-06-17T06:56:35+00:00\",\"dateModified\":\"2025-06-17T08:09:04+00:00\",\"mainEntityOfPage\":{\"@id\":\"https:\\\/\\\/pierrecardinyatak.com.tr\\\/yeni-ev-kuruyorsaniz-yatak-odasi-seciminde-bilmeniz-gereken-her-sey\\\/\"},\"wordCount\":570,\"image\":{\"@id\":\"https:\\\/\\\/pierrecardinyatak.com.tr\\\/yeni-ev-kuruyorsaniz-yatak-odasi-seciminde-bilmeniz-gereken-her-sey\\\/#primaryimage\"},\"thumbnailUrl\":\"https:\\\/\\\/pierrecardinyatak.com.tr\\\/wp-content\\\/uploads\\\/2025\\\/05\\\/urun-hawk3.jpg\",\"articleSection\":[\"Blog\"],\"inLanguage\":\"ar\"},{\"@type\":\"WebPage\",\"@id\":\"https:\\\/\\\/pierrecardinyatak.com.tr\\\/yeni-ev-kuruyorsaniz-yatak-odasi-seciminde-bilmeniz-gereken-her-sey\\\/\",\"url\":\"https:\\\/\\\/pierrecardinyatak.com.tr\\\/yeni-ev-kuruyorsaniz-yatak-odasi-seciminde-bilmeniz-gereken-her-sey\\\/\",\"name\":\"Yeni Ev Kuruyorsan\u0131z: Yatak Odas\u0131 Se\u00e7iminde Bilmeniz Gereken Her \u015eey - Pierre Cardin Yatak\",\"isPartOf\":{\"@id\":\"https:\\\/\\\/pierrecardinyatak.com.tr\\\/#website\"},\"primaryImageOfPage\":{\"@id\":\"https:\\\/\\\/pierrecardinyatak.com.tr\\\/yeni-ev-kuruyorsaniz-yatak-odasi-seciminde-bilmeniz-gereken-her-sey\\\/#primaryimage\"},\"image\":{\"@id\":\"https:\\\/\\\/pierrecardinyatak.com.tr\\\/yeni-ev-kuruyorsaniz-yatak-odasi-seciminde-bilmeniz-gereken-her-sey\\\/#primaryimage\"},\"thumbnailUrl\":\"https:\\\/\\\/pierrecardinyatak.com.tr\\\/wp-content\\\/uploads\\\/2025\\\/05\\\/urun-hawk3.jpg\",\"datePublished\":\"2025-06-17T06:56:35+00:00\",\"dateModified\":\"2025-06-17T08:09:04+00:00\",\"author\":{\"@id\":\"https:\\\/\\\/pierrecardinyatak.com.tr\\\/#\\\/schema\\\/person\\\/1c182155c79ef557a479bd374b58f902\"},\"breadcrumb\":{\"@id\":\"https:\\\/\\\/pierrecardinyatak.com.tr\\\/yeni-ev-kuruyorsaniz-yatak-odasi-seciminde-bilmeniz-gereken-her-sey\\\/#breadcrumb\"},\"inLanguage\":\"ar\",\"potentialAction\":[{\"@type\":\"ReadAction\",\"target\":[\"https:\\\/\\\/pierrecardinyatak.com.tr\\\/yeni-ev-kuruyorsaniz-yatak-odasi-seciminde-bilmeniz-gereken-her-sey\\\/\"]}]},{\"@type\":\"ImageObject\",\"inLanguage\":\"ar\",\"@id\":\"https:\\\/\\\/pierrecardinyatak.com.tr\\\/yeni-ev-kuruyorsaniz-yatak-odasi-seciminde-bilmeniz-gereken-her-sey\\\/#primaryimage\",\"url\":\"https:\\\/\\\/pierrecardinyatak.com.tr\\\/wp-content\\\/uploads\\\/2025\\\/05\\\/urun-hawk3.jpg\",\"contentUrl\":\"https:\\\/\\\/pierrecardinyatak.com.tr\\\/wp-content\\\/uploads\\\/2025\\\/05\\\/urun-hawk3.jpg\",\"width\":1890,\"height\":1772},{\"@type\":\"BreadcrumbList\",\"@id\":\"https:\\\/\\\/pierrecardinyatak.com.tr\\\/yeni-ev-kuruyorsaniz-yatak-odasi-seciminde-bilmeniz-gereken-her-sey\\\/#breadcrumb\",\"itemListElement\":[{\"@type\":\"ListItem\",\"position\":1,\"name\":\"Anasayfa\",\"item\":\"https:\\\/\\\/pierrecardinyatak.com.tr\\\/\"},{\"@type\":\"ListItem\",\"position\":2,\"name\":\"Yeni Ev Kuruyorsan\u0131z: Yatak Odas\u0131 Se\u00e7iminde Bilmeniz Gereken Her \u015eey\"}]},{\"@type\":\"WebSite\",\"@id\":\"https:\\\/\\\/pierrecardinyatak.com.tr\\\/#website\",\"url\":\"https:\\\/\\\/pierrecardinyatak.com.tr\\\/\",\"name\":\"Pierre Cardin Yatak\",\"description\":\"-\",\"potentialAction\":[{\"@type\":\"SearchAction\",\"target\":{\"@type\":\"EntryPoint\",\"urlTemplate\":\"https:\\\/\\\/pierrecardinyatak.com.tr\\\/?s={search_term_string}\"},\"query-input\":{\"@type\":\"PropertyValueSpecification\",\"valueRequired\":true,\"valueName\":\"search_term_string\"}}],\"inLanguage\":\"ar\"},{\"@type\":\"Person\",\"@id\":\"https:\\\/\\\/pierrecardinyatak.com.tr\\\/#\\\/schema\\\/person\\\/1c182155c79ef557a479bd374b58f902\",\"name\":\"admin\",\"image\":{\"@type\":\"ImageObject\",\"inLanguage\":\"ar\",\"@id\":\"https:\\\/\\\/secure.gravatar.com\\\/avatar\\\/3a0c75d6a4a7b2213bf32cead72e590c8f6aa56e5c7c70ea801e74aa7a9372bc?s=96&d=mm&r=g\",\"url\":\"https:\\\/\\\/secure.gravatar.com\\\/avatar\\\/3a0c75d6a4a7b2213bf32cead72e590c8f6aa56e5c7c70ea801e74aa7a9372bc?s=96&d=mm&r=g\",\"contentUrl\":\"https:\\\/\\\/secure.gravatar.com\\\/avatar\\\/3a0c75d6a4a7b2213bf32cead72e590c8f6aa56e5c7c70ea801e74aa7a9372bc?s=96&d=mm&r=g\",\"caption\":\"admin\"},\"sameAs\":[\"https:\\\/\\\/pierrecardinbedding.com.tr\"],\"url\":\"https:\\\/\\\/pierrecardinyatak.com.tr\\\/ar\\\/author\\\/admin\\\/\"}]}<\/script>\n<!-- \/ Yoast SEO plugin. -->","yoast_head_json":{"title":"Yeni Ev Kuruyorsan\u0131z: Yatak Odas\u0131 Se\u00e7iminde Bilmeniz Gereken Her \u015eey - Pierre Cardin Yatak","robots":{"index":"index","follow":"follow","max-snippet":"max-snippet:-1","max-image-preview":"max-image-preview:large","max-video-preview":"max-video-preview:-1"},"canonical":"https:\/\/pierrecardinyatak.com.tr\/ar\/yeni-ev-kuruyorsaniz-yatak-odasi-seciminde-bilmeniz-gereken-her-sey\/","og_locale":"ar_AR","og_type":"article","og_title":"Yeni Ev Kuruyorsan\u0131z: Yatak Odas\u0131 Se\u00e7iminde Bilmeniz Gereken Her \u015eey - Pierre Cardin Yatak","og_description":"Yeni bir eve ta\u015f\u0131nmak, ayn\u0131 zamanda yeni bir ya\u015fam kurmakt\u0131r. Her e\u015fya bir karard\u0131r; hem estetik hem i\u015flev a\u00e7\u0131s\u0131ndan sizi","og_url":"https:\/\/pierrecardinyatak.com.tr\/ar\/yeni-ev-kuruyorsaniz-yatak-odasi-seciminde-bilmeniz-gereken-her-sey\/","og_site_name":"Pierre Cardin Yatak","article_publisher":"https:\/\/www.facebook.com\/pierrecardinyatak","article_published_time":"2025-06-17T06:56:35+00:00","article_modified_time":"2025-06-17T08:09:04+00:00","og_image":[{"width":1890,"height":1772,"url":"https:\/\/pierrecardinyatak.com.tr\/wp-content\/uploads\/2025\/05\/urun-hawk3.jpg","type":"image\/jpeg"}],"author":"admin","twitter_card":"summary_large_image","twitter_creator":"@pcardinbedding","twitter_site":"@pcardinbedding","twitter_misc":{"\u0643\u064f\u062a\u0628 \u0628\u0648\u0627\u0633\u0637\u0629":"admin","\u0648\u0642\u062a \u0627\u0644\u0642\u0631\u0627\u0621\u0629 \u0627\u0644\u0645\u064f\u0642\u062f\u0651\u0631":"3 \u062f\u0642\u0627\u0626\u0642"},"schema":{"@context":"https:\/\/schema.org","@graph":[{"@type":"Article","@id":"https:\/\/pierrecardinyatak.com.tr\/yeni-ev-kuruyorsaniz-yatak-odasi-seciminde-bilmeniz-gereken-her-sey\/#article","isPartOf":{"@id":"https:\/\/pierrecardinyatak.com.tr\/yeni-ev-kuruyorsaniz-yatak-odasi-seciminde-bilmeniz-gereken-her-sey\/"},"author":{"name":"admin","@id":"https:\/\/pierrecardinyatak.com.tr\/#\/schema\/person\/1c182155c79ef557a479bd374b58f902"},"headline":"Yeni Ev Kuruyorsan\u0131z: Yatak Odas\u0131 Se\u00e7iminde Bilmeniz Gereken Her \u015eey","datePublished":"2025-06-17T06:56:35+00:00","dateModified":"2025-06-17T08:09:04+00:00","mainEntityOfPage":{"@id":"https:\/\/pierrecardinyatak.com.tr\/yeni-ev-kuruyorsaniz-yatak-odasi-seciminde-bilmeniz-gereken-her-sey\/"},"wordCount":570,"image":{"@id":"https:\/\/pierrecardinyatak.com.tr\/yeni-ev-kuruyorsaniz-yatak-odasi-seciminde-bilmeniz-gereken-her-sey\/#primaryimage"},"thumbnailUrl":"https:\/\/pierrecardinyatak.com.tr\/wp-content\/uploads\/2025\/05\/urun-hawk3.jpg","articleSection":["Blog"],"inLanguage":"ar"},{"@type":"WebPage","@id":"https:\/\/pierrecardinyatak.com.tr\/yeni-ev-kuruyorsaniz-yatak-odasi-seciminde-bilmeniz-gereken-her-sey\/","url":"https:\/\/pierrecardinyatak.com.tr\/yeni-ev-kuruyorsaniz-yatak-odasi-seciminde-bilmeniz-gereken-her-sey\/","name":"Yeni Ev Kuruyorsan\u0131z: Yatak Odas\u0131 Se\u00e7iminde Bilmeniz Gereken Her \u015eey - Pierre Cardin Yatak","isPartOf":{"@id":"https:\/\/pierrecardinyatak.com.tr\/#website"},"primaryImageOfPage":{"@id":"https:\/\/pierrecardinyatak.com.tr\/yeni-ev-kuruyorsaniz-yatak-odasi-seciminde-bilmeniz-gereken-her-sey\/#primaryimage"},"image":{"@id":"https:\/\/pierrecardinyatak.com.tr\/yeni-ev-kuruyorsaniz-yatak-odasi-seciminde-bilmeniz-gereken-her-sey\/#primaryimage"},"thumbnailUrl":"https:\/\/pierrecardinyatak.com.tr\/wp-content\/uploads\/2025\/05\/urun-hawk3.jpg","datePublished":"2025-06-17T06:56:35+00:00","dateModified":"2025-06-17T08:09:04+00:00","author":{"@id":"https:\/\/pierrecardinyatak.com.tr\/#\/schema\/person\/1c182155c79ef557a479bd374b58f902"},"breadcrumb":{"@id":"https:\/\/pierrecardinyatak.com.tr\/yeni-ev-kuruyorsaniz-yatak-odasi-seciminde-bilmeniz-gereken-her-sey\/#breadcrumb"},"inLanguage":"ar","potentialAction":[{"@type":"ReadAction","target":["https:\/\/pierrecardinyatak.com.tr\/yeni-ev-kuruyorsaniz-yatak-odasi-seciminde-bilmeniz-gereken-her-sey\/"]}]},{"@type":"ImageObject","inLanguage":"ar","@id":"https:\/\/pierrecardinyatak.com.tr\/yeni-ev-kuruyorsaniz-yatak-odasi-seciminde-bilmeniz-gereken-her-sey\/#primaryimage","url":"https:\/\/pierrecardinyatak.com.tr\/wp-content\/uploads\/2025\/05\/urun-hawk3.jpg","contentUrl":"https:\/\/pierrecardinyatak.com.tr\/wp-content\/uploads\/2025\/05\/urun-hawk3.jpg","width":1890,"height":1772},{"@type":"BreadcrumbList","@id":"https:\/\/pierrecardinyatak.com.tr\/yeni-ev-kuruyorsaniz-yatak-odasi-seciminde-bilmeniz-gereken-her-sey\/#breadcrumb","itemListElement":[{"@type":"ListItem","position":1,"name":"Anasayfa","item":"https:\/\/pierrecardinyatak.com.tr\/"},{"@type":"ListItem","position":2,"name":"Yeni Ev Kuruyorsan\u0131z: Yatak Odas\u0131 Se\u00e7iminde Bilmeniz Gereken Her \u015eey"}]},{"@type":"WebSite","@id":"https:\/\/pierrecardinyatak.com.tr\/#website","url":"https:\/\/pierrecardinyatak.com.tr\/","name":"\u0633\u0631\u064a\u0631 \u0628\u064a\u064a\u0631 \u0643\u0627\u0631\u062f\u0627\u0646","description":"-","potentialAction":[{"@type":"SearchAction","target":{"@type":"EntryPoint","urlTemplate":"https:\/\/pierrecardinyatak.com.tr\/?s={search_term_string}"},"query-input":{"@type":"PropertyValueSpecification","valueRequired":true,"valueName":"search_term_string"}}],"inLanguage":"ar"},{"@type":"Person","@id":"https:\/\/pierrecardinyatak.com.tr\/#\/schema\/person\/1c182155c79ef557a479bd374b58f902","name":"\u0627\u0644\u0645\u0634\u0631\u0641","image":{"@type":"ImageObject","inLanguage":"ar","@id":"https:\/\/secure.gravatar.com\/avatar\/3a0c75d6a4a7b2213bf32cead72e590c8f6aa56e5c7c70ea801e74aa7a9372bc?s=96&d=mm&r=g","url":"https:\/\/secure.gravatar.com\/avatar\/3a0c75d6a4a7b2213bf32cead72e590c8f6aa56e5c7c70ea801e74aa7a9372bc?s=96&d=mm&r=g","contentUrl":"https:\/\/secure.gravatar.com\/avatar\/3a0c75d6a4a7b2213bf32cead72e590c8f6aa56e5c7c70ea801e74aa7a9372bc?s=96&d=mm&r=g","caption":"admin"},"sameAs":["https:\/\/pierrecardinbedding.com.tr"],"url":"https:\/\/pierrecardinyatak.com.tr\/ar\/author\/admin\/"}]}},"_links":{"self":[{"href":"https:\/\/pierrecardinyatak.com.tr\/ar\/wp-json\/wp\/v2\/posts\/10991","targetHints":{"allow":["GET"]}}],"collection":[{"href":"https:\/\/pierrecardinyatak.com.tr\/ar\/wp-json\/wp\/v2\/posts"}],"about":[{"href":"https:\/\/pierrecardinyatak.com.tr\/ar\/wp-json\/wp\/v2\/types\/post"}],"author":[{"embeddable":true,"href":"https:\/\/pierrecardinyatak.com.tr\/ar\/wp-json\/wp\/v2\/users\/1"}],"replies":[{"embeddable":true,"href":"https:\/\/pierrecardinyatak.com.tr\/ar\/wp-json\/wp\/v2\/comments?post=10991"}],"version-history":[{"count":0,"href":"https:\/\/pierrecardinyatak.com.tr\/ar\/wp-json\/wp\/v2\/posts\/10991\/revisions"}],"wp:featuredmedia":[{"embeddable":true,"href":"https:\/\/pierrecardinyatak.com.tr\/ar\/wp-json\/wp\/v2\/media\/9656"}],"wp:attachment":[{"href":"https:\/\/pierrecardinyatak.com.tr\/ar\/wp-json\/wp\/v2\/media?parent=10991"}],"wp:term":[{"taxonomy":"category","embeddable":true,"href":"https:\/\/pierrecardinyatak.com.tr\/ar\/wp-json\/wp\/v2\/categories?post=10991"},{"taxonomy":"post_tag","embeddable":true,"href":"https:\/\/pierrecardinyatak.com.tr\/ar\/wp-json\/wp\/v2\/tags?post=10991"}],"curies":[{"name":"wp","href":"https:\/\/api.w.org\/{rel}","templated":true}]}}