{"id":10987,"date":"2025-06-17T09:48:39","date_gmt":"2025-06-17T06:48:39","guid":{"rendered":"https:\/\/pierrecardinyatak.com.tr\/?p=10987"},"modified":"2025-06-17T11:09:14","modified_gmt":"2025-06-17T08:09:14","slug":"uyku-aliskanligina-gore-yatak-sertligi-nasil-belirlenmeli","status":"publish","type":"post","link":"https:\/\/pierrecardinyatak.com.tr\/ar\/uyku-aliskanligina-gore-yatak-sertligi-nasil-belirlenmeli\/","title":{"rendered":"Uyku Al\u0131\u015fkanl\u0131\u011f\u0131na G\u00f6re Yatak Sertli\u011fi Nas\u0131l Belirlenmeli?"},"content":{"rendered":"<p data-start=\"425\" data-end=\"778\">Yatak se\u00e7imi ki\u015fiseldir. Her bireyin uyku pozisyonu, kilosu, boyu, sa\u011fl\u0131k durumu ve al\u0131\u015fkanl\u0131klar\u0131 farkl\u0131d\u0131r. Bu nedenle en iyi yatak herkes i\u00e7in ayn\u0131 de\u011fildir. Do\u011fru yatak sertli\u011fi, hem uyku konforunu hem de omurga sa\u011fl\u0131\u011f\u0131n\u0131 do\u011frudan etkiler. Peki, yatak sertli\u011fi nas\u0131l belirlenmeli? A\u015fa\u011f\u0131daki rehberle kendinize en uygun yata\u011f\u0131 bulabilirsiniz.<\/p>\n<h3 data-start=\"785\" data-end=\"832\">Uyku Pozisyonu Yatak Sertli\u011fini Belirler<\/h3>\n<p data-start=\"834\" data-end=\"983\">Uyuma \u015fekliniz, v\u00fccudunuzun yata\u011fa uygulad\u0131\u011f\u0131 bask\u0131 noktalar\u0131n\u0131 de\u011fi\u015ftirir. Bu nedenle do\u011fru yatak sertli\u011fi, pozisyonunuza uygun destek sa\u011flamal\u0131d\u0131r.<\/p>\n<h4 data-start=\"985\" data-end=\"1012\">\u27a4 S\u0131rt\u00fcst\u00fc Uyuyanlar<\/h4>\n<p data-start=\"1013\" data-end=\"1152\">S\u0131rt \u00fcst\u00fc uyuyanlar i\u00e7in orta sertlikte yataklar idealdir. Bu sertlik seviyesi, omurga e\u011frisini dengelerken bel bo\u015flu\u011funu da destekler.<\/p>\n<h4 data-start=\"1154\" data-end=\"1180\">\u27a4 Y\u00fcz\u00fcst\u00fc Uyuyanlar<\/h4>\n<p data-start=\"1181\" data-end=\"1343\">Bu pozisyon i\u00e7in sert yatak \u00f6nerilir. Yumu\u015fak yataklarda v\u00fccut \u00f6ne do\u011fru g\u00f6m\u00fclerek boyun ve bel \u00fczerinde a\u015f\u0131r\u0131 bask\u0131 yarat\u0131r. Sert yatak, bu bask\u0131y\u0131 dengeler.<\/p>\n<h4 data-start=\"1345\" data-end=\"1366\">\u27a4 Yan Yatanlar<\/h4>\n<p data-start=\"1367\" data-end=\"1560\">Yan uyuyanlar, omuz ve kal\u00e7a b\u00f6lgelerine daha fazla bask\u0131 uygular. Bu nedenle yumu\u015fak veya orta yumu\u015fak ortopedik yatak tercih edilmelidir. Aksi h\u00e2lde bask\u0131 noktalar\u0131 a\u011fr\u0131ya neden olabilir.<\/p>\n<h3 data-start=\"1567\" data-end=\"1617\">V\u00fccut A\u011f\u0131rl\u0131\u011f\u0131na G\u00f6re Yatak Sertli\u011fi Se\u00e7imi<\/h3>\n<p data-start=\"1619\" data-end=\"1746\">Yata\u011f\u0131n sizi ta\u015f\u0131ma kapasitesi, uyku s\u0131ras\u0131nda yata\u011fa g\u00f6m\u00fclme oran\u0131n\u0131 etkiler. Bu y\u00fczden kilonuza g\u00f6re do\u011fru sertlik \u00f6nemlidir.<\/p>\n<ul data-start=\"1748\" data-end=\"1897\">\n<li data-start=\"1748\" data-end=\"1781\">\n<p data-start=\"1750\" data-end=\"1781\">60 kg alt\u0131: Yumu\u015fak yatak<\/p>\n<\/li>\n<li data-start=\"1782\" data-end=\"1821\">\n<p data-start=\"1784\" data-end=\"1821\">60\u201390 kg aras\u0131: Orta sert yatak<\/p>\n<\/li>\n<li data-start=\"1822\" data-end=\"1897\">\n<p data-start=\"1824\" data-end=\"1897\">90 kg ve \u00fczeri: Sert yatak veya y\u00fcksek yo\u011funluklu ortopedik yatak<\/p>\n<\/li>\n<\/ul>\n<p data-start=\"1899\" data-end=\"1983\">Aksi h\u00e2lde yatak \u00e7ok g\u00f6m\u00fcl\u00fcr ya da \u00e7ok y\u00fczeyde kal\u0131r, bu da uyku kalitesini d\u00fc\u015f\u00fcr\u00fcr.<\/p>\n<h3 data-start=\"1990\" data-end=\"2049\">Yatak Sertli\u011fi ile Sa\u011fl\u0131k Aras\u0131ndaki Do\u011frudan \u0130li\u015fki<\/h3>\n<ul data-start=\"2051\" data-end=\"2368\">\n<li data-start=\"2051\" data-end=\"2183\">\n<p data-start=\"2053\" data-end=\"2183\">Bel f\u0131t\u0131\u011f\u0131 veya skolyoz gibi sorunlar varsa, mutlaka orta sert ya da ki\u015fiye \u00f6zel ortopedik yatak tercih edilmelidir.<\/p>\n<\/li>\n<li data-start=\"2184\" data-end=\"2255\">\n<p data-start=\"2186\" data-end=\"2255\">Kas a\u011fr\u0131s\u0131 \u00e7ekenler i\u00e7in sert yataklar durumu k\u00f6t\u00fcle\u015ftirebilir.<\/p>\n<\/li>\n<li data-start=\"2256\" data-end=\"2368\">\n<p data-start=\"2258\" data-end=\"2368\">Ya\u015fl\u0131lar i\u00e7in ise genellikle yumu\u015fak-orta sertlik konfor sa\u011flar; bask\u0131 noktalar\u0131n\u0131 azalt\u0131r, uykuyu b\u00f6lmez.<\/p>\n<\/li>\n<\/ul>\n<p data-start=\"2370\" data-end=\"2521\">Unutmay\u0131n: Sert yatak her zaman sa\u011fl\u0131kl\u0131 de\u011fildir. V\u00fccuda uyum g\u00f6stermeyen fazla sert yatak, kaslarda gerginli\u011fe ve dola\u015f\u0131m bozuklu\u011funa neden olabilir.<\/p>\n<h3 data-start=\"2528\" data-end=\"2586\">\u00c7ift Ki\u015filik Yataklarda Sertlik Nas\u0131l Dengelenmeli?<\/h3>\n<p data-start=\"2588\" data-end=\"2762\">Farkl\u0131 uyku al\u0131\u015fkanl\u0131klar\u0131na sahip \u00e7iftler i\u00e7in tek \u00e7\u00f6z\u00fcm ayn\u0131 sertlik de\u011fildir. Yeni nesil \u00e7ift ki\u015filik yatak modellerinde her iki taraf farkl\u0131 sertlikte \u00fcretilebiliyor.<\/p>\n<ul data-start=\"2764\" data-end=\"2937\">\n<li data-start=\"2764\" data-end=\"2849\">\n<p data-start=\"2766\" data-end=\"2849\">Baz\u0131 en iyi yatak modellerinde fermuarl\u0131 sistemlerle yatak i\u00e7i b\u00f6l\u00fcnebiliyor.<\/p>\n<\/li>\n<li data-start=\"2850\" data-end=\"2937\">\n<p data-start=\"2852\" data-end=\"2937\">Ayr\u0131ca ba\u011f\u0131ms\u0131z yay teknolojisi sayesinde partnerinizin hareketleri sizi etkilemiyor.<\/p>\n<\/li>\n<\/ul>\n<p data-start=\"2939\" data-end=\"3006\">\u00c7iftler i\u00e7in ideal \u00e7\u00f6z\u00fcm: Orta sert yatak + hareket izolasyonu.<\/p>","protected":false},"excerpt":{"rendered":"<p>Yatak se\u00e7imi ki\u015fiseldir. Her bireyin uyku pozisyonu, kilosu, boyu, sa\u011fl\u0131k durumu ve al\u0131\u015fkanl\u0131klar\u0131 farkl\u0131d\u0131r. Bu nedenle en iyi yatak herkes<\/p>","protected":false},"author":1,"featured_media":9717,"comment_status":"closed","ping_status":"closed","sticky":false,"template":"","format":"standard","meta":{"footnotes":""},"categories":[369],"tags":[],"class_list":["post-10987","post","type-post","status-publish","format-standard","has-post-thumbnail","hentry","category-blog"],"yoast_head":"<!-- This site is optimized with the Yoast SEO plugin v27.4 - https:\/\/yoast.com\/product\/yoast-seo-wordpress\/ -->\n<title>Uyku Al\u0131\u015fkanl\u0131\u011f\u0131na G\u00f6re Yatak Sertli\u011fi Nas\u0131l Belirlenmeli? - Pierre Cardin Yatak<\/title>\n<meta name=\"robots\" content=\"index, follow, max-snippet:-1, max-image-preview:large, max-video-preview:-1\" \/>\n<link rel=\"canonical\" href=\"https:\/\/pierrecardinyatak.com.tr\/ar\/uyku-aliskanligina-gore-yatak-sertligi-nasil-belirlenmeli\/\" \/>\n<meta property=\"og:locale\" content=\"ar_AR\" \/>\n<meta property=\"og:type\" content=\"article\" \/>\n<meta property=\"og:title\" content=\"Uyku Al\u0131\u015fkanl\u0131\u011f\u0131na G\u00f6re Yatak Sertli\u011fi Nas\u0131l Belirlenmeli? - Pierre Cardin Yatak\" \/>\n<meta property=\"og:description\" content=\"Yatak se\u00e7imi ki\u015fiseldir. Her bireyin uyku pozisyonu, kilosu, boyu, sa\u011fl\u0131k durumu ve al\u0131\u015fkanl\u0131klar\u0131 farkl\u0131d\u0131r. Bu nedenle en iyi yatak herkes\" \/>\n<meta property=\"og:url\" content=\"https:\/\/pierrecardinyatak.com.tr\/ar\/uyku-aliskanligina-gore-yatak-sertligi-nasil-belirlenmeli\/\" \/>\n<meta property=\"og:site_name\" content=\"Pierre Cardin Yatak\" \/>\n<meta property=\"article:publisher\" content=\"https:\/\/www.facebook.com\/pierrecardinyatak\" \/>\n<meta property=\"article:published_time\" content=\"2025-06-17T06:48:39+00:00\" \/>\n<meta property=\"article:modified_time\" content=\"2025-06-17T08:09:14+00:00\" \/>\n<meta property=\"og:image\" content=\"https:\/\/pierrecardinyatak.com.tr\/wp-content\/uploads\/2025\/05\/urun-manila2.jpg\" \/>\n\t<meta property=\"og:image:width\" content=\"1330\" \/>\n\t<meta property=\"og:image:height\" content=\"1247\" \/>\n\t<meta property=\"og:image:type\" content=\"image\/jpeg\" \/>\n<meta name=\"author\" content=\"admin\" \/>\n<meta name=\"twitter:card\" content=\"summary_large_image\" \/>\n<meta name=\"twitter:creator\" content=\"@pcardinbedding\" \/>\n<meta name=\"twitter:site\" content=\"@pcardinbedding\" \/>\n<meta name=\"twitter:label1\" content=\"\u0643\u064f\u062a\u0628 \u0628\u0648\u0627\u0633\u0637\u0629\" \/>\n\t<meta name=\"twitter:data1\" content=\"admin\" \/>\n\t<meta name=\"twitter:label2\" content=\"\u0648\u0642\u062a \u0627\u0644\u0642\u0631\u0627\u0621\u0629 \u0627\u0644\u0645\u064f\u0642\u062f\u0651\u0631\" \/>\n\t<meta name=\"twitter:data2\" content=\"3 \u062f\u0642\u0627\u0626\u0642\" \/>\n<script type=\"application\/ld+json\" class=\"yoast-schema-graph\">{\"@context\":\"https:\\\/\\\/schema.org\",\"@graph\":[{\"@type\":\"Article\",\"@id\":\"https:\\\/\\\/pierrecardinyatak.com.tr\\\/uyku-aliskanligina-gore-yatak-sertligi-nasil-belirlenmeli\\\/#article\",\"isPartOf\":{\"@id\":\"https:\\\/\\\/pierrecardinyatak.com.tr\\\/uyku-aliskanligina-gore-yatak-sertligi-nasil-belirlenmeli\\\/\"},\"author\":{\"name\":\"admin\",\"@id\":\"https:\\\/\\\/pierrecardinyatak.com.tr\\\/#\\\/schema\\\/person\\\/1c182155c79ef557a479bd374b58f902\"},\"headline\":\"Uyku Al\u0131\u015fkanl\u0131\u011f\u0131na G\u00f6re Yatak Sertli\u011fi Nas\u0131l Belirlenmeli?\",\"datePublished\":\"2025-06-17T06:48:39+00:00\",\"dateModified\":\"2025-06-17T08:09:14+00:00\",\"mainEntityOfPage\":{\"@id\":\"https:\\\/\\\/pierrecardinyatak.com.tr\\\/uyku-aliskanligina-gore-yatak-sertligi-nasil-belirlenmeli\\\/\"},\"wordCount\":467,\"image\":{\"@id\":\"https:\\\/\\\/pierrecardinyatak.com.tr\\\/uyku-aliskanligina-gore-yatak-sertligi-nasil-belirlenmeli\\\/#primaryimage\"},\"thumbnailUrl\":\"https:\\\/\\\/pierrecardinyatak.com.tr\\\/wp-content\\\/uploads\\\/2025\\\/05\\\/urun-manila2.jpg\",\"articleSection\":[\"Blog\"],\"inLanguage\":\"ar\"},{\"@type\":\"WebPage\",\"@id\":\"https:\\\/\\\/pierrecardinyatak.com.tr\\\/uyku-aliskanligina-gore-yatak-sertligi-nasil-belirlenmeli\\\/\",\"url\":\"https:\\\/\\\/pierrecardinyatak.com.tr\\\/uyku-aliskanligina-gore-yatak-sertligi-nasil-belirlenmeli\\\/\",\"name\":\"Uyku Al\u0131\u015fkanl\u0131\u011f\u0131na G\u00f6re Yatak Sertli\u011fi Nas\u0131l Belirlenmeli? - Pierre Cardin Yatak\",\"isPartOf\":{\"@id\":\"https:\\\/\\\/pierrecardinyatak.com.tr\\\/#website\"},\"primaryImageOfPage\":{\"@id\":\"https:\\\/\\\/pierrecardinyatak.com.tr\\\/uyku-aliskanligina-gore-yatak-sertligi-nasil-belirlenmeli\\\/#primaryimage\"},\"image\":{\"@id\":\"https:\\\/\\\/pierrecardinyatak.com.tr\\\/uyku-aliskanligina-gore-yatak-sertligi-nasil-belirlenmeli\\\/#primaryimage\"},\"thumbnailUrl\":\"https:\\\/\\\/pierrecardinyatak.com.tr\\\/wp-content\\\/uploads\\\/2025\\\/05\\\/urun-manila2.jpg\",\"datePublished\":\"2025-06-17T06:48:39+00:00\",\"dateModified\":\"2025-06-17T08:09:14+00:00\",\"author\":{\"@id\":\"https:\\\/\\\/pierrecardinyatak.com.tr\\\/#\\\/schema\\\/person\\\/1c182155c79ef557a479bd374b58f902\"},\"breadcrumb\":{\"@id\":\"https:\\\/\\\/pierrecardinyatak.com.tr\\\/uyku-aliskanligina-gore-yatak-sertligi-nasil-belirlenmeli\\\/#breadcrumb\"},\"inLanguage\":\"ar\",\"potentialAction\":[{\"@type\":\"ReadAction\",\"target\":[\"https:\\\/\\\/pierrecardinyatak.com.tr\\\/uyku-aliskanligina-gore-yatak-sertligi-nasil-belirlenmeli\\\/\"]}]},{\"@type\":\"ImageObject\",\"inLanguage\":\"ar\",\"@id\":\"https:\\\/\\\/pierrecardinyatak.com.tr\\\/uyku-aliskanligina-gore-yatak-sertligi-nasil-belirlenmeli\\\/#primaryimage\",\"url\":\"https:\\\/\\\/pierrecardinyatak.com.tr\\\/wp-content\\\/uploads\\\/2025\\\/05\\\/urun-manila2.jpg\",\"contentUrl\":\"https:\\\/\\\/pierrecardinyatak.com.tr\\\/wp-content\\\/uploads\\\/2025\\\/05\\\/urun-manila2.jpg\",\"width\":1330,\"height\":1247},{\"@type\":\"BreadcrumbList\",\"@id\":\"https:\\\/\\\/pierrecardinyatak.com.tr\\\/uyku-aliskanligina-gore-yatak-sertligi-nasil-belirlenmeli\\\/#breadcrumb\",\"itemListElement\":[{\"@type\":\"ListItem\",\"position\":1,\"name\":\"Anasayfa\",\"item\":\"https:\\\/\\\/pierrecardinyatak.com.tr\\\/\"},{\"@type\":\"ListItem\",\"position\":2,\"name\":\"Uyku Al\u0131\u015fkanl\u0131\u011f\u0131na G\u00f6re Yatak Sertli\u011fi Nas\u0131l Belirlenmeli?\"}]},{\"@type\":\"WebSite\",\"@id\":\"https:\\\/\\\/pierrecardinyatak.com.tr\\\/#website\",\"url\":\"https:\\\/\\\/pierrecardinyatak.com.tr\\\/\",\"name\":\"Pierre Cardin Yatak\",\"description\":\"-\",\"potentialAction\":[{\"@type\":\"SearchAction\",\"target\":{\"@type\":\"EntryPoint\",\"urlTemplate\":\"https:\\\/\\\/pierrecardinyatak.com.tr\\\/?s={search_term_string}\"},\"query-input\":{\"@type\":\"PropertyValueSpecification\",\"valueRequired\":true,\"valueName\":\"search_term_string\"}}],\"inLanguage\":\"ar\"},{\"@type\":\"Person\",\"@id\":\"https:\\\/\\\/pierrecardinyatak.com.tr\\\/#\\\/schema\\\/person\\\/1c182155c79ef557a479bd374b58f902\",\"name\":\"admin\",\"image\":{\"@type\":\"ImageObject\",\"inLanguage\":\"ar\",\"@id\":\"https:\\\/\\\/secure.gravatar.com\\\/avatar\\\/3a0c75d6a4a7b2213bf32cead72e590c8f6aa56e5c7c70ea801e74aa7a9372bc?s=96&d=mm&r=g\",\"url\":\"https:\\\/\\\/secure.gravatar.com\\\/avatar\\\/3a0c75d6a4a7b2213bf32cead72e590c8f6aa56e5c7c70ea801e74aa7a9372bc?s=96&d=mm&r=g\",\"contentUrl\":\"https:\\\/\\\/secure.gravatar.com\\\/avatar\\\/3a0c75d6a4a7b2213bf32cead72e590c8f6aa56e5c7c70ea801e74aa7a9372bc?s=96&d=mm&r=g\",\"caption\":\"admin\"},\"sameAs\":[\"https:\\\/\\\/pierrecardinbedding.com.tr\"],\"url\":\"https:\\\/\\\/pierrecardinyatak.com.tr\\\/ar\\\/author\\\/admin\\\/\"}]}<\/script>\n<!-- \/ Yoast SEO plugin. -->","yoast_head_json":{"title":"Uyku Al\u0131\u015fkanl\u0131\u011f\u0131na G\u00f6re Yatak Sertli\u011fi Nas\u0131l Belirlenmeli? - Pierre Cardin Yatak","robots":{"index":"index","follow":"follow","max-snippet":"max-snippet:-1","max-image-preview":"max-image-preview:large","max-video-preview":"max-video-preview:-1"},"canonical":"https:\/\/pierrecardinyatak.com.tr\/ar\/uyku-aliskanligina-gore-yatak-sertligi-nasil-belirlenmeli\/","og_locale":"ar_AR","og_type":"article","og_title":"Uyku Al\u0131\u015fkanl\u0131\u011f\u0131na G\u00f6re Yatak Sertli\u011fi Nas\u0131l Belirlenmeli? - Pierre Cardin Yatak","og_description":"Yatak se\u00e7imi ki\u015fiseldir. Her bireyin uyku pozisyonu, kilosu, boyu, sa\u011fl\u0131k durumu ve al\u0131\u015fkanl\u0131klar\u0131 farkl\u0131d\u0131r. Bu nedenle en iyi yatak herkes","og_url":"https:\/\/pierrecardinyatak.com.tr\/ar\/uyku-aliskanligina-gore-yatak-sertligi-nasil-belirlenmeli\/","og_site_name":"Pierre Cardin Yatak","article_publisher":"https:\/\/www.facebook.com\/pierrecardinyatak","article_published_time":"2025-06-17T06:48:39+00:00","article_modified_time":"2025-06-17T08:09:14+00:00","og_image":[{"width":1330,"height":1247,"url":"https:\/\/pierrecardinyatak.com.tr\/wp-content\/uploads\/2025\/05\/urun-manila2.jpg","type":"image\/jpeg"}],"author":"admin","twitter_card":"summary_large_image","twitter_creator":"@pcardinbedding","twitter_site":"@pcardinbedding","twitter_misc":{"\u0643\u064f\u062a\u0628 \u0628\u0648\u0627\u0633\u0637\u0629":"admin","\u0648\u0642\u062a \u0627\u0644\u0642\u0631\u0627\u0621\u0629 \u0627\u0644\u0645\u064f\u0642\u062f\u0651\u0631":"3 \u062f\u0642\u0627\u0626\u0642"},"schema":{"@context":"https:\/\/schema.org","@graph":[{"@type":"Article","@id":"https:\/\/pierrecardinyatak.com.tr\/uyku-aliskanligina-gore-yatak-sertligi-nasil-belirlenmeli\/#article","isPartOf":{"@id":"https:\/\/pierrecardinyatak.com.tr\/uyku-aliskanligina-gore-yatak-sertligi-nasil-belirlenmeli\/"},"author":{"name":"admin","@id":"https:\/\/pierrecardinyatak.com.tr\/#\/schema\/person\/1c182155c79ef557a479bd374b58f902"},"headline":"Uyku Al\u0131\u015fkanl\u0131\u011f\u0131na G\u00f6re Yatak Sertli\u011fi Nas\u0131l Belirlenmeli?","datePublished":"2025-06-17T06:48:39+00:00","dateModified":"2025-06-17T08:09:14+00:00","mainEntityOfPage":{"@id":"https:\/\/pierrecardinyatak.com.tr\/uyku-aliskanligina-gore-yatak-sertligi-nasil-belirlenmeli\/"},"wordCount":467,"image":{"@id":"https:\/\/pierrecardinyatak.com.tr\/uyku-aliskanligina-gore-yatak-sertligi-nasil-belirlenmeli\/#primaryimage"},"thumbnailUrl":"https:\/\/pierrecardinyatak.com.tr\/wp-content\/uploads\/2025\/05\/urun-manila2.jpg","articleSection":["Blog"],"inLanguage":"ar"},{"@type":"WebPage","@id":"https:\/\/pierrecardinyatak.com.tr\/uyku-aliskanligina-gore-yatak-sertligi-nasil-belirlenmeli\/","url":"https:\/\/pierrecardinyatak.com.tr\/uyku-aliskanligina-gore-yatak-sertligi-nasil-belirlenmeli\/","name":"Uyku Al\u0131\u015fkanl\u0131\u011f\u0131na G\u00f6re Yatak Sertli\u011fi Nas\u0131l Belirlenmeli? - Pierre Cardin Yatak","isPartOf":{"@id":"https:\/\/pierrecardinyatak.com.tr\/#website"},"primaryImageOfPage":{"@id":"https:\/\/pierrecardinyatak.com.tr\/uyku-aliskanligina-gore-yatak-sertligi-nasil-belirlenmeli\/#primaryimage"},"image":{"@id":"https:\/\/pierrecardinyatak.com.tr\/uyku-aliskanligina-gore-yatak-sertligi-nasil-belirlenmeli\/#primaryimage"},"thumbnailUrl":"https:\/\/pierrecardinyatak.com.tr\/wp-content\/uploads\/2025\/05\/urun-manila2.jpg","datePublished":"2025-06-17T06:48:39+00:00","dateModified":"2025-06-17T08:09:14+00:00","author":{"@id":"https:\/\/pierrecardinyatak.com.tr\/#\/schema\/person\/1c182155c79ef557a479bd374b58f902"},"breadcrumb":{"@id":"https:\/\/pierrecardinyatak.com.tr\/uyku-aliskanligina-gore-yatak-sertligi-nasil-belirlenmeli\/#breadcrumb"},"inLanguage":"ar","potentialAction":[{"@type":"ReadAction","target":["https:\/\/pierrecardinyatak.com.tr\/uyku-aliskanligina-gore-yatak-sertligi-nasil-belirlenmeli\/"]}]},{"@type":"ImageObject","inLanguage":"ar","@id":"https:\/\/pierrecardinyatak.com.tr\/uyku-aliskanligina-gore-yatak-sertligi-nasil-belirlenmeli\/#primaryimage","url":"https:\/\/pierrecardinyatak.com.tr\/wp-content\/uploads\/2025\/05\/urun-manila2.jpg","contentUrl":"https:\/\/pierrecardinyatak.com.tr\/wp-content\/uploads\/2025\/05\/urun-manila2.jpg","width":1330,"height":1247},{"@type":"BreadcrumbList","@id":"https:\/\/pierrecardinyatak.com.tr\/uyku-aliskanligina-gore-yatak-sertligi-nasil-belirlenmeli\/#breadcrumb","itemListElement":[{"@type":"ListItem","position":1,"name":"Anasayfa","item":"https:\/\/pierrecardinyatak.com.tr\/"},{"@type":"ListItem","position":2,"name":"Uyku Al\u0131\u015fkanl\u0131\u011f\u0131na G\u00f6re Yatak Sertli\u011fi Nas\u0131l Belirlenmeli?"}]},{"@type":"WebSite","@id":"https:\/\/pierrecardinyatak.com.tr\/#website","url":"https:\/\/pierrecardinyatak.com.tr\/","name":"\u0633\u0631\u064a\u0631 \u0628\u064a\u064a\u0631 \u0643\u0627\u0631\u062f\u0627\u0646","description":"-","potentialAction":[{"@type":"SearchAction","target":{"@type":"EntryPoint","urlTemplate":"https:\/\/pierrecardinyatak.com.tr\/?s={search_term_string}"},"query-input":{"@type":"PropertyValueSpecification","valueRequired":true,"valueName":"search_term_string"}}],"inLanguage":"ar"},{"@type":"Person","@id":"https:\/\/pierrecardinyatak.com.tr\/#\/schema\/person\/1c182155c79ef557a479bd374b58f902","name":"\u0627\u0644\u0645\u0634\u0631\u0641","image":{"@type":"ImageObject","inLanguage":"ar","@id":"https:\/\/secure.gravatar.com\/avatar\/3a0c75d6a4a7b2213bf32cead72e590c8f6aa56e5c7c70ea801e74aa7a9372bc?s=96&d=mm&r=g","url":"https:\/\/secure.gravatar.com\/avatar\/3a0c75d6a4a7b2213bf32cead72e590c8f6aa56e5c7c70ea801e74aa7a9372bc?s=96&d=mm&r=g","contentUrl":"https:\/\/secure.gravatar.com\/avatar\/3a0c75d6a4a7b2213bf32cead72e590c8f6aa56e5c7c70ea801e74aa7a9372bc?s=96&d=mm&r=g","caption":"admin"},"sameAs":["https:\/\/pierrecardinbedding.com.tr"],"url":"https:\/\/pierrecardinyatak.com.tr\/ar\/author\/admin\/"}]}},"_links":{"self":[{"href":"https:\/\/pierrecardinyatak.com.tr\/ar\/wp-json\/wp\/v2\/posts\/10987","targetHints":{"allow":["GET"]}}],"collection":[{"href":"https:\/\/pierrecardinyatak.com.tr\/ar\/wp-json\/wp\/v2\/posts"}],"about":[{"href":"https:\/\/pierrecardinyatak.com.tr\/ar\/wp-json\/wp\/v2\/types\/post"}],"author":[{"embeddable":true,"href":"https:\/\/pierrecardinyatak.com.tr\/ar\/wp-json\/wp\/v2\/users\/1"}],"replies":[{"embeddable":true,"href":"https:\/\/pierrecardinyatak.com.tr\/ar\/wp-json\/wp\/v2\/comments?post=10987"}],"version-history":[{"count":0,"href":"https:\/\/pierrecardinyatak.com.tr\/ar\/wp-json\/wp\/v2\/posts\/10987\/revisions"}],"wp:featuredmedia":[{"embeddable":true,"href":"https:\/\/pierrecardinyatak.com.tr\/ar\/wp-json\/wp\/v2\/media\/9717"}],"wp:attachment":[{"href":"https:\/\/pierrecardinyatak.com.tr\/ar\/wp-json\/wp\/v2\/media?parent=10987"}],"wp:term":[{"taxonomy":"category","embeddable":true,"href":"https:\/\/pierrecardinyatak.com.tr\/ar\/wp-json\/wp\/v2\/categories?post=10987"},{"taxonomy":"post_tag","embeddable":true,"href":"https:\/\/pierrecardinyatak.com.tr\/ar\/wp-json\/wp\/v2\/tags?post=10987"}],"curies":[{"name":"wp","href":"https:\/\/api.w.org\/{rel}","templated":true}]}}