{"id":11385,"date":"2025-07-21T15:35:30","date_gmt":"2025-07-21T12:35:30","guid":{"rendered":"https:\/\/pierrecardinyatak.com.tr\/?p=11385"},"modified":"2025-08-20T17:26:04","modified_gmt":"2025-08-20T14:26:04","slug":"uykuda-rahatligi-yeniden-tanimlayin-saglik-ve-konfor-icin-ozel-yatak-secenekleri","status":"publish","type":"post","link":"https:\/\/pierrecardinyatak.com.tr\/af\/uykuda-rahatligi-yeniden-tanimlayin-saglik-ve-konfor-icin-ozel-yatak-secenekleri\/","title":{"rendered":"Uykuda Rahatl\u0131\u011f\u0131 Yeniden Tan\u0131mlay\u0131n: Sa\u011fl\u0131k ve Konfor \u0130\u00e7in \u00d6zel Yatak Se\u00e7enekleri"},"content":{"rendered":"<p>Her sabah yorgun mu uyan\u0131yorsunuz? Geceleri a\u015f\u0131r\u0131 terliyor ya da tam tersi, battaniyeye sar\u0131lmadan uyuyam\u0131yor musunuz? Belki de uykusuzluk, s\u0131rt a\u011fr\u0131s\u0131 ya da g\u00fcn boyunca s\u00fcren enerji eksikli\u011fi ile m\u00fccadele ediyorsunuz. O halde, klasik yataklardan \u00e7ok daha fazlas\u0131n\u0131 sunan \u00f6zel fonksiyonlu yatak modelleriyle tan\u0131\u015fma zaman\u0131n\u0131z geldi!<\/p>\n<p>S\u0131rt A\u011fr\u0131s\u0131 \u0130\u00e7in Yatak: Omurgan\u0131za Destek, Gecenize Konfor<\/p>\n<p>Modern ya\u015fam tarz\u0131, masa ba\u015f\u0131 i\u015fler ve hareketsizlik s\u0131rt a\u011fr\u0131lar\u0131n\u0131 yayg\u0131nla\u015ft\u0131rd\u0131. Bu nedenle s\u0131rt a\u011fr\u0131s\u0131 i\u00e7in yatak se\u00e7erken, ortopedik ve v\u00fccut anatomisine uygun destek sunan modelleri tercih etmek \u00f6nemli. Visco veya lateks yap\u0131lar, v\u00fccudun her noktas\u0131na e\u015fit bask\u0131 uygulayarak omurgan\u0131n do\u011fal formunu korur ve sabahlar\u0131 a\u011fr\u0131s\u0131z uyanman\u0131za yard\u0131mc\u0131 olur.<\/p>\n<p>Terletmeyen Yatak \u2013 Serin ve Huzurlu Uyku Deneyimi<\/p>\n<p>Gece boyunca s\u00fcrekli terleyip uyanmak bir i\u015fkenceye d\u00f6n\u00fc\u015fmesin. Terletmeyen yatak modelleri, hava dola\u015f\u0131m\u0131n\u0131 art\u0131ran \u00f6zel kuma\u015flar ve nefes alabilir yap\u0131lar\u0131 sayesinde ideal s\u0131cakl\u0131k dengesini sa\u011flar. \u00d6zellikle bambu, pamuk ve h\u00fccre yenileyici yatak teknolojisi ile desteklenen modeller, yaz-k\u0131\u015f konfor sunar.<\/p>\n<p>\u00dc\u015f\u00fcyenler \u0130\u00e7in Yatak \u2013 S\u0131cac\u0131k ve Yumu\u015fak<\/p>\n<p>So\u011fuk k\u0131\u015f gecelerinde elleriniz ve ayaklar\u0131n\u0131z buz gibi oluyorsa, sizin i\u00e7in ideal \u00e7\u00f6z\u00fcm \u00fc\u015f\u00fcyenler i\u00e7in yatak modelleridir. Y\u00fcn destekli ve \u0131s\u0131 yal\u0131t\u0131m\u0131 y\u00fcksek katmanlara sahip \u00fcr\u00fcnler, v\u00fccut s\u0131cakl\u0131\u011f\u0131n\u0131z\u0131 dengede tutar. Ayn\u0131 zamanda hassas cilt yap\u0131s\u0131 i\u00e7in de uygundur.<\/p>\n<p>Uykusuzluk \u0130\u00e7in Yatak \u2013 Zihni ve Bedeni Rahatlatan Y\u00fczeyler<\/p>\n<p>Gece boyunca d\u00f6n\u00fcp durmak, zihni susturamamak m\u0131? Belki de sorun yata\u011f\u0131n\u0131zda yat\u0131yor. Uykusuzluk i\u00e7in yatak se\u00e7erken, bas\u0131nc\u0131 azaltan \u00f6zelliklere sahip hassas destekli modelleri tercih etmek ak\u0131ll\u0131ca olacakt\u0131r. Yumu\u015fak ge\u00e7i\u015fli ve ses yapmayan malzemeler, gev\u015femenizi ve daha h\u0131zl\u0131 bir \u015fekilde uykuya dalman\u0131z\u0131 sa\u011flar<\/p>\n<p>. Temiz Uyku \u0130\u00e7in Yatak \u2013 Hijyenik ve Alerji Kar\u015f\u0131t\u0131<\/p>\n<p>Temiz bir uyku i\u00e7in yatak, \u00f6zellikle alerjik b\u00fcnyeye sahip olanlar i\u00e7in son derece \u00f6nemlidir. Antialerjik ve antimikrobiyel yatak se\u00e7enekleri, toz akarlar\u0131 ve bakterilere kar\u015f\u0131 \u00f6zel olarak geli\u015ftirilmi\u015f kuma\u015flarla kaplanm\u0131\u015ft\u0131r. Uyand\u0131\u011f\u0131n\u0131zda burun t\u0131kan\u0131kl\u0131\u011f\u0131, ka\u015f\u0131nt\u0131 ya da bo\u011faz kurulu\u011fu gibi sorunlar ya\u015famamak i\u00e7in bu modeller ger\u00e7ekten vazge\u00e7ilmezdir.<\/p>\n<p>Do\u011fall\u0131k Arayanlar \u0130\u00e7in Yatak \u2013 Kimyasals\u0131z, Saf ve Huzurlu<\/p>\n<p>Do\u011fall\u0131\u011f\u0131 tercih edenler i\u00e7in yatak, organik pamuk, bambu elyaf\u0131 ve lateks gibi do\u011fal malzemelerle \u00fcretilir. Kimyasal i\u00e7ermeyen bu yataklar, do\u011faya duyarl\u0131 bir ya\u015fam tarz\u0131n\u0131 benimseyenler i\u00e7in tasarlanm\u0131\u015ft\u0131r. Hem \u00e7evre dostu hem de cilt sa\u011fl\u0131\u011f\u0131na zarar vermeyen bu modeller, do\u011fal ya\u015fam tarz\u0131n\u0131za m\u00fckemmel bir uyum sa\u011flar.<\/p>\n<p>Anti-Aging ve H\u00fccre Yenileyici Yataklar \u2013 Uykuda Yenilenin<\/p>\n<p>Anti-aging ve h\u00fccre yenileyici yatak teknolojileri, \u00f6zel kuma\u015flar ve iyon bazl\u0131 desteklerle cildinizin gece boyunca dinlenmesine yard\u0131mc\u0131 olur. G\u00fcm\u00fc\u015f iyonlu veya termal dengeleyici kuma\u015flarla \u00fcretilen bu modeller, gece boyunca yenilenme s\u00fcrecinizi destekler.<\/p>","protected":false},"excerpt":{"rendered":"<p>Her sabah yorgun mu uyan\u0131yorsunuz? Geceleri a\u015f\u0131r\u0131 terliyor ya da tam tersi, battaniyeye sar\u0131lmadan uyuyam\u0131yor musunuz? Belki de uykusuzluk, s\u0131rt<\/p>","protected":false},"author":1,"featured_media":8035,"comment_status":"closed","ping_status":"closed","sticky":false,"template":"","format":"standard","meta":{"footnotes":""},"categories":[369],"tags":[],"class_list":["post-11385","post","type-post","status-publish","format-standard","has-post-thumbnail","hentry","category-blog"],"yoast_head":"<!-- This site is optimized with the Yoast SEO plugin v27.4 - https:\/\/yoast.com\/product\/yoast-seo-wordpress\/ -->\n<title>Uykuda Rahatl\u0131\u011f\u0131 Yeniden Tan\u0131mlay\u0131n: Sa\u011fl\u0131k ve Konfor \u0130\u00e7in \u00d6zel Yatak Se\u00e7enekleri - Pierre Cardin Yatak<\/title>\n<meta name=\"robots\" content=\"index, follow, max-snippet:-1, max-image-preview:large, max-video-preview:-1\" \/>\n<link rel=\"canonical\" href=\"https:\/\/pierrecardinyatak.com.tr\/af\/uykuda-rahatligi-yeniden-tanimlayin-saglik-ve-konfor-icin-ozel-yatak-secenekleri\/\" \/>\n<meta property=\"og:locale\" content=\"en_US\" \/>\n<meta property=\"og:type\" content=\"article\" \/>\n<meta property=\"og:title\" content=\"Uykuda Rahatl\u0131\u011f\u0131 Yeniden Tan\u0131mlay\u0131n: Sa\u011fl\u0131k ve Konfor \u0130\u00e7in \u00d6zel Yatak Se\u00e7enekleri - Pierre Cardin Yatak\" \/>\n<meta property=\"og:description\" content=\"Her sabah yorgun mu uyan\u0131yorsunuz? Geceleri a\u015f\u0131r\u0131 terliyor ya da tam tersi, battaniyeye sar\u0131lmadan uyuyam\u0131yor musunuz? Belki de uykusuzluk, s\u0131rt\" \/>\n<meta property=\"og:url\" content=\"https:\/\/pierrecardinyatak.com.tr\/af\/uykuda-rahatligi-yeniden-tanimlayin-saglik-ve-konfor-icin-ozel-yatak-secenekleri\/\" \/>\n<meta property=\"og:site_name\" content=\"Pierre Cardin Yatak\" \/>\n<meta property=\"article:publisher\" content=\"https:\/\/www.facebook.com\/pierrecardinyatak\" \/>\n<meta property=\"article:published_time\" content=\"2025-07-21T12:35:30+00:00\" \/>\n<meta property=\"article:modified_time\" content=\"2025-08-20T14:26:04+00:00\" \/>\n<meta property=\"og:image\" content=\"https:\/\/pierrecardinyatak.com.tr\/wp-content\/uploads\/2022\/11\/pierre-cardin-relaxa-yatak-3.jpg\" \/>\n\t<meta property=\"og:image:width\" content=\"1455\" \/>\n\t<meta property=\"og:image:height\" content=\"1090\" \/>\n\t<meta property=\"og:image:type\" content=\"image\/jpeg\" \/>\n<meta name=\"author\" content=\"admin\" \/>\n<meta name=\"twitter:card\" content=\"summary_large_image\" \/>\n<meta name=\"twitter:creator\" content=\"@pcardinbedding\" \/>\n<meta name=\"twitter:site\" content=\"@pcardinbedding\" \/>\n<meta name=\"twitter:label1\" content=\"Written by\" \/>\n\t<meta name=\"twitter:data1\" content=\"admin\" \/>\n\t<meta name=\"twitter:label2\" content=\"Est. reading time\" \/>\n\t<meta name=\"twitter:data2\" content=\"3 minute\" \/>\n<script type=\"application\/ld+json\" class=\"yoast-schema-graph\">{\"@context\":\"https:\\\/\\\/schema.org\",\"@graph\":[{\"@type\":\"Article\",\"@id\":\"https:\\\/\\\/pierrecardinyatak.com.tr\\\/uykuda-rahatligi-yeniden-tanimlayin-saglik-ve-konfor-icin-ozel-yatak-secenekleri\\\/#article\",\"isPartOf\":{\"@id\":\"https:\\\/\\\/pierrecardinyatak.com.tr\\\/uykuda-rahatligi-yeniden-tanimlayin-saglik-ve-konfor-icin-ozel-yatak-secenekleri\\\/\"},\"author\":{\"name\":\"admin\",\"@id\":\"https:\\\/\\\/pierrecardinyatak.com.tr\\\/#\\\/schema\\\/person\\\/1c182155c79ef557a479bd374b58f902\"},\"headline\":\"Uykuda Rahatl\u0131\u011f\u0131 Yeniden Tan\u0131mlay\u0131n: Sa\u011fl\u0131k ve Konfor \u0130\u00e7in \u00d6zel Yatak Se\u00e7enekleri\",\"datePublished\":\"2025-07-21T12:35:30+00:00\",\"dateModified\":\"2025-08-20T14:26:04+00:00\",\"mainEntityOfPage\":{\"@id\":\"https:\\\/\\\/pierrecardinyatak.com.tr\\\/uykuda-rahatligi-yeniden-tanimlayin-saglik-ve-konfor-icin-ozel-yatak-secenekleri\\\/\"},\"wordCount\":549,\"image\":{\"@id\":\"https:\\\/\\\/pierrecardinyatak.com.tr\\\/uykuda-rahatligi-yeniden-tanimlayin-saglik-ve-konfor-icin-ozel-yatak-secenekleri\\\/#primaryimage\"},\"thumbnailUrl\":\"https:\\\/\\\/pierrecardinyatak.com.tr\\\/wp-content\\\/uploads\\\/2022\\\/11\\\/pierre-cardin-relaxa-yatak-3.jpg\",\"articleSection\":[\"Blog\"],\"inLanguage\":\"af-ZA\"},{\"@type\":\"WebPage\",\"@id\":\"https:\\\/\\\/pierrecardinyatak.com.tr\\\/uykuda-rahatligi-yeniden-tanimlayin-saglik-ve-konfor-icin-ozel-yatak-secenekleri\\\/\",\"url\":\"https:\\\/\\\/pierrecardinyatak.com.tr\\\/uykuda-rahatligi-yeniden-tanimlayin-saglik-ve-konfor-icin-ozel-yatak-secenekleri\\\/\",\"name\":\"Uykuda Rahatl\u0131\u011f\u0131 Yeniden Tan\u0131mlay\u0131n: Sa\u011fl\u0131k ve Konfor \u0130\u00e7in \u00d6zel Yatak Se\u00e7enekleri - Pierre Cardin Yatak\",\"isPartOf\":{\"@id\":\"https:\\\/\\\/pierrecardinyatak.com.tr\\\/#website\"},\"primaryImageOfPage\":{\"@id\":\"https:\\\/\\\/pierrecardinyatak.com.tr\\\/uykuda-rahatligi-yeniden-tanimlayin-saglik-ve-konfor-icin-ozel-yatak-secenekleri\\\/#primaryimage\"},\"image\":{\"@id\":\"https:\\\/\\\/pierrecardinyatak.com.tr\\\/uykuda-rahatligi-yeniden-tanimlayin-saglik-ve-konfor-icin-ozel-yatak-secenekleri\\\/#primaryimage\"},\"thumbnailUrl\":\"https:\\\/\\\/pierrecardinyatak.com.tr\\\/wp-content\\\/uploads\\\/2022\\\/11\\\/pierre-cardin-relaxa-yatak-3.jpg\",\"datePublished\":\"2025-07-21T12:35:30+00:00\",\"dateModified\":\"2025-08-20T14:26:04+00:00\",\"author\":{\"@id\":\"https:\\\/\\\/pierrecardinyatak.com.tr\\\/#\\\/schema\\\/person\\\/1c182155c79ef557a479bd374b58f902\"},\"breadcrumb\":{\"@id\":\"https:\\\/\\\/pierrecardinyatak.com.tr\\\/uykuda-rahatligi-yeniden-tanimlayin-saglik-ve-konfor-icin-ozel-yatak-secenekleri\\\/#breadcrumb\"},\"inLanguage\":\"af-ZA\",\"potentialAction\":[{\"@type\":\"ReadAction\",\"target\":[\"https:\\\/\\\/pierrecardinyatak.com.tr\\\/uykuda-rahatligi-yeniden-tanimlayin-saglik-ve-konfor-icin-ozel-yatak-secenekleri\\\/\"]}]},{\"@type\":\"ImageObject\",\"inLanguage\":\"af-ZA\",\"@id\":\"https:\\\/\\\/pierrecardinyatak.com.tr\\\/uykuda-rahatligi-yeniden-tanimlayin-saglik-ve-konfor-icin-ozel-yatak-secenekleri\\\/#primaryimage\",\"url\":\"https:\\\/\\\/pierrecardinyatak.com.tr\\\/wp-content\\\/uploads\\\/2022\\\/11\\\/pierre-cardin-relaxa-yatak-3.jpg\",\"contentUrl\":\"https:\\\/\\\/pierrecardinyatak.com.tr\\\/wp-content\\\/uploads\\\/2022\\\/11\\\/pierre-cardin-relaxa-yatak-3.jpg\",\"width\":1455,\"height\":1090,\"caption\":\"Relaxa yatak, rahat uyku i\u00e7in ideal bir tercihtir.\"},{\"@type\":\"BreadcrumbList\",\"@id\":\"https:\\\/\\\/pierrecardinyatak.com.tr\\\/uykuda-rahatligi-yeniden-tanimlayin-saglik-ve-konfor-icin-ozel-yatak-secenekleri\\\/#breadcrumb\",\"itemListElement\":[{\"@type\":\"ListItem\",\"position\":1,\"name\":\"Anasayfa\",\"item\":\"https:\\\/\\\/pierrecardinyatak.com.tr\\\/\"},{\"@type\":\"ListItem\",\"position\":2,\"name\":\"Uykuda Rahatl\u0131\u011f\u0131 Yeniden Tan\u0131mlay\u0131n: Sa\u011fl\u0131k ve Konfor \u0130\u00e7in \u00d6zel Yatak Se\u00e7enekleri\"}]},{\"@type\":\"WebSite\",\"@id\":\"https:\\\/\\\/pierrecardinyatak.com.tr\\\/#website\",\"url\":\"https:\\\/\\\/pierrecardinyatak.com.tr\\\/\",\"name\":\"Pierre Cardin Yatak\",\"description\":\"-\",\"potentialAction\":[{\"@type\":\"SearchAction\",\"target\":{\"@type\":\"EntryPoint\",\"urlTemplate\":\"https:\\\/\\\/pierrecardinyatak.com.tr\\\/?s={search_term_string}\"},\"query-input\":{\"@type\":\"PropertyValueSpecification\",\"valueRequired\":true,\"valueName\":\"search_term_string\"}}],\"inLanguage\":\"af-ZA\"},{\"@type\":\"Person\",\"@id\":\"https:\\\/\\\/pierrecardinyatak.com.tr\\\/#\\\/schema\\\/person\\\/1c182155c79ef557a479bd374b58f902\",\"name\":\"admin\",\"image\":{\"@type\":\"ImageObject\",\"inLanguage\":\"af-ZA\",\"@id\":\"https:\\\/\\\/secure.gravatar.com\\\/avatar\\\/3a0c75d6a4a7b2213bf32cead72e590c8f6aa56e5c7c70ea801e74aa7a9372bc?s=96&d=mm&r=g\",\"url\":\"https:\\\/\\\/secure.gravatar.com\\\/avatar\\\/3a0c75d6a4a7b2213bf32cead72e590c8f6aa56e5c7c70ea801e74aa7a9372bc?s=96&d=mm&r=g\",\"contentUrl\":\"https:\\\/\\\/secure.gravatar.com\\\/avatar\\\/3a0c75d6a4a7b2213bf32cead72e590c8f6aa56e5c7c70ea801e74aa7a9372bc?s=96&d=mm&r=g\",\"caption\":\"admin\"},\"sameAs\":[\"https:\\\/\\\/pierrecardinbedding.com.tr\"],\"url\":\"https:\\\/\\\/pierrecardinyatak.com.tr\\\/af\\\/author\\\/admin\\\/\"}]}<\/script>\n<!-- \/ Yoast SEO plugin. -->","yoast_head_json":{"title":"Uykuda Rahatl\u0131\u011f\u0131 Yeniden Tan\u0131mlay\u0131n: Sa\u011fl\u0131k ve Konfor \u0130\u00e7in \u00d6zel Yatak Se\u00e7enekleri - Pierre Cardin Yatak","robots":{"index":"index","follow":"follow","max-snippet":"max-snippet:-1","max-image-preview":"max-image-preview:large","max-video-preview":"max-video-preview:-1"},"canonical":"https:\/\/pierrecardinyatak.com.tr\/af\/uykuda-rahatligi-yeniden-tanimlayin-saglik-ve-konfor-icin-ozel-yatak-secenekleri\/","og_locale":"en_US","og_type":"article","og_title":"Uykuda Rahatl\u0131\u011f\u0131 Yeniden Tan\u0131mlay\u0131n: Sa\u011fl\u0131k ve Konfor \u0130\u00e7in \u00d6zel Yatak Se\u00e7enekleri - Pierre Cardin Yatak","og_description":"Her sabah yorgun mu uyan\u0131yorsunuz? Geceleri a\u015f\u0131r\u0131 terliyor ya da tam tersi, battaniyeye sar\u0131lmadan uyuyam\u0131yor musunuz? Belki de uykusuzluk, s\u0131rt","og_url":"https:\/\/pierrecardinyatak.com.tr\/af\/uykuda-rahatligi-yeniden-tanimlayin-saglik-ve-konfor-icin-ozel-yatak-secenekleri\/","og_site_name":"Pierre Cardin Yatak","article_publisher":"https:\/\/www.facebook.com\/pierrecardinyatak","article_published_time":"2025-07-21T12:35:30+00:00","article_modified_time":"2025-08-20T14:26:04+00:00","og_image":[{"width":1455,"height":1090,"url":"https:\/\/pierrecardinyatak.com.tr\/wp-content\/uploads\/2022\/11\/pierre-cardin-relaxa-yatak-3.jpg","type":"image\/jpeg"}],"author":"admin","twitter_card":"summary_large_image","twitter_creator":"@pcardinbedding","twitter_site":"@pcardinbedding","twitter_misc":{"Written by":"admin","Est. reading time":"3 minute"},"schema":{"@context":"https:\/\/schema.org","@graph":[{"@type":"Article","@id":"https:\/\/pierrecardinyatak.com.tr\/uykuda-rahatligi-yeniden-tanimlayin-saglik-ve-konfor-icin-ozel-yatak-secenekleri\/#article","isPartOf":{"@id":"https:\/\/pierrecardinyatak.com.tr\/uykuda-rahatligi-yeniden-tanimlayin-saglik-ve-konfor-icin-ozel-yatak-secenekleri\/"},"author":{"name":"admin","@id":"https:\/\/pierrecardinyatak.com.tr\/#\/schema\/person\/1c182155c79ef557a479bd374b58f902"},"headline":"Uykuda Rahatl\u0131\u011f\u0131 Yeniden Tan\u0131mlay\u0131n: Sa\u011fl\u0131k ve Konfor \u0130\u00e7in \u00d6zel Yatak Se\u00e7enekleri","datePublished":"2025-07-21T12:35:30+00:00","dateModified":"2025-08-20T14:26:04+00:00","mainEntityOfPage":{"@id":"https:\/\/pierrecardinyatak.com.tr\/uykuda-rahatligi-yeniden-tanimlayin-saglik-ve-konfor-icin-ozel-yatak-secenekleri\/"},"wordCount":549,"image":{"@id":"https:\/\/pierrecardinyatak.com.tr\/uykuda-rahatligi-yeniden-tanimlayin-saglik-ve-konfor-icin-ozel-yatak-secenekleri\/#primaryimage"},"thumbnailUrl":"https:\/\/pierrecardinyatak.com.tr\/wp-content\/uploads\/2022\/11\/pierre-cardin-relaxa-yatak-3.jpg","articleSection":["Blog"],"inLanguage":"af-ZA"},{"@type":"WebPage","@id":"https:\/\/pierrecardinyatak.com.tr\/uykuda-rahatligi-yeniden-tanimlayin-saglik-ve-konfor-icin-ozel-yatak-secenekleri\/","url":"https:\/\/pierrecardinyatak.com.tr\/uykuda-rahatligi-yeniden-tanimlayin-saglik-ve-konfor-icin-ozel-yatak-secenekleri\/","name":"Uykuda Rahatl\u0131\u011f\u0131 Yeniden Tan\u0131mlay\u0131n: Sa\u011fl\u0131k ve Konfor \u0130\u00e7in \u00d6zel Yatak Se\u00e7enekleri - Pierre Cardin Yatak","isPartOf":{"@id":"https:\/\/pierrecardinyatak.com.tr\/#website"},"primaryImageOfPage":{"@id":"https:\/\/pierrecardinyatak.com.tr\/uykuda-rahatligi-yeniden-tanimlayin-saglik-ve-konfor-icin-ozel-yatak-secenekleri\/#primaryimage"},"image":{"@id":"https:\/\/pierrecardinyatak.com.tr\/uykuda-rahatligi-yeniden-tanimlayin-saglik-ve-konfor-icin-ozel-yatak-secenekleri\/#primaryimage"},"thumbnailUrl":"https:\/\/pierrecardinyatak.com.tr\/wp-content\/uploads\/2022\/11\/pierre-cardin-relaxa-yatak-3.jpg","datePublished":"2025-07-21T12:35:30+00:00","dateModified":"2025-08-20T14:26:04+00:00","author":{"@id":"https:\/\/pierrecardinyatak.com.tr\/#\/schema\/person\/1c182155c79ef557a479bd374b58f902"},"breadcrumb":{"@id":"https:\/\/pierrecardinyatak.com.tr\/uykuda-rahatligi-yeniden-tanimlayin-saglik-ve-konfor-icin-ozel-yatak-secenekleri\/#breadcrumb"},"inLanguage":"af-ZA","potentialAction":[{"@type":"ReadAction","target":["https:\/\/pierrecardinyatak.com.tr\/uykuda-rahatligi-yeniden-tanimlayin-saglik-ve-konfor-icin-ozel-yatak-secenekleri\/"]}]},{"@type":"ImageObject","inLanguage":"af-ZA","@id":"https:\/\/pierrecardinyatak.com.tr\/uykuda-rahatligi-yeniden-tanimlayin-saglik-ve-konfor-icin-ozel-yatak-secenekleri\/#primaryimage","url":"https:\/\/pierrecardinyatak.com.tr\/wp-content\/uploads\/2022\/11\/pierre-cardin-relaxa-yatak-3.jpg","contentUrl":"https:\/\/pierrecardinyatak.com.tr\/wp-content\/uploads\/2022\/11\/pierre-cardin-relaxa-yatak-3.jpg","width":1455,"height":1090,"caption":"Relaxa yatak, rahat uyku i\u00e7in ideal bir tercihtir."},{"@type":"BreadcrumbList","@id":"https:\/\/pierrecardinyatak.com.tr\/uykuda-rahatligi-yeniden-tanimlayin-saglik-ve-konfor-icin-ozel-yatak-secenekleri\/#breadcrumb","itemListElement":[{"@type":"ListItem","position":1,"name":"Anasayfa","item":"https:\/\/pierrecardinyatak.com.tr\/"},{"@type":"ListItem","position":2,"name":"Uykuda Rahatl\u0131\u011f\u0131 Yeniden Tan\u0131mlay\u0131n: Sa\u011fl\u0131k ve Konfor \u0130\u00e7in \u00d6zel Yatak Se\u00e7enekleri"}]},{"@type":"WebSite","@id":"https:\/\/pierrecardinyatak.com.tr\/#website","url":"https:\/\/pierrecardinyatak.com.tr\/","name":"Pierre Cardin Yatak","description":"-","potentialAction":[{"@type":"SearchAction","target":{"@type":"EntryPoint","urlTemplate":"https:\/\/pierrecardinyatak.com.tr\/?s={search_term_string}"},"query-input":{"@type":"PropertyValueSpecification","valueRequired":true,"valueName":"search_term_string"}}],"inLanguage":"af-ZA"},{"@type":"Person","@id":"https:\/\/pierrecardinyatak.com.tr\/#\/schema\/person\/1c182155c79ef557a479bd374b58f902","name":"admin","image":{"@type":"ImageObject","inLanguage":"af-ZA","@id":"https:\/\/secure.gravatar.com\/avatar\/3a0c75d6a4a7b2213bf32cead72e590c8f6aa56e5c7c70ea801e74aa7a9372bc?s=96&d=mm&r=g","url":"https:\/\/secure.gravatar.com\/avatar\/3a0c75d6a4a7b2213bf32cead72e590c8f6aa56e5c7c70ea801e74aa7a9372bc?s=96&d=mm&r=g","contentUrl":"https:\/\/secure.gravatar.com\/avatar\/3a0c75d6a4a7b2213bf32cead72e590c8f6aa56e5c7c70ea801e74aa7a9372bc?s=96&d=mm&r=g","caption":"admin"},"sameAs":["https:\/\/pierrecardinbedding.com.tr"],"url":"https:\/\/pierrecardinyatak.com.tr\/af\/author\/admin\/"}]}},"_links":{"self":[{"href":"https:\/\/pierrecardinyatak.com.tr\/af\/wp-json\/wp\/v2\/posts\/11385","targetHints":{"allow":["GET"]}}],"collection":[{"href":"https:\/\/pierrecardinyatak.com.tr\/af\/wp-json\/wp\/v2\/posts"}],"about":[{"href":"https:\/\/pierrecardinyatak.com.tr\/af\/wp-json\/wp\/v2\/types\/post"}],"author":[{"embeddable":true,"href":"https:\/\/pierrecardinyatak.com.tr\/af\/wp-json\/wp\/v2\/users\/1"}],"replies":[{"embeddable":true,"href":"https:\/\/pierrecardinyatak.com.tr\/af\/wp-json\/wp\/v2\/comments?post=11385"}],"version-history":[{"count":0,"href":"https:\/\/pierrecardinyatak.com.tr\/af\/wp-json\/wp\/v2\/posts\/11385\/revisions"}],"wp:featuredmedia":[{"embeddable":true,"href":"https:\/\/pierrecardinyatak.com.tr\/af\/wp-json\/wp\/v2\/media\/8035"}],"wp:attachment":[{"href":"https:\/\/pierrecardinyatak.com.tr\/af\/wp-json\/wp\/v2\/media?parent=11385"}],"wp:term":[{"taxonomy":"category","embeddable":true,"href":"https:\/\/pierrecardinyatak.com.tr\/af\/wp-json\/wp\/v2\/categories?post=11385"},{"taxonomy":"post_tag","embeddable":true,"href":"https:\/\/pierrecardinyatak.com.tr\/af\/wp-json\/wp\/v2\/tags?post=11385"}],"curies":[{"name":"wp","href":"https:\/\/api.w.org\/{rel}","templated":true}]}}