{"id":11377,"date":"2025-07-21T15:17:23","date_gmt":"2025-07-21T12:17:23","guid":{"rendered":"https:\/\/pierrecardinyatak.com.tr\/?p=11377"},"modified":"2025-08-20T17:26:04","modified_gmt":"2025-08-20T14:26:04","slug":"carsaf-modelleri-konforun-temel-tasi","status":"publish","type":"post","link":"https:\/\/pierrecardinyatak.com.tr\/af\/carsaf-modelleri-konforun-temel-tasi\/","title":{"rendered":"\u00c7ar\u015faf Modelleri \u2013 Konforun Temel Ta\u015f\u0131"},"content":{"rendered":"<p>Her yatak yap\u0131s\u0131na ve kullan\u0131c\u0131 al\u0131\u015fkanl\u0131klar\u0131na uygun \u00e7ar\u015faf modelleri bulmak m\u00fcmk\u00fcn. \u00d6zellikle:<\/p>\n<p>Lastikli \u00e7ar\u015faf modelleri, yata\u011f\u0131n k\u00f6\u015felerine tam oturarak kayma yapmaz. Y\u0131kamas\u0131 ve serilmesi olduk\u00e7a pratiktir.<\/p>\n<p>D\u00fcz \u00e7ar\u015faf se\u00e7enekleri ise geleneksel tarz\u0131 sevenler i\u00e7in m\u00fckemmel bir tercih; farkl\u0131 \u00f6l\u00e7\u00fclerde kullan\u0131labilir ve katlamas\u0131 da olduk\u00e7a kolayd\u0131r.<\/p>\n<p>Desenli \u00e7ar\u015faf modelleri ile yatak odan\u0131za canl\u0131l\u0131k katabilir, \u00e7e\u015fitli renklerle dekoratif uyumu yakalayabilirsiniz.<\/p>\n<p>\u00c7ar\u015faf ve yast\u0131k k\u0131l\u0131f\u0131 tak\u0131mlar\u0131, estetik bir b\u00fct\u00fcnl\u00fck sa\u011flar ve kullan\u0131m kolayl\u0131\u011f\u0131 sunar.<\/p>\n<p>Arad\u0131\u011f\u0131n\u0131z sade ya da renkli \u00e7ar\u015faflara g\u00f6re tercih yaparak hem pratiklik hem de estetik kazanabilirsiniz.<\/p>\n<p>Nevresim Tak\u0131mlar\u0131 \u2013 Stilin ve Konforun Bulu\u015fma Noktas\u0131<\/p>\n<p>Yatak odan\u0131z\u0131 g\u00fczelle\u015ftirmenin en kolay yolu, do\u011fru nevresim tak\u0131m\u0131 se\u00e7mektir.<\/p>\n<p>\u00c7ift ki\u015filik nevresim: Geni\u015f yataklarda kullan\u0131ma uygundur ve genellikle 200&#215;220 cm \u00f6l\u00e7\u00fclerindedir.<\/p>\n<p>Tek ki\u015filik nevresim: Gen\u00e7 ve \u00e7ocuk odalar\u0131nda ideal bir se\u00e7enek olup, 160&#215;220 cm gibi \u00f6l\u00e7\u00fclerde gelir.<\/p>\n<p>Pamuklu nevresim: Cilt dostu, nefes alabilir ve uzun \u00f6m\u00fcrl\u00fc bir tercihtir.<\/p>\n<p>Bambu nevresim: Antibakteriyel \u00f6zelli\u011fi ve yumu\u015fak dokusuyla do\u011fall\u0131\u011f\u0131 tercih edenlerin g\u00f6zdesidir.<\/p>\n<p>D\u00f6rt mevsim nevresim: Yaz k\u0131\u015f rahat\u00e7a kullan\u0131labilir; terletmeyen, ayn\u0131 zamanda \u00fc\u015f\u00fctmeyen yap\u0131s\u0131yla konfor sunar.<\/p>\n<p>Renkli nevresim: Enerjik ve canl\u0131 desenleriyle yatak odas\u0131nda fark yarat\u0131r.<\/p>\n<p>Gen\u00e7 nevresim ve bebek nevresim tak\u0131mlar\u0131, ya\u015f gruplar\u0131na \u00f6zel \u00f6l\u00e7\u00fc ve desenlerle sunulmaktad\u0131r.<\/p>\n<p>Kuma\u015f kalitesine, dokuma s\u0131kl\u0131\u011f\u0131na ve desen uyumuna dikkat ederek se\u00e7ece\u011finiz nevresim tak\u0131m\u0131 ile hem g\u00f6z\u00fcn\u00fcz hem de cildiniz rahat eder.<\/p>\n<div class=\"css-186bnk2 css-lb9cx4-stack css-3sj1cp css-1bjhv8d css-1vznryd css-1soja3n\">\n<div>\n<p class=\"css-uoqnqe css-pelz90 css-0 css-1pxda25-textDisplay css-bmcd97-textWhiteSpace css-0 css-542wex\">Yast\u0131k K\u0131l\u0131f\u0131 ve Yatak \u00d6rt\u00fcs\u00fc \u2013 Detaylarda Gizli \u015e\u0131kl\u0131k<\/p>\n<p>Yast\u0131k k\u0131l\u0131f\u0131, hem hijyen hem de \u015f\u0131kl\u0131k a\u00e7\u0131s\u0131ndan vazge\u00e7ilmez bir par\u00e7ad\u0131r. Farkl\u0131 renk ve kuma\u015f se\u00e7enekleri sayesinde yata\u011f\u0131n\u0131za kolayca uyum sa\u011flar.<\/p>\n<p>Yatak \u00f6rt\u00fcs\u00fc ise, g\u00fcn i\u00e7inde yata\u011f\u0131n\u0131z\u0131 d\u00fczenli ve estetik bir \u015fekilde g\u00f6sterirken, k\u0131\u015f aylar\u0131nda ekstra s\u0131cakl\u0131k sunar.<\/p>\n<p>\u00d6zellikle dekoratif detaylara \u00f6nem verenler i\u00e7in bu iki \u00fcr\u00fcn, yatak odas\u0131n\u0131n karakterini belirleyen \u00f6nemli unsurlar aras\u0131nda yer al\u0131r.<\/p>\n<\/div>\n<\/div>","protected":false},"excerpt":{"rendered":"<p>Her yatak yap\u0131s\u0131na ve kullan\u0131c\u0131 al\u0131\u015fkanl\u0131klar\u0131na uygun \u00e7ar\u015faf modelleri bulmak m\u00fcmk\u00fcn. \u00d6zellikle: Lastikli \u00e7ar\u015faf modelleri, yata\u011f\u0131n k\u00f6\u015felerine tam oturarak kayma<\/p>","protected":false},"author":1,"featured_media":1618,"comment_status":"closed","ping_status":"closed","sticky":false,"template":"","format":"standard","meta":{"footnotes":""},"categories":[369],"tags":[],"class_list":["post-11377","post","type-post","status-publish","format-standard","has-post-thumbnail","hentry","category-blog"],"yoast_head":"<!-- This site is optimized with the Yoast SEO plugin v27.4 - https:\/\/yoast.com\/product\/yoast-seo-wordpress\/ -->\n<title>\u00c7ar\u015faf Modelleri \u2013 Konforun Temel Ta\u015f\u0131 - Pierre Cardin Yatak<\/title>\n<meta name=\"robots\" content=\"index, follow, max-snippet:-1, max-image-preview:large, max-video-preview:-1\" \/>\n<link rel=\"canonical\" href=\"https:\/\/pierrecardinyatak.com.tr\/af\/carsaf-modelleri-konforun-temel-tasi\/\" \/>\n<meta property=\"og:locale\" content=\"en_US\" \/>\n<meta property=\"og:type\" content=\"article\" \/>\n<meta property=\"og:title\" content=\"\u00c7ar\u015faf Modelleri \u2013 Konforun Temel Ta\u015f\u0131 - Pierre Cardin Yatak\" \/>\n<meta property=\"og:description\" content=\"Her yatak yap\u0131s\u0131na ve kullan\u0131c\u0131 al\u0131\u015fkanl\u0131klar\u0131na uygun \u00e7ar\u015faf modelleri bulmak m\u00fcmk\u00fcn. \u00d6zellikle: Lastikli \u00e7ar\u015faf modelleri, yata\u011f\u0131n k\u00f6\u015felerine tam oturarak kayma\" \/>\n<meta property=\"og:url\" content=\"https:\/\/pierrecardinyatak.com.tr\/af\/carsaf-modelleri-konforun-temel-tasi\/\" \/>\n<meta property=\"og:site_name\" content=\"Pierre Cardin Yatak\" \/>\n<meta property=\"article:publisher\" content=\"https:\/\/www.facebook.com\/pierrecardinyatak\" \/>\n<meta property=\"article:published_time\" content=\"2025-07-21T12:17:23+00:00\" \/>\n<meta property=\"article:modified_time\" content=\"2025-08-20T14:26:04+00:00\" \/>\n<meta property=\"og:image\" content=\"https:\/\/pierrecardinyatak.com.tr\/wp-content\/uploads\/2022\/11\/nevresim-1.jpg\" \/>\n\t<meta property=\"og:image:width\" content=\"600\" \/>\n\t<meta property=\"og:image:height\" content=\"574\" \/>\n\t<meta property=\"og:image:type\" content=\"image\/jpeg\" \/>\n<meta name=\"author\" content=\"admin\" \/>\n<meta name=\"twitter:card\" content=\"summary_large_image\" \/>\n<meta name=\"twitter:creator\" content=\"@pcardinbedding\" \/>\n<meta name=\"twitter:site\" content=\"@pcardinbedding\" \/>\n<meta name=\"twitter:label1\" content=\"Written by\" \/>\n\t<meta name=\"twitter:data1\" content=\"admin\" \/>\n\t<meta name=\"twitter:label2\" content=\"Est. reading time\" \/>\n\t<meta name=\"twitter:data2\" content=\"2 minute\" \/>\n<script type=\"application\/ld+json\" class=\"yoast-schema-graph\">{\"@context\":\"https:\\\/\\\/schema.org\",\"@graph\":[{\"@type\":\"Article\",\"@id\":\"https:\\\/\\\/pierrecardinyatak.com.tr\\\/carsaf-modelleri-konforun-temel-tasi\\\/#article\",\"isPartOf\":{\"@id\":\"https:\\\/\\\/pierrecardinyatak.com.tr\\\/carsaf-modelleri-konforun-temel-tasi\\\/\"},\"author\":{\"name\":\"admin\",\"@id\":\"https:\\\/\\\/pierrecardinyatak.com.tr\\\/#\\\/schema\\\/person\\\/1c182155c79ef557a479bd374b58f902\"},\"headline\":\"\u00c7ar\u015faf Modelleri \u2013 Konforun Temel Ta\u015f\u0131\",\"datePublished\":\"2025-07-21T12:17:23+00:00\",\"dateModified\":\"2025-08-20T14:26:04+00:00\",\"mainEntityOfPage\":{\"@id\":\"https:\\\/\\\/pierrecardinyatak.com.tr\\\/carsaf-modelleri-konforun-temel-tasi\\\/\"},\"wordCount\":394,\"image\":{\"@id\":\"https:\\\/\\\/pierrecardinyatak.com.tr\\\/carsaf-modelleri-konforun-temel-tasi\\\/#primaryimage\"},\"thumbnailUrl\":\"https:\\\/\\\/pierrecardinyatak.com.tr\\\/wp-content\\\/uploads\\\/2022\\\/11\\\/nevresim-1.jpg\",\"articleSection\":[\"Blog\"],\"inLanguage\":\"af-ZA\"},{\"@type\":\"WebPage\",\"@id\":\"https:\\\/\\\/pierrecardinyatak.com.tr\\\/carsaf-modelleri-konforun-temel-tasi\\\/\",\"url\":\"https:\\\/\\\/pierrecardinyatak.com.tr\\\/carsaf-modelleri-konforun-temel-tasi\\\/\",\"name\":\"\u00c7ar\u015faf Modelleri \u2013 Konforun Temel Ta\u015f\u0131 - Pierre Cardin Yatak\",\"isPartOf\":{\"@id\":\"https:\\\/\\\/pierrecardinyatak.com.tr\\\/#website\"},\"primaryImageOfPage\":{\"@id\":\"https:\\\/\\\/pierrecardinyatak.com.tr\\\/carsaf-modelleri-konforun-temel-tasi\\\/#primaryimage\"},\"image\":{\"@id\":\"https:\\\/\\\/pierrecardinyatak.com.tr\\\/carsaf-modelleri-konforun-temel-tasi\\\/#primaryimage\"},\"thumbnailUrl\":\"https:\\\/\\\/pierrecardinyatak.com.tr\\\/wp-content\\\/uploads\\\/2022\\\/11\\\/nevresim-1.jpg\",\"datePublished\":\"2025-07-21T12:17:23+00:00\",\"dateModified\":\"2025-08-20T14:26:04+00:00\",\"author\":{\"@id\":\"https:\\\/\\\/pierrecardinyatak.com.tr\\\/#\\\/schema\\\/person\\\/1c182155c79ef557a479bd374b58f902\"},\"breadcrumb\":{\"@id\":\"https:\\\/\\\/pierrecardinyatak.com.tr\\\/carsaf-modelleri-konforun-temel-tasi\\\/#breadcrumb\"},\"inLanguage\":\"af-ZA\",\"potentialAction\":[{\"@type\":\"ReadAction\",\"target\":[\"https:\\\/\\\/pierrecardinyatak.com.tr\\\/carsaf-modelleri-konforun-temel-tasi\\\/\"]}]},{\"@type\":\"ImageObject\",\"inLanguage\":\"af-ZA\",\"@id\":\"https:\\\/\\\/pierrecardinyatak.com.tr\\\/carsaf-modelleri-konforun-temel-tasi\\\/#primaryimage\",\"url\":\"https:\\\/\\\/pierrecardinyatak.com.tr\\\/wp-content\\\/uploads\\\/2022\\\/11\\\/nevresim-1.jpg\",\"contentUrl\":\"https:\\\/\\\/pierrecardinyatak.com.tr\\\/wp-content\\\/uploads\\\/2022\\\/11\\\/nevresim-1.jpg\",\"width\":600,\"height\":574},{\"@type\":\"BreadcrumbList\",\"@id\":\"https:\\\/\\\/pierrecardinyatak.com.tr\\\/carsaf-modelleri-konforun-temel-tasi\\\/#breadcrumb\",\"itemListElement\":[{\"@type\":\"ListItem\",\"position\":1,\"name\":\"Anasayfa\",\"item\":\"https:\\\/\\\/pierrecardinyatak.com.tr\\\/\"},{\"@type\":\"ListItem\",\"position\":2,\"name\":\"\u00c7ar\u015faf Modelleri \u2013 Konforun Temel Ta\u015f\u0131\"}]},{\"@type\":\"WebSite\",\"@id\":\"https:\\\/\\\/pierrecardinyatak.com.tr\\\/#website\",\"url\":\"https:\\\/\\\/pierrecardinyatak.com.tr\\\/\",\"name\":\"Pierre Cardin Yatak\",\"description\":\"-\",\"potentialAction\":[{\"@type\":\"SearchAction\",\"target\":{\"@type\":\"EntryPoint\",\"urlTemplate\":\"https:\\\/\\\/pierrecardinyatak.com.tr\\\/?s={search_term_string}\"},\"query-input\":{\"@type\":\"PropertyValueSpecification\",\"valueRequired\":true,\"valueName\":\"search_term_string\"}}],\"inLanguage\":\"af-ZA\"},{\"@type\":\"Person\",\"@id\":\"https:\\\/\\\/pierrecardinyatak.com.tr\\\/#\\\/schema\\\/person\\\/1c182155c79ef557a479bd374b58f902\",\"name\":\"admin\",\"image\":{\"@type\":\"ImageObject\",\"inLanguage\":\"af-ZA\",\"@id\":\"https:\\\/\\\/secure.gravatar.com\\\/avatar\\\/3a0c75d6a4a7b2213bf32cead72e590c8f6aa56e5c7c70ea801e74aa7a9372bc?s=96&d=mm&r=g\",\"url\":\"https:\\\/\\\/secure.gravatar.com\\\/avatar\\\/3a0c75d6a4a7b2213bf32cead72e590c8f6aa56e5c7c70ea801e74aa7a9372bc?s=96&d=mm&r=g\",\"contentUrl\":\"https:\\\/\\\/secure.gravatar.com\\\/avatar\\\/3a0c75d6a4a7b2213bf32cead72e590c8f6aa56e5c7c70ea801e74aa7a9372bc?s=96&d=mm&r=g\",\"caption\":\"admin\"},\"sameAs\":[\"https:\\\/\\\/pierrecardinbedding.com.tr\"],\"url\":\"https:\\\/\\\/pierrecardinyatak.com.tr\\\/af\\\/author\\\/admin\\\/\"}]}<\/script>\n<!-- \/ Yoast SEO plugin. -->","yoast_head_json":{"title":"\u00c7ar\u015faf Modelleri \u2013 Konforun Temel Ta\u015f\u0131 - Pierre Cardin Yatak","robots":{"index":"index","follow":"follow","max-snippet":"max-snippet:-1","max-image-preview":"max-image-preview:large","max-video-preview":"max-video-preview:-1"},"canonical":"https:\/\/pierrecardinyatak.com.tr\/af\/carsaf-modelleri-konforun-temel-tasi\/","og_locale":"en_US","og_type":"article","og_title":"\u00c7ar\u015faf Modelleri \u2013 Konforun Temel Ta\u015f\u0131 - Pierre Cardin Yatak","og_description":"Her yatak yap\u0131s\u0131na ve kullan\u0131c\u0131 al\u0131\u015fkanl\u0131klar\u0131na uygun \u00e7ar\u015faf modelleri bulmak m\u00fcmk\u00fcn. \u00d6zellikle: Lastikli \u00e7ar\u015faf modelleri, yata\u011f\u0131n k\u00f6\u015felerine tam oturarak kayma","og_url":"https:\/\/pierrecardinyatak.com.tr\/af\/carsaf-modelleri-konforun-temel-tasi\/","og_site_name":"Pierre Cardin Yatak","article_publisher":"https:\/\/www.facebook.com\/pierrecardinyatak","article_published_time":"2025-07-21T12:17:23+00:00","article_modified_time":"2025-08-20T14:26:04+00:00","og_image":[{"width":600,"height":574,"url":"https:\/\/pierrecardinyatak.com.tr\/wp-content\/uploads\/2022\/11\/nevresim-1.jpg","type":"image\/jpeg"}],"author":"admin","twitter_card":"summary_large_image","twitter_creator":"@pcardinbedding","twitter_site":"@pcardinbedding","twitter_misc":{"Written by":"admin","Est. reading time":"2 minute"},"schema":{"@context":"https:\/\/schema.org","@graph":[{"@type":"Article","@id":"https:\/\/pierrecardinyatak.com.tr\/carsaf-modelleri-konforun-temel-tasi\/#article","isPartOf":{"@id":"https:\/\/pierrecardinyatak.com.tr\/carsaf-modelleri-konforun-temel-tasi\/"},"author":{"name":"admin","@id":"https:\/\/pierrecardinyatak.com.tr\/#\/schema\/person\/1c182155c79ef557a479bd374b58f902"},"headline":"\u00c7ar\u015faf Modelleri \u2013 Konforun Temel Ta\u015f\u0131","datePublished":"2025-07-21T12:17:23+00:00","dateModified":"2025-08-20T14:26:04+00:00","mainEntityOfPage":{"@id":"https:\/\/pierrecardinyatak.com.tr\/carsaf-modelleri-konforun-temel-tasi\/"},"wordCount":394,"image":{"@id":"https:\/\/pierrecardinyatak.com.tr\/carsaf-modelleri-konforun-temel-tasi\/#primaryimage"},"thumbnailUrl":"https:\/\/pierrecardinyatak.com.tr\/wp-content\/uploads\/2022\/11\/nevresim-1.jpg","articleSection":["Blog"],"inLanguage":"af-ZA"},{"@type":"WebPage","@id":"https:\/\/pierrecardinyatak.com.tr\/carsaf-modelleri-konforun-temel-tasi\/","url":"https:\/\/pierrecardinyatak.com.tr\/carsaf-modelleri-konforun-temel-tasi\/","name":"\u00c7ar\u015faf Modelleri \u2013 Konforun Temel Ta\u015f\u0131 - Pierre Cardin Yatak","isPartOf":{"@id":"https:\/\/pierrecardinyatak.com.tr\/#website"},"primaryImageOfPage":{"@id":"https:\/\/pierrecardinyatak.com.tr\/carsaf-modelleri-konforun-temel-tasi\/#primaryimage"},"image":{"@id":"https:\/\/pierrecardinyatak.com.tr\/carsaf-modelleri-konforun-temel-tasi\/#primaryimage"},"thumbnailUrl":"https:\/\/pierrecardinyatak.com.tr\/wp-content\/uploads\/2022\/11\/nevresim-1.jpg","datePublished":"2025-07-21T12:17:23+00:00","dateModified":"2025-08-20T14:26:04+00:00","author":{"@id":"https:\/\/pierrecardinyatak.com.tr\/#\/schema\/person\/1c182155c79ef557a479bd374b58f902"},"breadcrumb":{"@id":"https:\/\/pierrecardinyatak.com.tr\/carsaf-modelleri-konforun-temel-tasi\/#breadcrumb"},"inLanguage":"af-ZA","potentialAction":[{"@type":"ReadAction","target":["https:\/\/pierrecardinyatak.com.tr\/carsaf-modelleri-konforun-temel-tasi\/"]}]},{"@type":"ImageObject","inLanguage":"af-ZA","@id":"https:\/\/pierrecardinyatak.com.tr\/carsaf-modelleri-konforun-temel-tasi\/#primaryimage","url":"https:\/\/pierrecardinyatak.com.tr\/wp-content\/uploads\/2022\/11\/nevresim-1.jpg","contentUrl":"https:\/\/pierrecardinyatak.com.tr\/wp-content\/uploads\/2022\/11\/nevresim-1.jpg","width":600,"height":574},{"@type":"BreadcrumbList","@id":"https:\/\/pierrecardinyatak.com.tr\/carsaf-modelleri-konforun-temel-tasi\/#breadcrumb","itemListElement":[{"@type":"ListItem","position":1,"name":"Anasayfa","item":"https:\/\/pierrecardinyatak.com.tr\/"},{"@type":"ListItem","position":2,"name":"\u00c7ar\u015faf Modelleri \u2013 Konforun Temel Ta\u015f\u0131"}]},{"@type":"WebSite","@id":"https:\/\/pierrecardinyatak.com.tr\/#website","url":"https:\/\/pierrecardinyatak.com.tr\/","name":"Pierre Cardin Yatak","description":"-","potentialAction":[{"@type":"SearchAction","target":{"@type":"EntryPoint","urlTemplate":"https:\/\/pierrecardinyatak.com.tr\/?s={search_term_string}"},"query-input":{"@type":"PropertyValueSpecification","valueRequired":true,"valueName":"search_term_string"}}],"inLanguage":"af-ZA"},{"@type":"Person","@id":"https:\/\/pierrecardinyatak.com.tr\/#\/schema\/person\/1c182155c79ef557a479bd374b58f902","name":"admin","image":{"@type":"ImageObject","inLanguage":"af-ZA","@id":"https:\/\/secure.gravatar.com\/avatar\/3a0c75d6a4a7b2213bf32cead72e590c8f6aa56e5c7c70ea801e74aa7a9372bc?s=96&d=mm&r=g","url":"https:\/\/secure.gravatar.com\/avatar\/3a0c75d6a4a7b2213bf32cead72e590c8f6aa56e5c7c70ea801e74aa7a9372bc?s=96&d=mm&r=g","contentUrl":"https:\/\/secure.gravatar.com\/avatar\/3a0c75d6a4a7b2213bf32cead72e590c8f6aa56e5c7c70ea801e74aa7a9372bc?s=96&d=mm&r=g","caption":"admin"},"sameAs":["https:\/\/pierrecardinbedding.com.tr"],"url":"https:\/\/pierrecardinyatak.com.tr\/af\/author\/admin\/"}]}},"_links":{"self":[{"href":"https:\/\/pierrecardinyatak.com.tr\/af\/wp-json\/wp\/v2\/posts\/11377","targetHints":{"allow":["GET"]}}],"collection":[{"href":"https:\/\/pierrecardinyatak.com.tr\/af\/wp-json\/wp\/v2\/posts"}],"about":[{"href":"https:\/\/pierrecardinyatak.com.tr\/af\/wp-json\/wp\/v2\/types\/post"}],"author":[{"embeddable":true,"href":"https:\/\/pierrecardinyatak.com.tr\/af\/wp-json\/wp\/v2\/users\/1"}],"replies":[{"embeddable":true,"href":"https:\/\/pierrecardinyatak.com.tr\/af\/wp-json\/wp\/v2\/comments?post=11377"}],"version-history":[{"count":0,"href":"https:\/\/pierrecardinyatak.com.tr\/af\/wp-json\/wp\/v2\/posts\/11377\/revisions"}],"wp:featuredmedia":[{"embeddable":true,"href":"https:\/\/pierrecardinyatak.com.tr\/af\/wp-json\/wp\/v2\/media\/1618"}],"wp:attachment":[{"href":"https:\/\/pierrecardinyatak.com.tr\/af\/wp-json\/wp\/v2\/media?parent=11377"}],"wp:term":[{"taxonomy":"category","embeddable":true,"href":"https:\/\/pierrecardinyatak.com.tr\/af\/wp-json\/wp\/v2\/categories?post=11377"},{"taxonomy":"post_tag","embeddable":true,"href":"https:\/\/pierrecardinyatak.com.tr\/af\/wp-json\/wp\/v2\/tags?post=11377"}],"curies":[{"name":"wp","href":"https:\/\/api.w.org\/{rel}","templated":true}]}}