{"id":10989,"date":"2025-06-17T09:53:02","date_gmt":"2025-06-17T06:53:02","guid":{"rendered":"https:\/\/pierrecardinyatak.com.tr\/?p=10989"},"modified":"2025-06-17T11:09:08","modified_gmt":"2025-06-17T08:09:08","slug":"yatak-odasinda-konforu-sagligi-ve-estetigi-bir-araya-getirin","status":"publish","type":"post","link":"https:\/\/pierrecardinyatak.com.tr\/af\/yatak-odasinda-konforu-sagligi-ve-estetigi-bir-araya-getirin\/","title":{"rendered":"Yatak Odas\u0131nda Konforu, Sa\u011fl\u0131\u011f\u0131 ve Esteti\u011fi Bir Araya Getirin"},"content":{"rendered":"<p data-start=\"288\" data-end=\"727\">Yatak odas\u0131, g\u00fcn\u00fcn sonunda huzur buldu\u011fumuz, yenilendi\u011fimiz ve kendimize d\u00f6nd\u00fc\u011f\u00fcm\u00fcz en ki\u015fisel ya\u015fam alan\u0131d\u0131r. Bu nedenle yatak odas\u0131nda kullan\u0131lan mobilyalar\u0131n ve tekstil \u00fcr\u00fcnlerinin hem \u015f\u0131kl\u0131k hem de i\u015flevsellik sunmas\u0131 gerekir. Kaliteli bir \u00e7ift ki\u015filik yatak, sa\u011flam ve fonksiyonel bir yatak baza ba\u015fl\u0131k seti, do\u011fru se\u00e7ilmi\u015f bir ortopedik yatak ve b\u00fct\u00fcnl\u00fc\u011f\u00fc sa\u011flayan yatak odas\u0131 tak\u0131m\u0131 bu anlamda temel yap\u0131 ta\u015flar\u0131d\u0131r.<\/p>\n<h3 data-start=\"734\" data-end=\"802\">Yatak Odas\u0131n\u0131n Psikolojik Etkisi: Renk, Doku ve Mobilya Uyumu<\/h3>\n<p data-start=\"804\" data-end=\"988\">Yatak odas\u0131 sadece uyumak i\u00e7in de\u011fil, zihinsel olarak da dinlenmek i\u00e7in tasarlanmal\u0131d\u0131r. Kulland\u0131\u011f\u0131n\u0131z mobilyalar\u0131n rengi, dokusu ve d\u00fczeni, uykuya ge\u00e7i\u015f s\u00fcrecinizi do\u011frudan etkiler.<\/p>\n<ul data-start=\"990\" data-end=\"1251\">\n<li data-start=\"990\" data-end=\"1058\">\n<p data-start=\"992\" data-end=\"1058\">A\u00e7\u0131k tonlar (bej, gri, pastel maviler) rahatlat\u0131c\u0131 etki yarat\u0131r.<\/p>\n<\/li>\n<li data-start=\"1059\" data-end=\"1141\">\n<p data-start=\"1061\" data-end=\"1141\">A\u015f\u0131r\u0131 kalabal\u0131k, d\u00fczensiz ya da i\u015flevsiz mobilyalar uykuya ge\u00e7i\u015fi zorla\u015ft\u0131r\u0131r.<\/p>\n<\/li>\n<li data-start=\"1142\" data-end=\"1251\">\n<p data-start=\"1144\" data-end=\"1251\">Ayn\u0131 seriden olu\u015fan bir yatak odas\u0131 tak\u0131m\u0131, hem g\u00f6rsel uyum hem de daha organize bir ya\u015fam alan\u0131 sunar.<\/p>\n<\/li>\n<\/ul>\n<h3 data-start=\"1258\" data-end=\"1303\">\u00c7ift Ki\u015filik Yatak: Hem Alan Hem Denge<\/h3>\n<p data-start=\"1305\" data-end=\"1550\">E\u011fer yata\u011f\u0131n\u0131z\u0131 bir partnerinizle payla\u015f\u0131yorsan\u0131z, yatak se\u00e7imi iki ki\u015filik d\u00fc\u015f\u00fcn\u00fclmelidir. \u00c7ift ki\u015filik yatak modelleri, 150&#215;200 cm\u2019den ba\u015flar ve 200&#215;200 cm\u2019ye kadar \u00e7e\u015fitlenir. Ancak sadece \u00f6l\u00e7\u00fc de\u011fil, yap\u0131sal \u00f6zellikler de belirleyicidir:<\/p>\n<ul data-start=\"1552\" data-end=\"1821\">\n<li data-start=\"1552\" data-end=\"1640\">\n<p data-start=\"1554\" data-end=\"1640\">Hareket izolasyonu sa\u011flayan yataklar, bir taraf d\u00f6nerken di\u011fer taraf\u0131 etkilemez.<\/p>\n<\/li>\n<li data-start=\"1641\" data-end=\"1731\">\n<p data-start=\"1643\" data-end=\"1731\">Farkl\u0131 v\u00fccut yap\u0131s\u0131na sahip bireyler i\u00e7in \u00e7ift b\u00f6lgeli destek sistemleri \u00f6nerilir.<\/p>\n<\/li>\n<li data-start=\"1732\" data-end=\"1821\">\n<p data-start=\"1734\" data-end=\"1821\">Terleme sorunu olan \u00e7iftler i\u00e7in, hava ge\u00e7irgenli\u011fi y\u00fcksek kuma\u015flar tercih edilmelidir.<\/p>\n<\/li>\n<\/ul>\n<h3 data-start=\"1828\" data-end=\"1880\">Ortopedik Yatak: S\u0131rt A\u011fr\u0131s\u0131ndan Do\u011fru Duru\u015fa<\/h3>\n<p data-start=\"1882\" data-end=\"2088\">En iyi ortopedik yatak, sadece konfor de\u011fil, ayn\u0131 zamanda omurga sa\u011fl\u0131\u011f\u0131 da sunar. \u00d6zellikle masa ba\u015f\u0131nda \u00e7al\u0131\u015fan, uzun s\u00fcre ayakta kalan ya da kronik bel-s\u0131rt a\u011fr\u0131s\u0131 \u00e7eken bireyler i\u00e7in vazge\u00e7ilmezdir.<\/p>\n<p data-start=\"2090\" data-end=\"2109\">Ortopedik yataklar:<\/p>\n<ul data-start=\"2111\" data-end=\"2254\">\n<li data-start=\"2111\" data-end=\"2147\">\n<p data-start=\"2113\" data-end=\"2147\">Bel ve s\u0131rt e\u011frisine uyum sa\u011flar<\/p>\n<\/li>\n<li data-start=\"2148\" data-end=\"2178\">\n<p data-start=\"2150\" data-end=\"2178\">Bas\u0131n\u00e7 noktalar\u0131n\u0131 azalt\u0131r<\/p>\n<\/li>\n<li data-start=\"2179\" data-end=\"2206\">\n<p data-start=\"2181\" data-end=\"2206\">Kan dola\u015f\u0131m\u0131n\u0131 dengeler<\/p>\n<\/li>\n<li data-start=\"2207\" data-end=\"2254\">\n<p data-start=\"2209\" data-end=\"2254\">Uyku esnas\u0131nda kaslara minimum y\u00fck bindirir<\/p>\n<\/li>\n<\/ul>\n<p data-start=\"2256\" data-end=\"2410\">Hangisi en iyi yatak say\u0131l\u0131r, tamamen ki\u015finin uyku pozisyonu ve fiziksel \u00f6zelliklerine ba\u011fl\u0131d\u0131r.<\/p>\n<h3 data-start=\"2417\" data-end=\"2486\">Baza ve Ba\u015fl\u0131k Tak\u0131m\u0131: Fonksiyonel Depolama ve Estetik \u00c7er\u00e7eve<\/h3>\n<p data-start=\"2488\" data-end=\"2645\">Bir\u00e7ok kullan\u0131c\u0131 yata\u011f\u0131n\u0131 se\u00e7erken sadece yatak k\u0131sm\u0131na odaklan\u0131r; ancak onu tamamlayan yatak baza ba\u015fl\u0131k seti, hem konforu art\u0131r\u0131r hem de d\u00fczeni sa\u011flar.<\/p>\n<ul data-start=\"2647\" data-end=\"2980\">\n<li data-start=\"2647\" data-end=\"2750\">\n<p data-start=\"2649\" data-end=\"2750\">Baza k\u0131sm\u0131, mevsimlik tekstil \u00fcr\u00fcnlerini, yast\u0131k ve yorganlar\u0131 saklamak i\u00e7in ekstra alan sunar.<\/p>\n<\/li>\n<li data-start=\"2751\" data-end=\"2869\">\n<p data-start=\"2753\" data-end=\"2869\">Ba\u015fl\u0131k, sadece dekoratif bir \u00e7er\u00e7eve de\u011fildir; ayn\u0131 zamanda s\u0131rt yaslama, izolasyon ve ses emici bir y\u00fczeydir.<\/p>\n<\/li>\n<li data-start=\"2870\" data-end=\"2980\">\n<p data-start=\"2872\" data-end=\"2980\">Kimi baza sistemleri amortis\u00f6rl\u00fc ve sessiz mekanizmalara sahiptir, bu da kullan\u0131m \u00f6mr\u00fcn\u00fc ve konforu art\u0131r\u0131r.<\/p>\n<\/li>\n<\/ul>\n<p data-start=\"2982\" data-end=\"3081\">Ba\u015fl\u0131k ve baza birlikte al\u0131nd\u0131\u011f\u0131nda hem g\u00f6rsel b\u00fct\u00fcnl\u00fck sa\u011flan\u0131r hem de fiyat avantaj\u0131 elde edilir.<\/p>\n<h3 data-start=\"3088\" data-end=\"3137\">Yatak Odas\u0131 Tak\u0131m\u0131: Tek Tip De\u011fil, Tek Ruh<\/h3>\n<p data-start=\"3139\" data-end=\"3223\">Yatak odas\u0131 tak\u0131m\u0131 almak, par\u00e7alar\u0131 ayr\u0131 ayr\u0131 se\u00e7meye g\u00f6re bir\u00e7ok avantaj sunar:<\/p>\n<ul data-start=\"3225\" data-end=\"3412\">\n<li data-start=\"3225\" data-end=\"3263\">\n<p data-start=\"3227\" data-end=\"3263\">Renk, malzeme ve tasar\u0131m b\u00fct\u00fcnl\u00fc\u011f\u00fc<\/p>\n<\/li>\n<li data-start=\"3264\" data-end=\"3350\">\n<p data-start=\"3266\" data-end=\"3350\">Gard\u0131rop, komodin, \u015fifonyer ve ayna gibi tamamlay\u0131c\u0131 \u00fcnitelerin haz\u0131r kombinasyonu<\/p>\n<\/li>\n<li data-start=\"3351\" data-end=\"3382\">\n<p data-start=\"3353\" data-end=\"3382\">Ta\u015f\u0131ma ve kurulum kolayl\u0131\u011f\u0131<\/p>\n<\/li>\n<li data-start=\"3383\" data-end=\"3412\">\n<p data-start=\"3385\" data-end=\"3412\">Fiyat performans avantaj\u0131<\/p>\n<\/li>\n<\/ul>\n<p data-start=\"3414\" data-end=\"3567\">Ayr\u0131ca mod\u00fcler sistemlerde par\u00e7a ekleme veya \u00e7\u0131karma imk\u00e2n\u0131 da bulunur. Dilerseniz ek \u00e7ekmece, ek raf veya ayna mod\u00fcl\u00fcyle tak\u0131m\u0131 zenginle\u015ftirebilirsiniz.<\/p>","protected":false},"excerpt":{"rendered":"<p>Yatak odas\u0131, g\u00fcn\u00fcn sonunda huzur buldu\u011fumuz, yenilendi\u011fimiz ve kendimize d\u00f6nd\u00fc\u011f\u00fcm\u00fcz en ki\u015fisel ya\u015fam alan\u0131d\u0131r. Bu nedenle yatak odas\u0131nda kullan\u0131lan mobilyalar\u0131n<\/p>","protected":false},"author":1,"featured_media":9690,"comment_status":"closed","ping_status":"closed","sticky":false,"template":"","format":"standard","meta":{"footnotes":""},"categories":[369],"tags":[],"class_list":["post-10989","post","type-post","status-publish","format-standard","has-post-thumbnail","hentry","category-blog"],"yoast_head":"<!-- This site is optimized with the Yoast SEO plugin v27.4 - https:\/\/yoast.com\/product\/yoast-seo-wordpress\/ -->\n<title>Yatak Odas\u0131nda Konforu, Sa\u011fl\u0131\u011f\u0131 ve Esteti\u011fi Bir Araya Getirin - Pierre Cardin Yatak<\/title>\n<meta name=\"robots\" content=\"index, follow, max-snippet:-1, max-image-preview:large, max-video-preview:-1\" \/>\n<link rel=\"canonical\" href=\"https:\/\/pierrecardinyatak.com.tr\/af\/yatak-odasinda-konforu-sagligi-ve-estetigi-bir-araya-getirin\/\" \/>\n<meta property=\"og:locale\" content=\"en_US\" \/>\n<meta property=\"og:type\" content=\"article\" \/>\n<meta property=\"og:title\" content=\"Yatak Odas\u0131nda Konforu, Sa\u011fl\u0131\u011f\u0131 ve Esteti\u011fi Bir Araya Getirin - Pierre Cardin Yatak\" \/>\n<meta property=\"og:description\" content=\"Yatak odas\u0131, g\u00fcn\u00fcn sonunda huzur buldu\u011fumuz, yenilendi\u011fimiz ve kendimize d\u00f6nd\u00fc\u011f\u00fcm\u00fcz en ki\u015fisel ya\u015fam alan\u0131d\u0131r. Bu nedenle yatak odas\u0131nda kullan\u0131lan mobilyalar\u0131n\" \/>\n<meta property=\"og:url\" content=\"https:\/\/pierrecardinyatak.com.tr\/af\/yatak-odasinda-konforu-sagligi-ve-estetigi-bir-araya-getirin\/\" \/>\n<meta property=\"og:site_name\" content=\"Pierre Cardin Yatak\" \/>\n<meta property=\"article:publisher\" content=\"https:\/\/www.facebook.com\/pierrecardinyatak\" \/>\n<meta property=\"article:published_time\" content=\"2025-06-17T06:53:02+00:00\" \/>\n<meta property=\"article:modified_time\" content=\"2025-06-17T08:09:08+00:00\" \/>\n<meta property=\"og:image\" content=\"https:\/\/pierrecardinyatak.com.tr\/wp-content\/uploads\/2025\/05\/urun-latexia6.jpg\" \/>\n\t<meta property=\"og:image:width\" content=\"1834\" \/>\n\t<meta property=\"og:image:height\" content=\"996\" \/>\n\t<meta property=\"og:image:type\" content=\"image\/jpeg\" \/>\n<meta name=\"author\" content=\"admin\" \/>\n<meta name=\"twitter:card\" content=\"summary_large_image\" \/>\n<meta name=\"twitter:creator\" content=\"@pcardinbedding\" \/>\n<meta name=\"twitter:site\" content=\"@pcardinbedding\" \/>\n<meta name=\"twitter:label1\" content=\"Written by\" \/>\n\t<meta name=\"twitter:data1\" content=\"admin\" \/>\n\t<meta name=\"twitter:label2\" content=\"Est. reading time\" \/>\n\t<meta name=\"twitter:data2\" content=\"3 minute\" \/>\n<script type=\"application\/ld+json\" class=\"yoast-schema-graph\">{\"@context\":\"https:\\\/\\\/schema.org\",\"@graph\":[{\"@type\":\"Article\",\"@id\":\"https:\\\/\\\/pierrecardinyatak.com.tr\\\/yatak-odasinda-konforu-sagligi-ve-estetigi-bir-araya-getirin\\\/#article\",\"isPartOf\":{\"@id\":\"https:\\\/\\\/pierrecardinyatak.com.tr\\\/yatak-odasinda-konforu-sagligi-ve-estetigi-bir-araya-getirin\\\/\"},\"author\":{\"name\":\"admin\",\"@id\":\"https:\\\/\\\/pierrecardinyatak.com.tr\\\/#\\\/schema\\\/person\\\/1c182155c79ef557a479bd374b58f902\"},\"headline\":\"Yatak Odas\u0131nda Konforu, Sa\u011fl\u0131\u011f\u0131 ve Esteti\u011fi Bir Araya Getirin\",\"datePublished\":\"2025-06-17T06:53:02+00:00\",\"dateModified\":\"2025-06-17T08:09:08+00:00\",\"mainEntityOfPage\":{\"@id\":\"https:\\\/\\\/pierrecardinyatak.com.tr\\\/yatak-odasinda-konforu-sagligi-ve-estetigi-bir-araya-getirin\\\/\"},\"wordCount\":616,\"image\":{\"@id\":\"https:\\\/\\\/pierrecardinyatak.com.tr\\\/yatak-odasinda-konforu-sagligi-ve-estetigi-bir-araya-getirin\\\/#primaryimage\"},\"thumbnailUrl\":\"https:\\\/\\\/pierrecardinyatak.com.tr\\\/wp-content\\\/uploads\\\/2025\\\/05\\\/urun-latexia6.jpg\",\"articleSection\":[\"Blog\"],\"inLanguage\":\"af-ZA\"},{\"@type\":\"WebPage\",\"@id\":\"https:\\\/\\\/pierrecardinyatak.com.tr\\\/yatak-odasinda-konforu-sagligi-ve-estetigi-bir-araya-getirin\\\/\",\"url\":\"https:\\\/\\\/pierrecardinyatak.com.tr\\\/yatak-odasinda-konforu-sagligi-ve-estetigi-bir-araya-getirin\\\/\",\"name\":\"Yatak Odas\u0131nda Konforu, Sa\u011fl\u0131\u011f\u0131 ve Esteti\u011fi Bir Araya Getirin - Pierre Cardin Yatak\",\"isPartOf\":{\"@id\":\"https:\\\/\\\/pierrecardinyatak.com.tr\\\/#website\"},\"primaryImageOfPage\":{\"@id\":\"https:\\\/\\\/pierrecardinyatak.com.tr\\\/yatak-odasinda-konforu-sagligi-ve-estetigi-bir-araya-getirin\\\/#primaryimage\"},\"image\":{\"@id\":\"https:\\\/\\\/pierrecardinyatak.com.tr\\\/yatak-odasinda-konforu-sagligi-ve-estetigi-bir-araya-getirin\\\/#primaryimage\"},\"thumbnailUrl\":\"https:\\\/\\\/pierrecardinyatak.com.tr\\\/wp-content\\\/uploads\\\/2025\\\/05\\\/urun-latexia6.jpg\",\"datePublished\":\"2025-06-17T06:53:02+00:00\",\"dateModified\":\"2025-06-17T08:09:08+00:00\",\"author\":{\"@id\":\"https:\\\/\\\/pierrecardinyatak.com.tr\\\/#\\\/schema\\\/person\\\/1c182155c79ef557a479bd374b58f902\"},\"breadcrumb\":{\"@id\":\"https:\\\/\\\/pierrecardinyatak.com.tr\\\/yatak-odasinda-konforu-sagligi-ve-estetigi-bir-araya-getirin\\\/#breadcrumb\"},\"inLanguage\":\"af-ZA\",\"potentialAction\":[{\"@type\":\"ReadAction\",\"target\":[\"https:\\\/\\\/pierrecardinyatak.com.tr\\\/yatak-odasinda-konforu-sagligi-ve-estetigi-bir-araya-getirin\\\/\"]}]},{\"@type\":\"ImageObject\",\"inLanguage\":\"af-ZA\",\"@id\":\"https:\\\/\\\/pierrecardinyatak.com.tr\\\/yatak-odasinda-konforu-sagligi-ve-estetigi-bir-araya-getirin\\\/#primaryimage\",\"url\":\"https:\\\/\\\/pierrecardinyatak.com.tr\\\/wp-content\\\/uploads\\\/2025\\\/05\\\/urun-latexia6.jpg\",\"contentUrl\":\"https:\\\/\\\/pierrecardinyatak.com.tr\\\/wp-content\\\/uploads\\\/2025\\\/05\\\/urun-latexia6.jpg\",\"width\":1834,\"height\":996},{\"@type\":\"BreadcrumbList\",\"@id\":\"https:\\\/\\\/pierrecardinyatak.com.tr\\\/yatak-odasinda-konforu-sagligi-ve-estetigi-bir-araya-getirin\\\/#breadcrumb\",\"itemListElement\":[{\"@type\":\"ListItem\",\"position\":1,\"name\":\"Anasayfa\",\"item\":\"https:\\\/\\\/pierrecardinyatak.com.tr\\\/\"},{\"@type\":\"ListItem\",\"position\":2,\"name\":\"Yatak Odas\u0131nda Konforu, Sa\u011fl\u0131\u011f\u0131 ve Esteti\u011fi Bir Araya Getirin\"}]},{\"@type\":\"WebSite\",\"@id\":\"https:\\\/\\\/pierrecardinyatak.com.tr\\\/#website\",\"url\":\"https:\\\/\\\/pierrecardinyatak.com.tr\\\/\",\"name\":\"Pierre Cardin Yatak\",\"description\":\"-\",\"potentialAction\":[{\"@type\":\"SearchAction\",\"target\":{\"@type\":\"EntryPoint\",\"urlTemplate\":\"https:\\\/\\\/pierrecardinyatak.com.tr\\\/?s={search_term_string}\"},\"query-input\":{\"@type\":\"PropertyValueSpecification\",\"valueRequired\":true,\"valueName\":\"search_term_string\"}}],\"inLanguage\":\"af-ZA\"},{\"@type\":\"Person\",\"@id\":\"https:\\\/\\\/pierrecardinyatak.com.tr\\\/#\\\/schema\\\/person\\\/1c182155c79ef557a479bd374b58f902\",\"name\":\"admin\",\"image\":{\"@type\":\"ImageObject\",\"inLanguage\":\"af-ZA\",\"@id\":\"https:\\\/\\\/secure.gravatar.com\\\/avatar\\\/3a0c75d6a4a7b2213bf32cead72e590c8f6aa56e5c7c70ea801e74aa7a9372bc?s=96&d=mm&r=g\",\"url\":\"https:\\\/\\\/secure.gravatar.com\\\/avatar\\\/3a0c75d6a4a7b2213bf32cead72e590c8f6aa56e5c7c70ea801e74aa7a9372bc?s=96&d=mm&r=g\",\"contentUrl\":\"https:\\\/\\\/secure.gravatar.com\\\/avatar\\\/3a0c75d6a4a7b2213bf32cead72e590c8f6aa56e5c7c70ea801e74aa7a9372bc?s=96&d=mm&r=g\",\"caption\":\"admin\"},\"sameAs\":[\"https:\\\/\\\/pierrecardinbedding.com.tr\"],\"url\":\"https:\\\/\\\/pierrecardinyatak.com.tr\\\/af\\\/author\\\/admin\\\/\"}]}<\/script>\n<!-- \/ Yoast SEO plugin. -->","yoast_head_json":{"title":"Yatak Odas\u0131nda Konforu, Sa\u011fl\u0131\u011f\u0131 ve Esteti\u011fi Bir Araya Getirin - Pierre Cardin Yatak","robots":{"index":"index","follow":"follow","max-snippet":"max-snippet:-1","max-image-preview":"max-image-preview:large","max-video-preview":"max-video-preview:-1"},"canonical":"https:\/\/pierrecardinyatak.com.tr\/af\/yatak-odasinda-konforu-sagligi-ve-estetigi-bir-araya-getirin\/","og_locale":"en_US","og_type":"article","og_title":"Yatak Odas\u0131nda Konforu, Sa\u011fl\u0131\u011f\u0131 ve Esteti\u011fi Bir Araya Getirin - Pierre Cardin Yatak","og_description":"Yatak odas\u0131, g\u00fcn\u00fcn sonunda huzur buldu\u011fumuz, yenilendi\u011fimiz ve kendimize d\u00f6nd\u00fc\u011f\u00fcm\u00fcz en ki\u015fisel ya\u015fam alan\u0131d\u0131r. Bu nedenle yatak odas\u0131nda kullan\u0131lan mobilyalar\u0131n","og_url":"https:\/\/pierrecardinyatak.com.tr\/af\/yatak-odasinda-konforu-sagligi-ve-estetigi-bir-araya-getirin\/","og_site_name":"Pierre Cardin Yatak","article_publisher":"https:\/\/www.facebook.com\/pierrecardinyatak","article_published_time":"2025-06-17T06:53:02+00:00","article_modified_time":"2025-06-17T08:09:08+00:00","og_image":[{"width":1834,"height":996,"url":"https:\/\/pierrecardinyatak.com.tr\/wp-content\/uploads\/2025\/05\/urun-latexia6.jpg","type":"image\/jpeg"}],"author":"admin","twitter_card":"summary_large_image","twitter_creator":"@pcardinbedding","twitter_site":"@pcardinbedding","twitter_misc":{"Written by":"admin","Est. reading time":"3 minute"},"schema":{"@context":"https:\/\/schema.org","@graph":[{"@type":"Article","@id":"https:\/\/pierrecardinyatak.com.tr\/yatak-odasinda-konforu-sagligi-ve-estetigi-bir-araya-getirin\/#article","isPartOf":{"@id":"https:\/\/pierrecardinyatak.com.tr\/yatak-odasinda-konforu-sagligi-ve-estetigi-bir-araya-getirin\/"},"author":{"name":"admin","@id":"https:\/\/pierrecardinyatak.com.tr\/#\/schema\/person\/1c182155c79ef557a479bd374b58f902"},"headline":"Yatak Odas\u0131nda Konforu, Sa\u011fl\u0131\u011f\u0131 ve Esteti\u011fi Bir Araya Getirin","datePublished":"2025-06-17T06:53:02+00:00","dateModified":"2025-06-17T08:09:08+00:00","mainEntityOfPage":{"@id":"https:\/\/pierrecardinyatak.com.tr\/yatak-odasinda-konforu-sagligi-ve-estetigi-bir-araya-getirin\/"},"wordCount":616,"image":{"@id":"https:\/\/pierrecardinyatak.com.tr\/yatak-odasinda-konforu-sagligi-ve-estetigi-bir-araya-getirin\/#primaryimage"},"thumbnailUrl":"https:\/\/pierrecardinyatak.com.tr\/wp-content\/uploads\/2025\/05\/urun-latexia6.jpg","articleSection":["Blog"],"inLanguage":"af-ZA"},{"@type":"WebPage","@id":"https:\/\/pierrecardinyatak.com.tr\/yatak-odasinda-konforu-sagligi-ve-estetigi-bir-araya-getirin\/","url":"https:\/\/pierrecardinyatak.com.tr\/yatak-odasinda-konforu-sagligi-ve-estetigi-bir-araya-getirin\/","name":"Yatak Odas\u0131nda Konforu, Sa\u011fl\u0131\u011f\u0131 ve Esteti\u011fi Bir Araya Getirin - Pierre Cardin Yatak","isPartOf":{"@id":"https:\/\/pierrecardinyatak.com.tr\/#website"},"primaryImageOfPage":{"@id":"https:\/\/pierrecardinyatak.com.tr\/yatak-odasinda-konforu-sagligi-ve-estetigi-bir-araya-getirin\/#primaryimage"},"image":{"@id":"https:\/\/pierrecardinyatak.com.tr\/yatak-odasinda-konforu-sagligi-ve-estetigi-bir-araya-getirin\/#primaryimage"},"thumbnailUrl":"https:\/\/pierrecardinyatak.com.tr\/wp-content\/uploads\/2025\/05\/urun-latexia6.jpg","datePublished":"2025-06-17T06:53:02+00:00","dateModified":"2025-06-17T08:09:08+00:00","author":{"@id":"https:\/\/pierrecardinyatak.com.tr\/#\/schema\/person\/1c182155c79ef557a479bd374b58f902"},"breadcrumb":{"@id":"https:\/\/pierrecardinyatak.com.tr\/yatak-odasinda-konforu-sagligi-ve-estetigi-bir-araya-getirin\/#breadcrumb"},"inLanguage":"af-ZA","potentialAction":[{"@type":"ReadAction","target":["https:\/\/pierrecardinyatak.com.tr\/yatak-odasinda-konforu-sagligi-ve-estetigi-bir-araya-getirin\/"]}]},{"@type":"ImageObject","inLanguage":"af-ZA","@id":"https:\/\/pierrecardinyatak.com.tr\/yatak-odasinda-konforu-sagligi-ve-estetigi-bir-araya-getirin\/#primaryimage","url":"https:\/\/pierrecardinyatak.com.tr\/wp-content\/uploads\/2025\/05\/urun-latexia6.jpg","contentUrl":"https:\/\/pierrecardinyatak.com.tr\/wp-content\/uploads\/2025\/05\/urun-latexia6.jpg","width":1834,"height":996},{"@type":"BreadcrumbList","@id":"https:\/\/pierrecardinyatak.com.tr\/yatak-odasinda-konforu-sagligi-ve-estetigi-bir-araya-getirin\/#breadcrumb","itemListElement":[{"@type":"ListItem","position":1,"name":"Anasayfa","item":"https:\/\/pierrecardinyatak.com.tr\/"},{"@type":"ListItem","position":2,"name":"Yatak Odas\u0131nda Konforu, Sa\u011fl\u0131\u011f\u0131 ve Esteti\u011fi Bir Araya Getirin"}]},{"@type":"WebSite","@id":"https:\/\/pierrecardinyatak.com.tr\/#website","url":"https:\/\/pierrecardinyatak.com.tr\/","name":"Pierre Cardin Yatak","description":"-","potentialAction":[{"@type":"SearchAction","target":{"@type":"EntryPoint","urlTemplate":"https:\/\/pierrecardinyatak.com.tr\/?s={search_term_string}"},"query-input":{"@type":"PropertyValueSpecification","valueRequired":true,"valueName":"search_term_string"}}],"inLanguage":"af-ZA"},{"@type":"Person","@id":"https:\/\/pierrecardinyatak.com.tr\/#\/schema\/person\/1c182155c79ef557a479bd374b58f902","name":"admin","image":{"@type":"ImageObject","inLanguage":"af-ZA","@id":"https:\/\/secure.gravatar.com\/avatar\/3a0c75d6a4a7b2213bf32cead72e590c8f6aa56e5c7c70ea801e74aa7a9372bc?s=96&d=mm&r=g","url":"https:\/\/secure.gravatar.com\/avatar\/3a0c75d6a4a7b2213bf32cead72e590c8f6aa56e5c7c70ea801e74aa7a9372bc?s=96&d=mm&r=g","contentUrl":"https:\/\/secure.gravatar.com\/avatar\/3a0c75d6a4a7b2213bf32cead72e590c8f6aa56e5c7c70ea801e74aa7a9372bc?s=96&d=mm&r=g","caption":"admin"},"sameAs":["https:\/\/pierrecardinbedding.com.tr"],"url":"https:\/\/pierrecardinyatak.com.tr\/af\/author\/admin\/"}]}},"_links":{"self":[{"href":"https:\/\/pierrecardinyatak.com.tr\/af\/wp-json\/wp\/v2\/posts\/10989","targetHints":{"allow":["GET"]}}],"collection":[{"href":"https:\/\/pierrecardinyatak.com.tr\/af\/wp-json\/wp\/v2\/posts"}],"about":[{"href":"https:\/\/pierrecardinyatak.com.tr\/af\/wp-json\/wp\/v2\/types\/post"}],"author":[{"embeddable":true,"href":"https:\/\/pierrecardinyatak.com.tr\/af\/wp-json\/wp\/v2\/users\/1"}],"replies":[{"embeddable":true,"href":"https:\/\/pierrecardinyatak.com.tr\/af\/wp-json\/wp\/v2\/comments?post=10989"}],"version-history":[{"count":0,"href":"https:\/\/pierrecardinyatak.com.tr\/af\/wp-json\/wp\/v2\/posts\/10989\/revisions"}],"wp:featuredmedia":[{"embeddable":true,"href":"https:\/\/pierrecardinyatak.com.tr\/af\/wp-json\/wp\/v2\/media\/9690"}],"wp:attachment":[{"href":"https:\/\/pierrecardinyatak.com.tr\/af\/wp-json\/wp\/v2\/media?parent=10989"}],"wp:term":[{"taxonomy":"category","embeddable":true,"href":"https:\/\/pierrecardinyatak.com.tr\/af\/wp-json\/wp\/v2\/categories?post=10989"},{"taxonomy":"post_tag","embeddable":true,"href":"https:\/\/pierrecardinyatak.com.tr\/af\/wp-json\/wp\/v2\/tags?post=10989"}],"curies":[{"name":"wp","href":"https:\/\/api.w.org\/{rel}","templated":true}]}}